{"id":599,"date":"2012-02-22T10:32:22","date_gmt":"2012-02-22T09:32:22","guid":{"rendered":"http:\/\/blogs.noticiasdenavarra.com\/emision-imposible\/?p=599"},"modified":"2012-02-22T10:32:22","modified_gmt":"2012-02-22T09:32:22","slug":"la-venganza-de-torrente-en-los-goya","status":"publish","type":"post","link":"https:\/\/blogs.noticiasdenavarra.com\/emision-imposible\/2012\/02\/22\/la-venganza-de-torrente-en-los-goya\/","title":{"rendered":"La venganza de Torrente en los Goya"},"content":{"rendered":"<p><a href=\"http:\/\/blogs.noticiasdenavarra.com\/emision-imposible\/files\/2012\/02\/eva-h.jpg\"><img loading=\"lazy\" decoding=\"async\" class=\"alignleft size-full wp-image-600\" src=\"http:\/\/blogs.noticiasdenavarra.com\/emision-imposible\/files\/2012\/02\/eva-h.jpg\" alt=\"\" width=\"294\" height=\"171\" \/><\/a>Nunca la gala de los  Goya hab\u00eda contado con una promoci\u00f3n tan destacada. Claro, TVE cuenta  con tanto tiempo entre espacios que eso de que no pueda poner un anuncio  le da para dedicarlo a abrasarnos con las loas constantes de sus  propias producciones. Pero aunque queda ya un poco lejos, no me resisto a  hablar de la Gala de los Goya. Para empezar de su presentadora. <strong>Eva H<\/strong> estuvo tan bien que deber\u00eda hac\u00e9rselo mirar. Ni un fallo rese\u00f1able, ni  un tartamudeo, ni sentada entre las rodillas de <strong>Almod\u00f3var<\/strong> y <strong>Banderas<\/strong>. No  le tembl\u00f3 el pulso ni siquiera en su frase \u00abvamos a hacer caso a los  que nos mandan: <strong>Sarkozy<\/strong> y <strong>Merkel<\/strong>\u00ab. Buen momento al que le sigui\u00f3 las  cr\u00edticas al ladrillo institucional que meti\u00f3 el nuevo presidente  acompa\u00f1ado de las dos vicepresidentas de la Academia de Cine. Con todo,  el momento m\u00e1s espectacular fue la aparici\u00f3n de <strong>Santiago Segura<\/strong>. Este  hombre, adem\u00e1s de hacer el cine m\u00e1s taquillero y menos premiado de la  historia est\u00e1 cogiendo tablas en televisi\u00f3n. Se ha convertido en uno de  los grandes del Club de la Comedia. Su radiograf\u00eda sobre sus compa\u00f1eros  que le hab\u00edan apartado de todas las nominaciones fue clar\u00edsima. Sobre  todo cuando vaticin\u00f3 que el Goya se los llevar\u00eda Coronado en lugar de  Antonio Banderas y que la estrellas internacional (<strong>Salma Hayek<\/strong>) se ir\u00eda  de vaci\u00f3 con \u00abuna mana delante y la otra detr\u00e1s\u00bb. Vale que <strong>Eva H<\/strong> lo  bord\u00f3 hasta en el tema de la coreograf\u00eda con cuerpo de baile, pero hubo  algo que le imped\u00eda alcanzar el nivel de comunicaci\u00f3n y de comedia de  <strong>Buenafuente<\/strong> el a\u00f1o pasado. Ahora que, visto el nivel de <strong>Segura,<\/strong> que la  academia le proponga presentar a \u00e9l la gala del a\u00f1o que viene, ya que  qued\u00f3 claro que lo que m\u00e1s le gusta a Eva es ser chica <strong>Almod\u00f3var<\/strong>. Que  nos ahorren la nueva versi\u00f3n de <em>Torrente<\/em> y su estrella <strong>Kiko  Ribera<\/strong>.<\/p>\n","protected":false},"excerpt":{"rendered":"<p>Nunca la gala de los Goya hab\u00eda contado con una promoci\u00f3n tan destacada. Claro, TVE cuenta con tanto tiempo entre espacios que eso de que no pueda poner un anuncio le da para dedicarlo a abrasarnos con las loas constantes de sus propias producciones. Pero aunque queda ya un poco lejos, no me resisto a &hellip; <a href=\"https:\/\/blogs.noticiasdenavarra.com\/emision-imposible\/2012\/02\/22\/la-venganza-de-torrente-en-los-goya\/\" class=\"more-link\">Sigue leyendo <span class=\"screen-reader-text\">La venganza de Torrente en los Goya<\/span><\/a><\/p>\n","protected":false},"author":3,"featured_media":0,"comment_status":"open","ping_status":"open","sticky":false,"template":"","format":"standard","meta":{"footnotes":""},"categories":[1],"tags":[],"class_list":["post-599","post","type-post","status-publish","format-standard","hentry","category-general"],"_links":{"self":[{"href":"https:\/\/blogs.noticiasdenavarra.com\/emision-imposible\/wp-json\/wp\/v2\/posts\/599","targetHints":{"allow":["GET"]}}],"collection":[{"href":"https:\/\/blogs.noticiasdenavarra.com\/emision-imposible\/wp-json\/wp\/v2\/posts"}],"about":[{"href":"https:\/\/blogs.noticiasdenavarra.com\/emision-imposible\/wp-json\/wp\/v2\/types\/post"}],"author":[{"embeddable":true,"href":"https:\/\/blogs.noticiasdenavarra.com\/emision-imposible\/wp-json\/wp\/v2\/users\/3"}],"replies":[{"embeddable":true,"href":"https:\/\/blogs.noticiasdenavarra.com\/emision-imposible\/wp-json\/wp\/v2\/comments?post=599"}],"version-history":[{"count":3,"href":"https:\/\/blogs.noticiasdenavarra.com\/emision-imposible\/wp-json\/wp\/v2\/posts\/599\/revisions"}],"predecessor-version":[{"id":603,"href":"https:\/\/blogs.noticiasdenavarra.com\/emision-imposible\/wp-json\/wp\/v2\/posts\/599\/revisions\/603"}],"wp:attachment":[{"href":"https:\/\/blogs.noticiasdenavarra.com\/emision-imposible\/wp-json\/wp\/v2\/media?parent=599"}],"wp:term":[{"taxonomy":"category","embeddable":true,"href":"https:\/\/blogs.noticiasdenavarra.com\/emision-imposible\/wp-json\/wp\/v2\/categories?post=599"},{"taxonomy":"post_tag","embeddable":true,"href":"https:\/\/blogs.noticiasdenavarra.com\/emision-imposible\/wp-json\/wp\/v2\/tags?post=599"}],"curies":[{"name":"wp","href":"https:\/\/api.w.org\/{rel}","templated":true}]}}