{"id":589,"date":"2012-02-20T11:10:48","date_gmt":"2012-02-20T10:10:48","guid":{"rendered":"http:\/\/blogs.noticiasdenavarra.com\/emision-imposible\/?p=589"},"modified":"2012-02-21T10:17:11","modified_gmt":"2012-02-21T09:17:11","slug":"589","status":"publish","type":"post","link":"https:\/\/blogs.noticiasdenavarra.com\/emision-imposible\/2012\/02\/20\/589\/","title":{"rendered":"TVE y el libro de estilo de los toros"},"content":{"rendered":"<div>\n<p><a href=\"http:\/\/blogs.noticiasdenavarra.com\/emision-imposible\/files\/2012\/02\/i\u00f1aki-gabilondo.jpg\"><img loading=\"lazy\" decoding=\"async\" class=\"alignleft size-full wp-image-594\" src=\"http:\/\/blogs.noticiasdenavarra.com\/emision-imposible\/files\/2012\/02\/i\u00f1aki-gabilondo.jpg\" alt=\"\" width=\"90\" height=\"90\" \/><\/a>EL Libro de Estilo es la norma que tienen los medios de  comunicaci\u00f3n como referencia sobre la forma y el fondo de su trabajo. En  TVE lo cambian cada vez que entra la derecha. Del Libro de Estilo han  tachado que las corridas de toros sean maltrato animal y las repondr\u00e1n  en esa hora taurina que coincide tambi\u00e9n con la de la merienda de los  chavales. No nos vamos a rasgar aqu\u00ed las vestiduras, entre otras cosas  porque la tradici\u00f3n de matar toros por estas tierras se remonta tantos  siglos atr\u00e1s que su origen ser recoge de manera aproximada. Los toros en  TVE se prohibieron hace seis a\u00f1os, cuando la primera legislatura de  Zapatero iba ya adelante. Ahora no han esperado tanto, ni siquiera a que  fuera nombrado el director general del medio.<\/p>\n<p>Muy adelantada la legislatura de L\u00f3pez y Basagoiti se ha  estrenado la nueva serie documental Transici\u00f3n y Democracia en Euskadi.  En su presentaci\u00f3n el primer documental repas\u00f3 la d\u00e9cada de los 60 y el  nacimiento de ETA. Con estilo sobrio y serio un impecable I\u00f1aki  Gabilondo vuelve a casa y toma con este programa el <em>prime time<\/em> de los pr\u00f3ximos 13 jueves en ETB-2. Los que han venido para no marcharse  en mucho tiempo son los gui\u00f1oles de Canal+ Francia. Es tal el revuelo  medi\u00e1tico que han levantado que seguramente cambiar\u00e1n tambi\u00e9n su Libro  de Estilo para meterse con personajes espa\u00f1oles. Primero fueron los  deportistas y hasta recibieron las comentarios de Juan Carlos I metido a  cr\u00edtico televisivo. Ahora desde esa cadena dan  ca\u00f1a al ministro de  Wert ese nuevo personaje que ataca de xen\u00f3fobos a los gui\u00f1oles mientras  reconoce que tiene un problema con el dopaje y le sacan son\u00e1ndose la  nariz como si se hubiera metido una raya. Pronto van a conseguir que  muchos nos demos de alta en el Canal+ franc\u00e9s. Por lo menos su Libro de  Estilo no ha renunciado al humor.<a href=\"http:\/\/blogs.noticiasdenavarra.com\/emision-imposible\/files\/2012\/02\/juan-carlos-y-nadal.jpg\"><img loading=\"lazy\" decoding=\"async\" class=\"alignleft size-full wp-image-590\" src=\"http:\/\/blogs.noticiasdenavarra.com\/emision-imposible\/files\/2012\/02\/juan-carlos-y-nadal.jpg\" alt=\"\" width=\"320\" height=\"340\" srcset=\"https:\/\/blogs.noticiasdenavarra.com\/emision-imposible\/files\/2012\/02\/juan-carlos-y-nadal.jpg 320w, https:\/\/blogs.noticiasdenavarra.com\/emision-imposible\/files\/2012\/02\/juan-carlos-y-nadal-282x300.jpg 282w\" sizes=\"auto, (max-width: 320px) 100vw, 320px\" \/><\/a><\/p>\n<\/div>\n","protected":false},"excerpt":{"rendered":"<p>EL Libro de Estilo es la norma que tienen los medios de comunicaci\u00f3n como referencia sobre la forma y el fondo de su trabajo. En TVE lo cambian cada vez que entra la derecha. Del Libro de Estilo han tachado que las corridas de toros sean maltrato animal y las repondr\u00e1n en esa hora taurina &hellip; <a href=\"https:\/\/blogs.noticiasdenavarra.com\/emision-imposible\/2012\/02\/20\/589\/\" class=\"more-link\">Sigue leyendo <span class=\"screen-reader-text\">TVE y el libro de estilo de los toros<\/span><\/a><\/p>\n","protected":false},"author":3,"featured_media":0,"comment_status":"open","ping_status":"open","sticky":false,"template":"","format":"standard","meta":{"footnotes":""},"categories":[1],"tags":[],"class_list":["post-589","post","type-post","status-publish","format-standard","hentry","category-general"],"_links":{"self":[{"href":"https:\/\/blogs.noticiasdenavarra.com\/emision-imposible\/wp-json\/wp\/v2\/posts\/589","targetHints":{"allow":["GET"]}}],"collection":[{"href":"https:\/\/blogs.noticiasdenavarra.com\/emision-imposible\/wp-json\/wp\/v2\/posts"}],"about":[{"href":"https:\/\/blogs.noticiasdenavarra.com\/emision-imposible\/wp-json\/wp\/v2\/types\/post"}],"author":[{"embeddable":true,"href":"https:\/\/blogs.noticiasdenavarra.com\/emision-imposible\/wp-json\/wp\/v2\/users\/3"}],"replies":[{"embeddable":true,"href":"https:\/\/blogs.noticiasdenavarra.com\/emision-imposible\/wp-json\/wp\/v2\/comments?post=589"}],"version-history":[{"count":7,"href":"https:\/\/blogs.noticiasdenavarra.com\/emision-imposible\/wp-json\/wp\/v2\/posts\/589\/revisions"}],"predecessor-version":[{"id":598,"href":"https:\/\/blogs.noticiasdenavarra.com\/emision-imposible\/wp-json\/wp\/v2\/posts\/589\/revisions\/598"}],"wp:attachment":[{"href":"https:\/\/blogs.noticiasdenavarra.com\/emision-imposible\/wp-json\/wp\/v2\/media?parent=589"}],"wp:term":[{"taxonomy":"category","embeddable":true,"href":"https:\/\/blogs.noticiasdenavarra.com\/emision-imposible\/wp-json\/wp\/v2\/categories?post=589"},{"taxonomy":"post_tag","embeddable":true,"href":"https:\/\/blogs.noticiasdenavarra.com\/emision-imposible\/wp-json\/wp\/v2\/tags?post=589"}],"curies":[{"name":"wp","href":"https:\/\/api.w.org\/{rel}","templated":true}]}}