{"id":566,"date":"2012-02-09T18:11:18","date_gmt":"2012-02-09T17:11:18","guid":{"rendered":"http:\/\/blogs.noticiasdenavarra.com\/emision-imposible\/?p=566"},"modified":"2012-02-10T17:33:56","modified_gmt":"2012-02-10T16:33:56","slug":"sabes-el-chiste-del-juez-que-dice","status":"publish","type":"post","link":"https:\/\/blogs.noticiasdenavarra.com\/emision-imposible\/2012\/02\/09\/sabes-el-chiste-del-juez-que-dice\/","title":{"rendered":"Sabes el chiste del juez que dice"},"content":{"rendered":"<div id='gallery-1' class='gallery galleryid-566 gallery-columns-3 gallery-size-thumbnail'><figure class='gallery-item'>\n\t\t\t<div class='gallery-icon landscape'>\n\t\t\t\t<a href='https:\/\/blogs.noticiasdenavarra.com\/emision-imposible\/files\/2012\/02\/Garz\u00f3n.jpg'><img loading=\"lazy\" decoding=\"async\" width=\"150\" height=\"150\" src=\"https:\/\/blogs.noticiasdenavarra.com\/emision-imposible\/files\/2012\/02\/Garz\u00f3n-150x150.jpg\" class=\"attachment-thumbnail size-thumbnail\" alt=\"\" \/><\/a>\n\t\t\t<\/div><\/figure><figure class='gallery-item'>\n\t\t\t<div class='gallery-icon landscape'>\n\t\t\t\t<a href='https:\/\/blogs.noticiasdenavarra.com\/emision-imposible\/files\/2012\/02\/garzon.jpg'><img loading=\"lazy\" decoding=\"async\" width=\"150\" height=\"150\" src=\"https:\/\/blogs.noticiasdenavarra.com\/emision-imposible\/files\/2012\/02\/garzon-150x150.jpg\" class=\"attachment-thumbnail size-thumbnail\" alt=\"\" srcset=\"https:\/\/blogs.noticiasdenavarra.com\/emision-imposible\/files\/2012\/02\/garzon-150x150.jpg 150w, https:\/\/blogs.noticiasdenavarra.com\/emision-imposible\/files\/2012\/02\/garzon-300x300.jpg 300w, https:\/\/blogs.noticiasdenavarra.com\/emision-imposible\/files\/2012\/02\/garzon.jpg 350w\" sizes=\"auto, (max-width: 150px) 100vw, 150px\" \/><\/a>\n\t\t\t<\/div><\/figure>\n\t\t<\/div>\n\n<p>Coincide en el tiempo la contrataci\u00f3n de  los derechos de la F-1 de Antena 3 y la noticia de la incorporaci\u00f3n de  Buenafuente a la misma cadena. De la primera noticia falta saber si  Lobato cambiar\u00e1 de nuevo de casa o lo sustituir\u00e1n por otro. Algo poco  probable teniendo en cuenta que el periodista es toda una marca  reconocible y muy vinculada a este deporte, o lo que quiera que sea la  F\u00f3rmula 1. Pero la coincidencia de ambas incorporaciones trae recuerdos  del mal rollo de Buenafuente con Fernando Alonso. En su momento concedi\u00f3  una entrevista a Pablo Motos dej\u00e1ndole colgado y conform\u00e1ndose con la  presencia de Pedro Mart\u00ednez de la Rosa en <em>BNF<\/em>. El destino los  vuelve a unir en la misma cadena y Buenafuente necesitar\u00e1 algo m\u00e1s que  sentido del humor para sobrellevar esa circunstancia. Y hablando de  humor: el de los gui\u00f1oles de Canal + francesa. Aqu\u00ed se hacen cruces  porque se meten con Contador y Nadal. Personajes p\u00fablicos de primer  orden. El humor no lo disculpa todo pero no conozco humorista televisivo  que no se meta con Melendi vincul\u00e1ndolo con el alcohol o que no saque a  relucir a Urdangarin como carterista. Hay medios que quieren hacer  patria defendiendo la indefendible situaci\u00f3n del ciclista que un mal d\u00eda  se comi\u00f3 un chulet\u00f3n o lo que sea. Y ya que estamos de guiones del <em>Club de la Comedia,<\/em> que alguien lea la frase del juez Baltasar Garz\u00f3n asegurando que el  \u00fanico tribunal es la conciencia y que la suya est\u00e1 muy tranquila.  Viniendo esto de alguien que se ha ganado la vida tocado de toga y  armado de martillo de madera suena m\u00e1s a chiste que a defensa. Humor y  justicia vaya mezcla. El sobreseimiento de la causa de los bolsos de  marca regalados a Rita Barber\u00e1, si ese chiste no hace gracia es porque  ya lo hab\u00edamos o\u00eddo muchas veces. Seguro que ella se esta partiendo de  la risa.http:\/\/www.youtube.com\/watch?v=dP1CIzCa5p4<a href=\"http:\/\/blogs.noticiasdenavarra.com\/emision-imposible\/files\/2012\/02\/Garz\u00f3n.jpg\"><img loading=\"lazy\" decoding=\"async\" class=\"alignleft size-full wp-image-567\" src=\"http:\/\/blogs.noticiasdenavarra.com\/emision-imposible\/files\/2012\/02\/Garz\u00f3n.jpg\" alt=\"\" width=\"622\" height=\"342\" srcset=\"https:\/\/blogs.noticiasdenavarra.com\/emision-imposible\/files\/2012\/02\/Garz\u00f3n.jpg 622w, https:\/\/blogs.noticiasdenavarra.com\/emision-imposible\/files\/2012\/02\/Garz\u00f3n-300x164.jpg 300w\" sizes=\"auto, (max-width: 622px) 100vw, 622px\" \/><\/a><\/p>\n","protected":false},"excerpt":{"rendered":"<p>Coincide en el tiempo la contrataci\u00f3n de los derechos de la F-1 de Antena 3 y la noticia de la incorporaci\u00f3n de Buenafuente a la misma cadena. De la primera noticia falta saber si Lobato cambiar\u00e1 de nuevo de casa o lo sustituir\u00e1n por otro. Algo poco probable teniendo en cuenta que el periodista es &hellip; <a href=\"https:\/\/blogs.noticiasdenavarra.com\/emision-imposible\/2012\/02\/09\/sabes-el-chiste-del-juez-que-dice\/\" class=\"more-link\">Sigue leyendo <span class=\"screen-reader-text\">Sabes el chiste del juez que dice<\/span><\/a><\/p>\n","protected":false},"author":3,"featured_media":0,"comment_status":"open","ping_status":"open","sticky":false,"template":"","format":"standard","meta":{"footnotes":""},"categories":[1],"tags":[],"class_list":["post-566","post","type-post","status-publish","format-standard","hentry","category-general"],"_links":{"self":[{"href":"https:\/\/blogs.noticiasdenavarra.com\/emision-imposible\/wp-json\/wp\/v2\/posts\/566","targetHints":{"allow":["GET"]}}],"collection":[{"href":"https:\/\/blogs.noticiasdenavarra.com\/emision-imposible\/wp-json\/wp\/v2\/posts"}],"about":[{"href":"https:\/\/blogs.noticiasdenavarra.com\/emision-imposible\/wp-json\/wp\/v2\/types\/post"}],"author":[{"embeddable":true,"href":"https:\/\/blogs.noticiasdenavarra.com\/emision-imposible\/wp-json\/wp\/v2\/users\/3"}],"replies":[{"embeddable":true,"href":"https:\/\/blogs.noticiasdenavarra.com\/emision-imposible\/wp-json\/wp\/v2\/comments?post=566"}],"version-history":[{"count":3,"href":"https:\/\/blogs.noticiasdenavarra.com\/emision-imposible\/wp-json\/wp\/v2\/posts\/566\/revisions"}],"predecessor-version":[{"id":569,"href":"https:\/\/blogs.noticiasdenavarra.com\/emision-imposible\/wp-json\/wp\/v2\/posts\/566\/revisions\/569"}],"wp:attachment":[{"href":"https:\/\/blogs.noticiasdenavarra.com\/emision-imposible\/wp-json\/wp\/v2\/media?parent=566"}],"wp:term":[{"taxonomy":"category","embeddable":true,"href":"https:\/\/blogs.noticiasdenavarra.com\/emision-imposible\/wp-json\/wp\/v2\/categories?post=566"},{"taxonomy":"post_tag","embeddable":true,"href":"https:\/\/blogs.noticiasdenavarra.com\/emision-imposible\/wp-json\/wp\/v2\/tags?post=566"}],"curies":[{"name":"wp","href":"https:\/\/api.w.org\/{rel}","templated":true}]}}