{"id":390,"date":"2009-02-24T12:24:14","date_gmt":"2009-02-24T12:24:14","guid":{"rendered":""},"modified":"-0001-11-30T00:00:00","modified_gmt":"-0001-11-29T23:00:00","slug":"porque-yo-lo-valgo","status":"publish","type":"post","link":"https:\/\/blogs.noticiasdenavarra.com\/emision-imposible\/2009\/02\/24\/porque-yo-lo-valgo\/","title":{"rendered":"Porque yo lo valgo"},"content":{"rendered":"<p><img class=\"alignleft\" src=http:\/\/www.noticiasdenavarra.com\/ediciones\/2009\/02\/24\/penelope2.jpg \/>Cada a\u00f1o percibo m\u00e1s fuerte la decadencia en la ceremonia de los Oscar. No tengo muy claro si el baj\u00f3n se debe a la crisis del s\u00e9ptimo arte o a la m\u00eda propia. El caso es que cada edici\u00f3n resisto menos la ceremonia y \u00faltimamente les dejo en las eternas alfombras. El cine ha perdido la pasi\u00f3n que provocaba apenas hace una d\u00e9cada y la que tiene es gracias a los incondicionales. Esos cin\u00e9filos cuya afici\u00f3n en muchos casos no se merece el cine actual. Ayer cuando vi en diferido a Pen\u00e9lope Cruz subiendo apenas cuatro escaleras para recoger el Oscar, sent\u00ed que ese breve trayecto era la mejor de las met\u00e1foras. Todo est\u00e1 preparado y hasta la posibilidad de que alguien se retuerza el tobillo mientras sube al estrado se reduce al m\u00e1ximo. As\u00ed que quienes vieron la perfecta ubicaci\u00f3n de Pe se imaginaron que iba a ganar. Pero una vez que la actriz estuvo arriba tuve la impresi\u00f3n de que iba a soltar \u00abeste Oscar es m\u00edo porque yo lo valgo\u00bb. <strong>Lo cierto es que la mayor parte de los espectadores la conocemos m\u00e1s por las noticias del coraz\u00f3n y por esos inconmensurables anuncios L&#8217;oreal <\/strong> en los que invita a las chicas a que se gasten una pasta en mascarillas. Los que no valemos tanto nos conformamos con ver sufrir al personal desde el sof\u00e1 en <I>El conquistador del fin del mundo<\/I>  o <I>Pelotas<\/I>  toda una grata sorpresa. Por fin llega el lenguaje documental a un horario donde hasta ayer ten\u00edamos el liderazgo de Mac Taylor haciendo autopsias. Si un bistur\u00ed hurgando en las v\u00edsceras putrefactas puede conseguir atrapar la atenci\u00f3n de la audiencia y ser l\u00edder, por qu\u00e9 no va a hacerlo esta propuesta de gente que vale m\u00e1s que el pelo, el Oscar de Pen\u00e9lope y todas los incisiones que, ante las preguntas de Gloria Lomana, Rodr\u00edguez Zapatero fue capaz de trazar sobre el cad\u00e1ver en avanzado estado de putrefacci\u00f3n de la crisis. Por cierto, esta entrevista \u00bfno la hab\u00edan puesto ya hace poco?<\/p>\n","protected":false},"excerpt":{"rendered":"<p>Cada a\u00f1o percibo m\u00e1s fuerte la decadencia en la ceremonia de los Oscar. No tengo muy claro si el baj\u00f3n se debe a la crisis del s\u00e9ptimo arte o a la m\u00eda propia. El caso es que cada edici\u00f3n resisto menos la ceremonia y \u00faltimamente les dejo en las eternas alfombras. El cine ha perdido &hellip; <a href=\"https:\/\/blogs.noticiasdenavarra.com\/emision-imposible\/2009\/02\/24\/porque-yo-lo-valgo\/\" class=\"more-link\">Sigue leyendo <span class=\"screen-reader-text\">Porque yo lo valgo<\/span><\/a><\/p>\n","protected":false},"author":3,"featured_media":0,"comment_status":"open","ping_status":"open","sticky":false,"template":"","format":"standard","meta":{"footnotes":""},"categories":[],"tags":[],"class_list":["post-390","post","type-post","status-publish","format-standard","hentry"],"_links":{"self":[{"href":"https:\/\/blogs.noticiasdenavarra.com\/emision-imposible\/wp-json\/wp\/v2\/posts\/390","targetHints":{"allow":["GET"]}}],"collection":[{"href":"https:\/\/blogs.noticiasdenavarra.com\/emision-imposible\/wp-json\/wp\/v2\/posts"}],"about":[{"href":"https:\/\/blogs.noticiasdenavarra.com\/emision-imposible\/wp-json\/wp\/v2\/types\/post"}],"author":[{"embeddable":true,"href":"https:\/\/blogs.noticiasdenavarra.com\/emision-imposible\/wp-json\/wp\/v2\/users\/3"}],"replies":[{"embeddable":true,"href":"https:\/\/blogs.noticiasdenavarra.com\/emision-imposible\/wp-json\/wp\/v2\/comments?post=390"}],"version-history":[{"count":0,"href":"https:\/\/blogs.noticiasdenavarra.com\/emision-imposible\/wp-json\/wp\/v2\/posts\/390\/revisions"}],"wp:attachment":[{"href":"https:\/\/blogs.noticiasdenavarra.com\/emision-imposible\/wp-json\/wp\/v2\/media?parent=390"}],"wp:term":[{"taxonomy":"category","embeddable":true,"href":"https:\/\/blogs.noticiasdenavarra.com\/emision-imposible\/wp-json\/wp\/v2\/categories?post=390"},{"taxonomy":"post_tag","embeddable":true,"href":"https:\/\/blogs.noticiasdenavarra.com\/emision-imposible\/wp-json\/wp\/v2\/tags?post=390"}],"curies":[{"name":"wp","href":"https:\/\/api.w.org\/{rel}","templated":true}]}}