{"id":389,"date":"2009-02-22T13:40:06","date_gmt":"2009-02-22T13:40:06","guid":{"rendered":""},"modified":"-0001-11-30T00:00:00","modified_gmt":"-0001-11-29T23:00:00","slug":"el-diluvio-universal","status":"publish","type":"post","link":"https:\/\/blogs.noticiasdenavarra.com\/emision-imposible\/2009\/02\/22\/el-diluvio-universal\/","title":{"rendered":"El diluvio universal"},"content":{"rendered":"<p><img class=\"alignleft\" src=http:\/\/www.noticiasdenavarra.com\/ediciones\/2009\/02\/22\/raphael.jpg \/>Lo del apag\u00f3n digital da un poco de miedo. Suena recio y apocal\u00edptico como el fin del mundo, la conquista del Oeste, la guerra fr\u00eda, o, qu\u00e9 se yo: \u00bftengo una pregunta para usted? Esto de cambiar las se\u00f1ales de golpe y ponerles, por huevos, una TDT en la vida a los ciudadanos, es un plan ambicioso, a la altura de aquellos que propon\u00edan: <I>meta un libro en su vida, plante un \u00e1rbol<\/I>  o <I>qu\u00e9 menos que comerse un pl\u00e1tano al d\u00eda<\/I> . El caso es que para el 30 de junio de este a\u00f1o todo el mundo tiene que conectarse al tema digital si no quiere quedarse sin televisi\u00f3n. \u00abTotal para lo que hay que ver\u00bb suele decir mi suegra mientras ojea a ultima hora del d\u00eda el peri\u00f3dico; como buscando alguna ganga entre las p\u00e1ginas, \u00ablo mismo est\u00e1bamos mejor sin tele\u00bb. Estoy contigo Alicia. Porque hay decisiones que aburren. Sin ir m\u00e1s lejos la de llamar a Raphael para el estreno all\u00e1 por marzo en TVE 1 de <I>Los Mejores A\u00f1os<\/I> . <strong>No me digan que esta repetici\u00f3n no se merece m\u00e1s que un apag\u00f3n, el mism\u00edsimo diluvio universal <\/strong>y anal\u00f3gico. Ya les vale. Esta cadena es pura pescadilla mordi\u00e9ndose la cola. Programo <I>El tamborilero<\/I>  y luego hago un recopilatorio con las mil y una veces con las que este hombre nos ameniz\u00f3 la Navidad con su inigualable forma de pronunciar el <I>poropopo po pon<\/I> . Digo yo que, de lo que se trata, es de ver en la tele algo nuevo cada d\u00eda y no una eterna repetici\u00f3n. Esto de repetir siempre lo mismo, \u00bfno es una muestra fragante de pereza? Hay que innovar como pol\u00edticos que, aburridos de patearse la calle y hablar con los ciudadanos uno por uno, deciden reunirlos al azar, montarlos en un autob\u00fas y llevarlos a un hotel para darles la chapa electoral. El secuestro <I>express<\/I>  de los jubilados con fines pol\u00edticos es la idea m\u00e1s revolucionaria que he o\u00eddo en todo lo que llevamos de siglo, porque la del anterior est\u00e1 claro que fue Raphael con su tambor. <I>Poro po, pon, pon, pon&#8230;<\/I><\/p>\n","protected":false},"excerpt":{"rendered":"<p>Lo del apag\u00f3n digital da un poco de miedo. Suena recio y apocal\u00edptico como el fin del mundo, la conquista del Oeste, la guerra fr\u00eda, o, qu\u00e9 se yo: \u00bftengo una pregunta para usted? Esto de cambiar las se\u00f1ales de golpe y ponerles, por huevos, una TDT en la vida a los ciudadanos, es un &hellip; <a href=\"https:\/\/blogs.noticiasdenavarra.com\/emision-imposible\/2009\/02\/22\/el-diluvio-universal\/\" class=\"more-link\">Sigue leyendo <span class=\"screen-reader-text\">El diluvio universal<\/span><\/a><\/p>\n","protected":false},"author":3,"featured_media":0,"comment_status":"open","ping_status":"open","sticky":false,"template":"","format":"standard","meta":{"footnotes":""},"categories":[],"tags":[],"class_list":["post-389","post","type-post","status-publish","format-standard","hentry"],"_links":{"self":[{"href":"https:\/\/blogs.noticiasdenavarra.com\/emision-imposible\/wp-json\/wp\/v2\/posts\/389","targetHints":{"allow":["GET"]}}],"collection":[{"href":"https:\/\/blogs.noticiasdenavarra.com\/emision-imposible\/wp-json\/wp\/v2\/posts"}],"about":[{"href":"https:\/\/blogs.noticiasdenavarra.com\/emision-imposible\/wp-json\/wp\/v2\/types\/post"}],"author":[{"embeddable":true,"href":"https:\/\/blogs.noticiasdenavarra.com\/emision-imposible\/wp-json\/wp\/v2\/users\/3"}],"replies":[{"embeddable":true,"href":"https:\/\/blogs.noticiasdenavarra.com\/emision-imposible\/wp-json\/wp\/v2\/comments?post=389"}],"version-history":[{"count":0,"href":"https:\/\/blogs.noticiasdenavarra.com\/emision-imposible\/wp-json\/wp\/v2\/posts\/389\/revisions"}],"wp:attachment":[{"href":"https:\/\/blogs.noticiasdenavarra.com\/emision-imposible\/wp-json\/wp\/v2\/media?parent=389"}],"wp:term":[{"taxonomy":"category","embeddable":true,"href":"https:\/\/blogs.noticiasdenavarra.com\/emision-imposible\/wp-json\/wp\/v2\/categories?post=389"},{"taxonomy":"post_tag","embeddable":true,"href":"https:\/\/blogs.noticiasdenavarra.com\/emision-imposible\/wp-json\/wp\/v2\/tags?post=389"}],"curies":[{"name":"wp","href":"https:\/\/api.w.org\/{rel}","templated":true}]}}