{"id":386,"date":"2009-02-15T14:36:48","date_gmt":"2009-02-15T14:36:48","guid":{"rendered":""},"modified":"-0001-11-30T00:00:00","modified_gmt":"-0001-11-29T23:00:00","slug":"hasta-la-repblica","status":"publish","type":"post","link":"https:\/\/blogs.noticiasdenavarra.com\/emision-imposible\/2009\/02\/15\/hasta-la-repblica\/","title":{"rendered":"Hasta la rep\u00fablica"},"content":{"rendered":"<p><img class=\"alignright\" src=http:\/\/www.nodo50.org\/foroporlamemoria\/documentos\/2005\/img\/23f_22042005.jpg \/> MENUDA coincidencia la vivida esta semana con el 23-F. Resulta que se solapan las recreaciones que TVE y Antena 3 han preparado sobre el tema, aunque los vencedores han sido claramente los primeros. No s\u00e9 c\u00f3mo los de la cadena privada se han atrevido a competir en este terreno con TVE, porque \u00e9sta es una verdadera especialista. Dir\u00eda m\u00e1s: el verdadero objetivo de la televisi\u00f3n publica espa\u00f1ola es el de reinventar la historia contempor\u00e1nea a fuerza de manipular las im\u00e1genes. <strong>Todo el mundo sabe que el fondo documental de TVE es impresionante, pero resulta que una gran parte de \u00e9l permanece in\u00e9dito<\/strong>. Eso s\u00ed, las im\u00e1genes ya conocidas forman parte de la memoria colectiva. Est\u00e1n marcadas a fuego a fuerza de repetirlas, repetirlas y repetirlas. Con estas dos series poco se ha avanzado en desentra\u00f1ar los entresijos de aquellos d\u00edas convulsos. De alguna manera, parecen hechos para perpetuar los t\u00f3picos b\u00e1sicos de buen rollo de la transici\u00f3n, qu\u00e9 bueno que Juan Carlos estuvo all\u00ed y poco m\u00e1s. Est\u00e1 claro que habr\u00e1 que esperar a la III Rep\u00fablica para que alguien se atreva a sacar a relucir todo ese fondo documental que, de momento, dicen cuidar. Esperemos que tanto celo por mantener sus tesis hist\u00f3ricas no lleve a nadie a darle el pase\u00edllo y hacerlo desaparecer o enterrarlo en alguna cuneta sin derecho alguno a la memoria hist\u00f3rica.<\/p>\n<p>Porque para desaparecer siempre hay tiempo y, si no, que se lo digan a Camera caf\u00e9. Tantos a\u00f1os de \u00e9xito en su horario y, de buenas a primeras, lo pasan a la sobremesa y se hunde. Ya les avisamos antes de que lo pasaran que, a esas horas de la siesta y duermevela, nadie puede con Amar en tiempos revueltos. Pero no hacen caso y poco a poco se est\u00e1n cargando de razones para desempolvar Aqu\u00ed hay tomate. Al tiempo.<\/p>\n","protected":false},"excerpt":{"rendered":"<p>MENUDA coincidencia la vivida esta semana con el 23-F. Resulta que se solapan las recreaciones que TVE y Antena 3 han preparado sobre el tema, aunque los vencedores han sido claramente los primeros. No s\u00e9 c\u00f3mo los de la cadena privada se han atrevido a competir en este terreno con TVE, porque \u00e9sta es una &hellip; <a href=\"https:\/\/blogs.noticiasdenavarra.com\/emision-imposible\/2009\/02\/15\/hasta-la-repblica\/\" class=\"more-link\">Sigue leyendo <span class=\"screen-reader-text\">Hasta la rep\u00fablica<\/span><\/a><\/p>\n","protected":false},"author":3,"featured_media":0,"comment_status":"open","ping_status":"open","sticky":false,"template":"","format":"standard","meta":{"footnotes":""},"categories":[],"tags":[],"class_list":["post-386","post","type-post","status-publish","format-standard","hentry"],"_links":{"self":[{"href":"https:\/\/blogs.noticiasdenavarra.com\/emision-imposible\/wp-json\/wp\/v2\/posts\/386","targetHints":{"allow":["GET"]}}],"collection":[{"href":"https:\/\/blogs.noticiasdenavarra.com\/emision-imposible\/wp-json\/wp\/v2\/posts"}],"about":[{"href":"https:\/\/blogs.noticiasdenavarra.com\/emision-imposible\/wp-json\/wp\/v2\/types\/post"}],"author":[{"embeddable":true,"href":"https:\/\/blogs.noticiasdenavarra.com\/emision-imposible\/wp-json\/wp\/v2\/users\/3"}],"replies":[{"embeddable":true,"href":"https:\/\/blogs.noticiasdenavarra.com\/emision-imposible\/wp-json\/wp\/v2\/comments?post=386"}],"version-history":[{"count":0,"href":"https:\/\/blogs.noticiasdenavarra.com\/emision-imposible\/wp-json\/wp\/v2\/posts\/386\/revisions"}],"wp:attachment":[{"href":"https:\/\/blogs.noticiasdenavarra.com\/emision-imposible\/wp-json\/wp\/v2\/media?parent=386"}],"wp:term":[{"taxonomy":"category","embeddable":true,"href":"https:\/\/blogs.noticiasdenavarra.com\/emision-imposible\/wp-json\/wp\/v2\/categories?post=386"},{"taxonomy":"post_tag","embeddable":true,"href":"https:\/\/blogs.noticiasdenavarra.com\/emision-imposible\/wp-json\/wp\/v2\/tags?post=386"}],"curies":[{"name":"wp","href":"https:\/\/api.w.org\/{rel}","templated":true}]}}