{"id":384,"date":"2009-02-10T15:18:05","date_gmt":"2009-02-10T15:18:05","guid":{"rendered":""},"modified":"-0001-11-30T00:00:00","modified_gmt":"-0001-11-29T23:00:00","slug":"la-gente-cambia","status":"publish","type":"post","link":"https:\/\/blogs.noticiasdenavarra.com\/emision-imposible\/2009\/02\/10\/la-gente-cambia\/","title":{"rendered":"La gente cambia"},"content":{"rendered":"<p><img class=\"alignright\" src=http:\/\/www.elsemanaldigital.com\/imagenes\/fotosdeldia\/cyril.jpg \/>Resulta que comienza otro concurso de viajes en Antena 3 y seleccionan a Cyril Jaquet, un tipo que en la noche del 31 de julio al 1 de agosto de 1994, siendo un adolescente, mat\u00f3 a sus padres. Pueden decir misa, pero que no conoc\u00edan los antecedentes de la criatura no se lo cree nadie, aunque sea verdad de la buena. Sobre todo porque si hubiera sido as\u00ed no le hubieran brindado la morbosa oportunidad de sacarlo en escena. Demasiada tentaci\u00f3n a usarlo de se\u00f1uelo del reality de viajes titulado La vuelta al mundo en directo , explotarlo en un par de programas y tirarlo, como si tal cosa, a la basura, como se hace con los pa\u00f1uelos usados y como algunas cadenas hacen tambi\u00e9n con los programas que no cumplen con las expectativas. De cualquier forma, ya tenemos un nuevo personaje televisivo. \u00bfQui\u00e9n da m\u00e1s? Esta criatura mat\u00f3 a sus padres a balazos y ahora se presenta como si tal cosa a un concurso televisivo con la esperanza de que nadie lo reconozca ni le lance un mal reproche. Desde luego, como promoci\u00f3n del programa han dado en el blanco, pero puestos a conseguir morbo, lo suyo hubiera sido haberlo dejado concursar para ver si les hac\u00eda alguna sangr\u00eda en sus directos. Claro que para sangr\u00eda la que hace el presentador \u00d3scar Mart\u00ednez. Menudo plasta. Mucho me temo que la vuelta al mundo la van a tener que hacer en un par de semanas. Aunque si han sido capaces de elegir, sin saberlo, a este adolescente arrepentido, no quiero ni imaginarme qu\u00e9 tipo de personalidades se les habr\u00e1n colado. \u00bfTendr\u00e1n alguna versi\u00f3n arrepentida de Jack el destripador para cuando vayan a Londres? \u00bfAlg\u00fan an\u00f3nimo can\u00edbal tipo Hannibal Lecter que fagocite a su pareja en directo? M\u00e1s que al mundo, lo que han conseguido es darle otra vuelta de tuerca al morbo.<\/p>\n","protected":false},"excerpt":{"rendered":"<p>Resulta que comienza otro concurso de viajes en Antena 3 y seleccionan a Cyril Jaquet, un tipo que en la noche del 31 de julio al 1 de agosto de 1994, siendo un adolescente, mat\u00f3 a sus padres. Pueden decir misa, pero que no conoc\u00edan los antecedentes de la criatura no se lo cree nadie, &hellip; <a href=\"https:\/\/blogs.noticiasdenavarra.com\/emision-imposible\/2009\/02\/10\/la-gente-cambia\/\" class=\"more-link\">Sigue leyendo <span class=\"screen-reader-text\">La gente cambia<\/span><\/a><\/p>\n","protected":false},"author":3,"featured_media":0,"comment_status":"open","ping_status":"open","sticky":false,"template":"","format":"standard","meta":{"footnotes":""},"categories":[],"tags":[],"class_list":["post-384","post","type-post","status-publish","format-standard","hentry"],"_links":{"self":[{"href":"https:\/\/blogs.noticiasdenavarra.com\/emision-imposible\/wp-json\/wp\/v2\/posts\/384","targetHints":{"allow":["GET"]}}],"collection":[{"href":"https:\/\/blogs.noticiasdenavarra.com\/emision-imposible\/wp-json\/wp\/v2\/posts"}],"about":[{"href":"https:\/\/blogs.noticiasdenavarra.com\/emision-imposible\/wp-json\/wp\/v2\/types\/post"}],"author":[{"embeddable":true,"href":"https:\/\/blogs.noticiasdenavarra.com\/emision-imposible\/wp-json\/wp\/v2\/users\/3"}],"replies":[{"embeddable":true,"href":"https:\/\/blogs.noticiasdenavarra.com\/emision-imposible\/wp-json\/wp\/v2\/comments?post=384"}],"version-history":[{"count":0,"href":"https:\/\/blogs.noticiasdenavarra.com\/emision-imposible\/wp-json\/wp\/v2\/posts\/384\/revisions"}],"wp:attachment":[{"href":"https:\/\/blogs.noticiasdenavarra.com\/emision-imposible\/wp-json\/wp\/v2\/media?parent=384"}],"wp:term":[{"taxonomy":"category","embeddable":true,"href":"https:\/\/blogs.noticiasdenavarra.com\/emision-imposible\/wp-json\/wp\/v2\/categories?post=384"},{"taxonomy":"post_tag","embeddable":true,"href":"https:\/\/blogs.noticiasdenavarra.com\/emision-imposible\/wp-json\/wp\/v2\/tags?post=384"}],"curies":[{"name":"wp","href":"https:\/\/api.w.org\/{rel}","templated":true}]}}