{"id":358,"date":"2008-11-11T12:33:45","date_gmt":"2008-11-11T12:33:45","guid":{"rendered":""},"modified":"-0001-11-30T00:00:00","modified_gmt":"-0001-11-29T23:00:00","slug":"el-calvo-a-la-sexta","status":"publish","type":"post","link":"https:\/\/blogs.noticiasdenavarra.com\/emision-imposible\/2008\/11\/11\/el-calvo-a-la-sexta\/","title":{"rendered":"El calvo, a La Sexta"},"content":{"rendered":"<p><img class=\"alignleft\" src=http:\/\/www.oracle.com\/global\/de\/events\/2007\/roadshows\/epm\/spain\/antonio_lobato.jpg \/>EL domingo presentaron en el programa Minuto y resultado de La Sexta el fichaje del periodista Antonio Lobato. El famoso calvo de la F\u00f3rmula 1 cambia de cadena. Su imagen se asocia tanto a esta competici\u00f3n (me niego a llamarlo deporte) que ya est\u00e1 de promoci\u00f3n en su nueva casa. Como si fuera uno de los famosos pilotos, el presentador ha cambiado de escuder\u00eda televisiva para la pr\u00f3xima temporada, que comenzar\u00e1 all\u00e1 por el 29 de marzo de 2009 con el Gran Premio de Australia. Tienen cinco meses para renovar totalmente el producto o copiarlo b\u00e1sicamente. En honor a la verdad, en Telecinco han conseguido profesionalizar las retransmisiones hasta l\u00edmites que nunca antes se hab\u00edan visto en nuestra televisi\u00f3n. Hubo tantas innovaciones puntuales que corr\u00edan a cargo del equipo de la cadena que se hace dif\u00edcil recordar c\u00f3mo eran antes las carreras de F-1. Aqu\u00e9llas que se ve\u00edan por TVE las ma\u00f1anas de los domingos, en los lejanos tiempos en los que compet\u00edan Lauda, Proust o Hakkinen e, incluso, en los m\u00e1s recientes en los que Schumacher arrasaba campeonato tras campeonato con sus ferraris. Hasta que llegaron el denostado Fernando Alonso y la apuesta de Telecinco por hacer de aquel momento historia de la televisi\u00f3n. Porque hay que recordar que el directo ha hecho madrugar y trasnochar a millones de espectadores. Toda una revoluci\u00f3n televisiva en apenas cinco a\u00f1os, que, si bien es cierto se ha basado en los triunfos del Fernando Alonso, Lobato y su equipo han puesto cara y todo tipo explicaciones t\u00e9cnicas a la altura de los espectadores. Si alguna actividad ha contado con la divulgaci\u00f3n que la tele es capaz de ofrecer, \u00e9sa es la F\u00f3rmula 1. De ah\u00ed est\u00e1n copiando ahora en TVE para hacer algo parecido en la actividad (que no deporte) del motociclismo.<\/p>\n","protected":false},"excerpt":{"rendered":"<p>EL domingo presentaron en el programa Minuto y resultado de La Sexta el fichaje del periodista Antonio Lobato. El famoso calvo de la F\u00f3rmula 1 cambia de cadena. Su imagen se asocia tanto a esta competici\u00f3n (me niego a llamarlo deporte) que ya est\u00e1 de promoci\u00f3n en su nueva casa. Como si fuera uno de &hellip; <a href=\"https:\/\/blogs.noticiasdenavarra.com\/emision-imposible\/2008\/11\/11\/el-calvo-a-la-sexta\/\" class=\"more-link\">Sigue leyendo <span class=\"screen-reader-text\">El calvo, a La Sexta<\/span><\/a><\/p>\n","protected":false},"author":3,"featured_media":0,"comment_status":"open","ping_status":"open","sticky":false,"template":"","format":"standard","meta":{"footnotes":""},"categories":[],"tags":[],"class_list":["post-358","post","type-post","status-publish","format-standard","hentry"],"_links":{"self":[{"href":"https:\/\/blogs.noticiasdenavarra.com\/emision-imposible\/wp-json\/wp\/v2\/posts\/358","targetHints":{"allow":["GET"]}}],"collection":[{"href":"https:\/\/blogs.noticiasdenavarra.com\/emision-imposible\/wp-json\/wp\/v2\/posts"}],"about":[{"href":"https:\/\/blogs.noticiasdenavarra.com\/emision-imposible\/wp-json\/wp\/v2\/types\/post"}],"author":[{"embeddable":true,"href":"https:\/\/blogs.noticiasdenavarra.com\/emision-imposible\/wp-json\/wp\/v2\/users\/3"}],"replies":[{"embeddable":true,"href":"https:\/\/blogs.noticiasdenavarra.com\/emision-imposible\/wp-json\/wp\/v2\/comments?post=358"}],"version-history":[{"count":0,"href":"https:\/\/blogs.noticiasdenavarra.com\/emision-imposible\/wp-json\/wp\/v2\/posts\/358\/revisions"}],"wp:attachment":[{"href":"https:\/\/blogs.noticiasdenavarra.com\/emision-imposible\/wp-json\/wp\/v2\/media?parent=358"}],"wp:term":[{"taxonomy":"category","embeddable":true,"href":"https:\/\/blogs.noticiasdenavarra.com\/emision-imposible\/wp-json\/wp\/v2\/categories?post=358"},{"taxonomy":"post_tag","embeddable":true,"href":"https:\/\/blogs.noticiasdenavarra.com\/emision-imposible\/wp-json\/wp\/v2\/tags?post=358"}],"curies":[{"name":"wp","href":"https:\/\/api.w.org\/{rel}","templated":true}]}}