{"id":318,"date":"2008-07-15T13:31:02","date_gmt":"2008-07-15T13:31:02","guid":{"rendered":""},"modified":"-0001-11-30T00:00:00","modified_gmt":"-0001-11-29T23:00:00","slug":"pobre-de-quin","status":"publish","type":"post","link":"https:\/\/blogs.noticiasdenavarra.com\/emision-imposible\/2008\/07\/15\/pobre-de-quin\/","title":{"rendered":"\u00bfPobre de qui\u00e9n?"},"content":{"rendered":"<p><img class=\"alignright\" src=http:\/\/www.noticiasdenavarra.com\/ediciones\/2008\/07\/15\/pobredemi.jpg \/><br \/>\nSi el Chupinazo arrancaba con la energ\u00eda a raudales de miles de personas empe\u00f1adas en la fiesta, el Pobre de m\u00ed es el homenaje festivo de la ausencia. Tanto TVE como Cuatro no le han visto inter\u00e9s al tema del cierre sanferminero quiz\u00e1s porque no ven que una despedida pudiera pelear en horario de <I>prime time<\/I> . Ellos se lo perdieron. Junto con las cadenas locales, nuevamente ETB 1 se erigi\u00f3 en \u00fanico testigo de este acto tan entra\u00f1able que atrapa incluso a quien no ha pisado nunca los adoquines de la plaza Consistorial de la vieja Iru\u00f1a. Y es que la nostalgia no se estila en la televisi\u00f3n y eso que siempre que se acude a ella arrasa. Eso le ocurri\u00f3 el pasado domingo a la reposici\u00f3n de <I>Volver<\/I> . La pel\u00edcula en la que Almod\u00f3var vuelve a contar con Carmen Maura y del que se hizo una buena presentaci\u00f3n antes de la emisi\u00f3n. Una especie de documental en el que se recog\u00eda de manera algo exagerada el distanciamiento entre la actriz y el director manchego. Y es que se equivocan quienes creen que el p\u00fablico s\u00f3lo quiere frivolidades tipo <I>Sabes (menos) m\u00e1s que un chico de primaria<\/I>  con el que A3 amenaza de nuevo como apuesta de verano. Pero resulta que <I>A\u00edda,<\/I>  por poner el ejemplo de la serie de m\u00e1s \u00e9xito de la \u00faltima temporada, no ser\u00eda lo mismo sin el contrapunto de personajes perdedores, ni <I>Mi querido Klikowsky<\/I>  llegar\u00eda al coraz\u00f3n sin esos remates en voz en off con acento argentino con los que se desped\u00eda cada cap\u00edtulo. &lt;\/p&gt;&lt;p&gt;La emoci\u00f3n televisiva no se hace s\u00f3lo con carcajadas o l\u00e1grimas. Existe un equilibrio que aspira tanto a la risa como a explorar el desasosiego. Quiz\u00e1s por eso la ceremonia de los Sanfermines no tiene sentido pleno si no se tiene en cuenta el final. El \u00e9xito del Chupinazo comienza en el Pobre de m\u00ed. Y algunos se fueron sin contarlo como se merece.<\/p>\n","protected":false},"excerpt":{"rendered":"<p>Si el Chupinazo arrancaba con la energ\u00eda a raudales de miles de personas empe\u00f1adas en la fiesta, el Pobre de m\u00ed es el homenaje festivo de la ausencia. Tanto TVE como Cuatro no le han visto inter\u00e9s al tema del cierre sanferminero quiz\u00e1s porque no ven que una despedida pudiera pelear en horario de prime &hellip; <a href=\"https:\/\/blogs.noticiasdenavarra.com\/emision-imposible\/2008\/07\/15\/pobre-de-quin\/\" class=\"more-link\">Sigue leyendo <span class=\"screen-reader-text\">\u00bfPobre de qui\u00e9n?<\/span><\/a><\/p>\n","protected":false},"author":3,"featured_media":0,"comment_status":"open","ping_status":"open","sticky":false,"template":"","format":"standard","meta":{"footnotes":""},"categories":[],"tags":[],"class_list":["post-318","post","type-post","status-publish","format-standard","hentry"],"_links":{"self":[{"href":"https:\/\/blogs.noticiasdenavarra.com\/emision-imposible\/wp-json\/wp\/v2\/posts\/318","targetHints":{"allow":["GET"]}}],"collection":[{"href":"https:\/\/blogs.noticiasdenavarra.com\/emision-imposible\/wp-json\/wp\/v2\/posts"}],"about":[{"href":"https:\/\/blogs.noticiasdenavarra.com\/emision-imposible\/wp-json\/wp\/v2\/types\/post"}],"author":[{"embeddable":true,"href":"https:\/\/blogs.noticiasdenavarra.com\/emision-imposible\/wp-json\/wp\/v2\/users\/3"}],"replies":[{"embeddable":true,"href":"https:\/\/blogs.noticiasdenavarra.com\/emision-imposible\/wp-json\/wp\/v2\/comments?post=318"}],"version-history":[{"count":0,"href":"https:\/\/blogs.noticiasdenavarra.com\/emision-imposible\/wp-json\/wp\/v2\/posts\/318\/revisions"}],"wp:attachment":[{"href":"https:\/\/blogs.noticiasdenavarra.com\/emision-imposible\/wp-json\/wp\/v2\/media?parent=318"}],"wp:term":[{"taxonomy":"category","embeddable":true,"href":"https:\/\/blogs.noticiasdenavarra.com\/emision-imposible\/wp-json\/wp\/v2\/categories?post=318"},{"taxonomy":"post_tag","embeddable":true,"href":"https:\/\/blogs.noticiasdenavarra.com\/emision-imposible\/wp-json\/wp\/v2\/tags?post=318"}],"curies":[{"name":"wp","href":"https:\/\/api.w.org\/{rel}","templated":true}]}}