{"id":267,"date":"2008-03-06T12:34:32","date_gmt":"2008-03-06T12:34:32","guid":{"rendered":""},"modified":"-0001-11-30T00:00:00","modified_gmt":"-0001-11-29T23:00:00","slug":"cara-a-carr","status":"publish","type":"post","link":"https:\/\/blogs.noticiasdenavarra.com\/emision-imposible\/2008\/03\/06\/cara-a-carr\/","title":{"rendered":"Cara a Carr\u00e1"},"content":{"rendered":"<p><img class=\"alignleft\" src=http:\/\/static.pagina12.com.ar\/fotos\/20080225\/notas\/Rajoy-Zapatero.final.jpg \/><br \/>\nCuando  uno cre\u00eda haberlo visto todo en esto de las interferencias televisivas, va y aparece el Tribunal Supremo. Obliga a los debates con viagra microf\u00f3nica de <I>59 segundos<\/I>  a que lo pongan en horario estelar. Por una vez, la contraprogramaci\u00f3n va a estar legalmente justificada. Pero ya es que despu\u00e9s del <I>tsunami<\/I>  preelectoral que ha supuesto el cara a cara entre Rajoy y Zapatero, el resto de entrevistas y debates a siete se han quedado en nada. Ha sido tal la onda expansiva del debate entre los candidatos del PP y PSOE que todo parece haber enmudecido despu\u00e9s del encontronazo.&lt;\/p&gt;&lt;p&gt; Bueno, todo menos dos cosas, <I>la ni\u00f1a<\/I>  de Mariano, que pronto dar\u00e1 para alguna serie de TV tipo <I>El show de Truman,<\/I>  con Rajoy y Ana Obreg\u00f3n de guionistas, y la selecci\u00f3n v\u00eda Internet de los candidatos a Eurovisi\u00f3n. Porque desde TVE no s\u00f3lo amenazan con un especial titulado <I>Salvemos Eurovisi\u00f3n<\/I> , sino que adem\u00e1s van a contar con el fichaje de Rafaella Carr\u00e1, presentadora tan recurrente como Javier Clemente lo es como entrenador de f\u00fatbol. La fiesta contar\u00e1, desde luego, con la presencia de Rodolfo Chikilicuatre entre los diez concursantes que cantar\u00e1n en la final del s\u00e1bado en directo, a no ser que el Tribunal Supremo nos d\u00e9 otra sorpresa y mande cortar otro estribillo del <I>ChikiChiki<\/I> . Y hablando de sorpresas, la que dio el gran I\u00f1aki L\u00f3pez en ETB 2 con su nuevo programa de investigaci\u00f3n <I>Caja negra<\/I> . Yo pensaba que iban a informar sobre el paradero de aquel buque fantasma <I>Euskadi Comanche,<\/I>  botado apenas hace un mes, y resulta que nos habl\u00f3 de los enigmas del accidente de avi\u00f3n en el monte Oiz. No s\u00e9 aqu\u00ed si el Supremo se pronunciar\u00e1 o habr\u00e1 que desempolvar el <I>Qui\u00e9n sabe ande<\/I>  de Lobat\u00f3n. Como \u00faltimo, en fin, recurso siempre se podr\u00eda dejar el caso en manos de Iker Jim\u00e9nez.<\/p>\n","protected":false},"excerpt":{"rendered":"<p>Cuando uno cre\u00eda haberlo visto todo en esto de las interferencias televisivas, va y aparece el Tribunal Supremo. Obliga a los debates con viagra microf\u00f3nica de 59 segundos a que lo pongan en horario estelar. Por una vez, la contraprogramaci\u00f3n va a estar legalmente justificada. Pero ya es que despu\u00e9s del tsunami preelectoral que ha &hellip; <a href=\"https:\/\/blogs.noticiasdenavarra.com\/emision-imposible\/2008\/03\/06\/cara-a-carr\/\" class=\"more-link\">Sigue leyendo <span class=\"screen-reader-text\">Cara a Carr\u00e1<\/span><\/a><\/p>\n","protected":false},"author":3,"featured_media":0,"comment_status":"open","ping_status":"open","sticky":false,"template":"","format":"standard","meta":{"footnotes":""},"categories":[],"tags":[],"class_list":["post-267","post","type-post","status-publish","format-standard","hentry"],"_links":{"self":[{"href":"https:\/\/blogs.noticiasdenavarra.com\/emision-imposible\/wp-json\/wp\/v2\/posts\/267","targetHints":{"allow":["GET"]}}],"collection":[{"href":"https:\/\/blogs.noticiasdenavarra.com\/emision-imposible\/wp-json\/wp\/v2\/posts"}],"about":[{"href":"https:\/\/blogs.noticiasdenavarra.com\/emision-imposible\/wp-json\/wp\/v2\/types\/post"}],"author":[{"embeddable":true,"href":"https:\/\/blogs.noticiasdenavarra.com\/emision-imposible\/wp-json\/wp\/v2\/users\/3"}],"replies":[{"embeddable":true,"href":"https:\/\/blogs.noticiasdenavarra.com\/emision-imposible\/wp-json\/wp\/v2\/comments?post=267"}],"version-history":[{"count":0,"href":"https:\/\/blogs.noticiasdenavarra.com\/emision-imposible\/wp-json\/wp\/v2\/posts\/267\/revisions"}],"wp:attachment":[{"href":"https:\/\/blogs.noticiasdenavarra.com\/emision-imposible\/wp-json\/wp\/v2\/media?parent=267"}],"wp:term":[{"taxonomy":"category","embeddable":true,"href":"https:\/\/blogs.noticiasdenavarra.com\/emision-imposible\/wp-json\/wp\/v2\/categories?post=267"},{"taxonomy":"post_tag","embeddable":true,"href":"https:\/\/blogs.noticiasdenavarra.com\/emision-imposible\/wp-json\/wp\/v2\/tags?post=267"}],"curies":[{"name":"wp","href":"https:\/\/api.w.org\/{rel}","templated":true}]}}