{"id":161,"date":"2007-04-08T14:34:40","date_gmt":"2007-04-08T14:34:40","guid":{"rendered":""},"modified":"-0001-11-30T00:00:00","modified_gmt":"-0001-11-29T23:00:00","slug":"dgt-y-la-obregn","status":"publish","type":"post","link":"https:\/\/blogs.noticiasdenavarra.com\/emision-imposible\/2007\/04\/08\/dgt-y-la-obregn\/","title":{"rendered":"DGT y la Obreg\u00f3n"},"content":{"rendered":"<p><img class=\"alignleft\" src=http:\/\/www.periodistadigital.com\/imgs\/20070404\/coche.jpg \/> LLEGA el d\u00eda del regreso. El balance, negativo, como siempre, de las v\u00edctimas de la carretera emborronar\u00e1 el mayor desplazamiento anual, que es un verdadero milagro de la f\u00edsica. Estamos ante la emigraci\u00f3n m\u00e1s espectacular de la Tierra. Millones de personas se movilizan durante una semana para pasar unas breves vacaciones en la costa o en la monta\u00f1a. Este fen\u00f3meno lo deber\u00edan de tratar en un documental, como \u00e9sos que echan a la hora de la siesta en La 2, porque deja en nada las migraci\u00f3n de las palomas torcaces aqu\u00ed en la pen\u00ednsula y se asemeja a esa migraci\u00f3n de los \u00f1us en \u00c1frica. El otro d\u00eda, el director general de Tr\u00e1fico se explicaba en el programa del sube y baja 59 segundos. A pesar de sus datos catastr\u00f3ficos no hubo ni una pizca de autocr\u00edtica. Despu\u00e9s de la aplicaci\u00f3n de medidas como el carn\u00e9 por puntos e incluso la amenaza de c\u00e1rcel para conductores temerarios, resulta que los muertos se han ido acumulando en las cunetas como siempre. <strong>Los que vemos los documentales sabemos que en toda gran migraci\u00f3n se producen bajas<\/strong>. Unas veces por enfermedad y otras por circunstancias de la ruta. De lo que nadie tiene ninguna culpa es de que los de la DGT pongan en marcha campa\u00f1as agresivas en contra de los conductores y nunca lo hagan sobre s\u00ed mismos. Campa\u00f1as como No podemos conducir por ti hieren la inteligencia y rozan el patetismo. Se dir\u00eda que est\u00e1n a la altura de programas como Hormigas blancas , que estas semanas destripan el pasado de Ana Garc\u00eda Obreg\u00f3n, haciendo especial hincapi\u00e9 en \u00abNo podemos operarnos por ti\u00bb. Tras el en\u00e9simo fracaso de la campa\u00f1a publicitaria de la Direcci\u00f3n General de Tr\u00e1fico todav\u00eda est\u00e1n a tiempo de vestirse de nazarenos e ir a purgar sus culpas a alguna procesi\u00f3n tard\u00eda. El resto de los mortales seguiremos el via crucis de las carreteras, al menos sin que nos insulten.<\/p>\n","protected":false},"excerpt":{"rendered":"<p>LLEGA el d\u00eda del regreso. El balance, negativo, como siempre, de las v\u00edctimas de la carretera emborronar\u00e1 el mayor desplazamiento anual, que es un verdadero milagro de la f\u00edsica. Estamos ante la emigraci\u00f3n m\u00e1s espectacular de la Tierra. Millones de personas se movilizan durante una semana para pasar unas breves vacaciones en la costa o &hellip; <a href=\"https:\/\/blogs.noticiasdenavarra.com\/emision-imposible\/2007\/04\/08\/dgt-y-la-obregn\/\" class=\"more-link\">Sigue leyendo <span class=\"screen-reader-text\">DGT y la Obreg\u00f3n<\/span><\/a><\/p>\n","protected":false},"author":3,"featured_media":0,"comment_status":"open","ping_status":"open","sticky":false,"template":"","format":"standard","meta":{"footnotes":""},"categories":[],"tags":[],"class_list":["post-161","post","type-post","status-publish","format-standard","hentry"],"_links":{"self":[{"href":"https:\/\/blogs.noticiasdenavarra.com\/emision-imposible\/wp-json\/wp\/v2\/posts\/161","targetHints":{"allow":["GET"]}}],"collection":[{"href":"https:\/\/blogs.noticiasdenavarra.com\/emision-imposible\/wp-json\/wp\/v2\/posts"}],"about":[{"href":"https:\/\/blogs.noticiasdenavarra.com\/emision-imposible\/wp-json\/wp\/v2\/types\/post"}],"author":[{"embeddable":true,"href":"https:\/\/blogs.noticiasdenavarra.com\/emision-imposible\/wp-json\/wp\/v2\/users\/3"}],"replies":[{"embeddable":true,"href":"https:\/\/blogs.noticiasdenavarra.com\/emision-imposible\/wp-json\/wp\/v2\/comments?post=161"}],"version-history":[{"count":0,"href":"https:\/\/blogs.noticiasdenavarra.com\/emision-imposible\/wp-json\/wp\/v2\/posts\/161\/revisions"}],"wp:attachment":[{"href":"https:\/\/blogs.noticiasdenavarra.com\/emision-imposible\/wp-json\/wp\/v2\/media?parent=161"}],"wp:term":[{"taxonomy":"category","embeddable":true,"href":"https:\/\/blogs.noticiasdenavarra.com\/emision-imposible\/wp-json\/wp\/v2\/categories?post=161"},{"taxonomy":"post_tag","embeddable":true,"href":"https:\/\/blogs.noticiasdenavarra.com\/emision-imposible\/wp-json\/wp\/v2\/tags?post=161"}],"curies":[{"name":"wp","href":"https:\/\/api.w.org\/{rel}","templated":true}]}}