{"id":149,"date":"2007-03-08T13:59:33","date_gmt":"2007-03-08T13:59:33","guid":{"rendered":""},"modified":"-0001-11-30T00:00:00","modified_gmt":"-0001-11-29T23:00:00","slug":"ni-beln-ni-coll","status":"publish","type":"post","link":"https:\/\/blogs.noticiasdenavarra.com\/emision-imposible\/2007\/03\/08\/ni-beln-ni-coll\/","title":{"rendered":"Ni Bel\u00e9n, ni Coll"},"content":{"rendered":"<p><img class=\"alignleft\" src=http:\/\/www.elsemanaldigital.com\/imagenes\/fotosdeldia\/jose-luis-coll.jpg \/>La serie Los Serrano ser\u00e1 la m\u00e1s universal de nuestra televisi\u00f3n. Dicen que la est\u00e1n exportando a Portugal, Italia, Canad\u00e1 y qu\u00e9 se yo cu\u00e1ntos pa\u00edses pero, a Bel\u00e9n Rueda, a su personaje, matarlo lo que se dice matarlo, lo han matado de malas maneras: sin imaginaci\u00f3n y buscando una lagrimilla f\u00e1cil, pero no profunda. Parece como que las negociaciones con la actriz les hubieran llevado a esta soluci\u00f3n tan televisiva que es la de eliminar de accidente al que se pasa de listo o pide m\u00e1s de la cuenta. Otro de los personajes que se mat\u00f3 de mala manera televisivamente fue el de Jos\u00e9 Luis Coll. Vale que llevaba varios a\u00f1os retirado del mundillo e incluso algunos, como Luis de Olmo, lo hab\u00edan apartado de malas maneras de su programa sin que jam\u00e1s quedara claro si por pasota o por presiones pol\u00edticas. En un pa\u00eds donde los medios de comunicaci\u00f3n bailan del centro a la derecha con mucha facilidad, los c\u00f3micos han tenido que sobrevivir entre ellos como si fueran profetas. Primero contra Franco y luego contra aquellos que les quer\u00edan colgar alguna etiqueta pol\u00edtica, como si el humor fuera diferente seg\u00fan la orientaci\u00f3n del due\u00f1o de la empresa. <strong>Salvo la entrevista espec\u00edfica grabada hace tiempo por Canal +, en esa serie que consiste en entrevistar a famosos y no emitir esa entrevista hasta que se hayan muerto, el resto se valieron del programa especial que hicieron hace ocho a\u00f1os cuando se muri\u00f3 su eterno compa\u00f1ero Luis S\u00e1nchez Polack, alias Tip. <\/strong>Quien se paseara por los obituarios que le dedicaron en tv, pensar\u00e1 que Coll fue una r\u00e9mora en el humor genial de Tip. La pereza por recrear una programaci\u00f3n a la altura de la muerte de este gran c\u00f3mico se convirti\u00f3 en injusticia, ya que su fallecimiento apenas fue un ap\u00e9ndice de la muerte de Tip. Quiz\u00e1s como castigo p\u00f3stumo por su rebeld\u00eda.<\/p>\n<a href=\"http:\/\/www.youtube.com\/watch?v=lW19DnWz6vg\">http:\/\/www.youtube.com\/watch?v=lW19DnWz6vg<\/a>\n","protected":false},"excerpt":{"rendered":"<p>La serie Los Serrano ser\u00e1 la m\u00e1s universal de nuestra televisi\u00f3n. Dicen que la est\u00e1n exportando a Portugal, Italia, Canad\u00e1 y qu\u00e9 se yo cu\u00e1ntos pa\u00edses pero, a Bel\u00e9n Rueda, a su personaje, matarlo lo que se dice matarlo, lo han matado de malas maneras: sin imaginaci\u00f3n y buscando una lagrimilla f\u00e1cil, pero no profunda. &hellip; <a href=\"https:\/\/blogs.noticiasdenavarra.com\/emision-imposible\/2007\/03\/08\/ni-beln-ni-coll\/\" class=\"more-link\">Sigue leyendo <span class=\"screen-reader-text\">Ni Bel\u00e9n, ni Coll<\/span><\/a><\/p>\n","protected":false},"author":3,"featured_media":0,"comment_status":"open","ping_status":"open","sticky":false,"template":"","format":"standard","meta":{"footnotes":""},"categories":[],"tags":[],"class_list":["post-149","post","type-post","status-publish","format-standard","hentry"],"_links":{"self":[{"href":"https:\/\/blogs.noticiasdenavarra.com\/emision-imposible\/wp-json\/wp\/v2\/posts\/149","targetHints":{"allow":["GET"]}}],"collection":[{"href":"https:\/\/blogs.noticiasdenavarra.com\/emision-imposible\/wp-json\/wp\/v2\/posts"}],"about":[{"href":"https:\/\/blogs.noticiasdenavarra.com\/emision-imposible\/wp-json\/wp\/v2\/types\/post"}],"author":[{"embeddable":true,"href":"https:\/\/blogs.noticiasdenavarra.com\/emision-imposible\/wp-json\/wp\/v2\/users\/3"}],"replies":[{"embeddable":true,"href":"https:\/\/blogs.noticiasdenavarra.com\/emision-imposible\/wp-json\/wp\/v2\/comments?post=149"}],"version-history":[{"count":0,"href":"https:\/\/blogs.noticiasdenavarra.com\/emision-imposible\/wp-json\/wp\/v2\/posts\/149\/revisions"}],"wp:attachment":[{"href":"https:\/\/blogs.noticiasdenavarra.com\/emision-imposible\/wp-json\/wp\/v2\/media?parent=149"}],"wp:term":[{"taxonomy":"category","embeddable":true,"href":"https:\/\/blogs.noticiasdenavarra.com\/emision-imposible\/wp-json\/wp\/v2\/categories?post=149"},{"taxonomy":"post_tag","embeddable":true,"href":"https:\/\/blogs.noticiasdenavarra.com\/emision-imposible\/wp-json\/wp\/v2\/tags?post=149"}],"curies":[{"name":"wp","href":"https:\/\/api.w.org\/{rel}","templated":true}]}}