{"id":142,"date":"2007-02-18T13:06:53","date_gmt":"2007-02-18T13:06:53","guid":{"rendered":""},"modified":"-0001-11-30T00:00:00","modified_gmt":"-0001-11-29T23:00:00","slug":"meter-las-tijeras","status":"publish","type":"post","link":"https:\/\/blogs.noticiasdenavarra.com\/emision-imposible\/2007\/02\/18\/meter-las-tijeras\/","title":{"rendered":"Meter las tijeras"},"content":{"rendered":"<p><img class=\"alignright\" src=http:\/\/www.aida.telecinco.es\/imgsed\/060927_aida_290.jpg \/>TOMEN nota porque A\u00edda se lo hace con un cura. Ojo hablo de A\u00edda la serie de Telecinco no del personaje del Verdi ni del pend\u00f3n desorejado que pulula por los programas vendiendo exclusivas de sus propios hurtos en las tiendas. Hablo de A\u00edda el personaje mitosis que se cre\u00f3 para Siete vidas y luego, como algunas c\u00e9lulas, tom\u00f3 vida propia y ahora triunfa todas las semanas. El \u00faltimo domingo lo vieron m\u00e1s de cinco millones y medio de televidentes, o sea t\u00edo, el 30% de share . A\u00edda para el que no lo sepa es un personaje diferente. Se trataba de una mujer separada, ex alcoh\u00f3lica, madre soltera sin estudios, sin mayor ambici\u00f3n que ser feliz y que sus hijos los sean. Todo muy inofensivo hasta que esta semana le han buscado un novio cura. Un cura muy especial la verdad, como aquellos que salen en la serie Cu\u00e9ntame ofreciendo las iglesias para que se encerraran en ellas los trabajadores. Un cura libertario, proletario o lo que sea, que se enrolla con A\u00edda y acaban acost\u00e1ndose. \u00c9sa era al menos la idea pero luego dicen que ha venido t\u00edo Paco Vasille y todo el grupo medi\u00e1tico detr\u00e1s con la rebaja. Al cap\u00edtulo de este domingo, al parecer, le van a hacer tantos cambios que no lo va a conocer ni el guionista que lo pari\u00f3. De nuevo la frase \u00abcon la Iglesia hemos topado\u00bb. Como si en veinte siglos de historia a sus representantes no se les conociera hembra o var\u00f3n. <b>Con la de cosas que hay que cambiar en el mundo es una pena que utilicen su poder para modificar el cap\u00edtulo de una serie<\/b> de entretenimiento en una cadena privada. Algunos dicen que la decisi\u00f3n de dar el cambiazo es de la propia cadena. De nuevo la autocensura como la manera m\u00e1s perniciosa de censura. Hace mucho que no segu\u00eda A\u00edda pero, mira por d\u00f3nde, este domingo voy a verla. M\u00e1s que nada para saber si los cortes los han hecho a tijera, bistur\u00ed, guillotina o, directamente, han metido la motosierra.<\/p>\n","protected":false},"excerpt":{"rendered":"<p>TOMEN nota porque A\u00edda se lo hace con un cura. Ojo hablo de A\u00edda la serie de Telecinco no del personaje del Verdi ni del pend\u00f3n desorejado que pulula por los programas vendiendo exclusivas de sus propios hurtos en las tiendas. Hablo de A\u00edda el personaje mitosis que se cre\u00f3 para Siete vidas y luego, &hellip; <a href=\"https:\/\/blogs.noticiasdenavarra.com\/emision-imposible\/2007\/02\/18\/meter-las-tijeras\/\" class=\"more-link\">Sigue leyendo <span class=\"screen-reader-text\">Meter las tijeras<\/span><\/a><\/p>\n","protected":false},"author":3,"featured_media":0,"comment_status":"open","ping_status":"open","sticky":false,"template":"","format":"standard","meta":{"footnotes":""},"categories":[],"tags":[],"class_list":["post-142","post","type-post","status-publish","format-standard","hentry"],"_links":{"self":[{"href":"https:\/\/blogs.noticiasdenavarra.com\/emision-imposible\/wp-json\/wp\/v2\/posts\/142","targetHints":{"allow":["GET"]}}],"collection":[{"href":"https:\/\/blogs.noticiasdenavarra.com\/emision-imposible\/wp-json\/wp\/v2\/posts"}],"about":[{"href":"https:\/\/blogs.noticiasdenavarra.com\/emision-imposible\/wp-json\/wp\/v2\/types\/post"}],"author":[{"embeddable":true,"href":"https:\/\/blogs.noticiasdenavarra.com\/emision-imposible\/wp-json\/wp\/v2\/users\/3"}],"replies":[{"embeddable":true,"href":"https:\/\/blogs.noticiasdenavarra.com\/emision-imposible\/wp-json\/wp\/v2\/comments?post=142"}],"version-history":[{"count":0,"href":"https:\/\/blogs.noticiasdenavarra.com\/emision-imposible\/wp-json\/wp\/v2\/posts\/142\/revisions"}],"wp:attachment":[{"href":"https:\/\/blogs.noticiasdenavarra.com\/emision-imposible\/wp-json\/wp\/v2\/media?parent=142"}],"wp:term":[{"taxonomy":"category","embeddable":true,"href":"https:\/\/blogs.noticiasdenavarra.com\/emision-imposible\/wp-json\/wp\/v2\/categories?post=142"},{"taxonomy":"post_tag","embeddable":true,"href":"https:\/\/blogs.noticiasdenavarra.com\/emision-imposible\/wp-json\/wp\/v2\/tags?post=142"}],"curies":[{"name":"wp","href":"https:\/\/api.w.org\/{rel}","templated":true}]}}