{"id":353,"date":"2012-04-21T23:58:49","date_gmt":"2012-04-21T22:58:49","guid":{"rendered":"http:\/\/blogs.noticiasdenavarra.com\/el-cine-de-marco\/?p=353"},"modified":"2012-04-22T00:06:27","modified_gmt":"2012-04-21T23:06:27","slug":"1a-proyeccion-de-cine-israeli-en-pamplona-cronica-de-una-jornada-historica","status":"publish","type":"post","link":"https:\/\/blogs.noticiasdenavarra.com\/el-cine-de-marco\/2012\/04\/21\/1a-proyeccion-de-cine-israeli-en-pamplona-cronica-de-una-jornada-historica\/","title":{"rendered":"1\u00aa Proyecci\u00f3n de cine Israel\u00ed en Pamplona (Cr\u00f3nica de una jornada hist\u00f3rica)"},"content":{"rendered":"<p><a href=\"http:\/\/blogs.noticiasdenavarra.com\/el-cine-de-marco\/files\/2012\/04\/civican.jpg\"><img loading=\"lazy\" decoding=\"async\" src=\"http:\/\/blogs.noticiasdenavarra.com\/el-cine-de-marco\/files\/2012\/04\/civican-300x225.jpg\" alt=\"\" width=\"300\" height=\"225\" class=\"aligncenter size-medium wp-image-354\" srcset=\"https:\/\/blogs.noticiasdenavarra.com\/el-cine-de-marco\/files\/2012\/04\/civican-300x225.jpg 300w, https:\/\/blogs.noticiasdenavarra.com\/el-cine-de-marco\/files\/2012\/04\/civican.jpg 604w\" sizes=\"auto, (max-width: 300px) 100vw, 300px\" \/><\/a><strong>1\u00aa Proyecci\u00f3n de cine Israel\u00ed en Pamplona<br \/>\n (Cr\u00f3nica de una jornada hist\u00f3rica)<\/p>\n<p>Gracias a la Asociaci\u00f3n Tarbut Sefarad (Organizaci\u00f3n para la difusi\u00f3n de la cultura jud\u00eda) ha sido posible realizar la Primera Proyecci\u00f3n de cine Israel\u00ed en Pamplona, un hecho hist\u00f3rico sin precedentes que ha sido posible gracias a personas como Gabriel Davidov, Felipe Cambra (Presidente de Tarbut Pamplona) y Miguel Itoiz, que han impulsado esta proyecci\u00f3n y su posterior charla-coloquio. He de decir que para m\u00ed ha sido un honor que contaran conmigo para este hist\u00f3rico encuentro cultural en la capital navarra, un encuentro que ten\u00eda lugar el pasado jueves 19 de Abril de 2012 a las 19.00 en Civican (Avenida Pio XII, 2B). Proyectamos la pel\u00edcula \u201cLa banda nos visita\u201d de 2007 dirigida por Erin Kolirin y ganadora de multitud de galardones en Israel, Cannes, Copenaghe y Valladolid entre otras ciudades.<br \/>\n La presentaci\u00f3n y bienvenida del acto corri\u00f3 por parte de Gabriel Davidov que me dio paso para presentar la ficha t\u00e9cnica de la pel\u00edcula. A continuaci\u00f3n proyectamos el film y tras su conclusi\u00f3n comenz\u00f3 la charla coloquio, abr\u00ed la misma secundado por mis compa\u00f1eros Davidov e Itoiz desgranando en orden cronol\u00f3gico la interesant\u00edsima obra, desde aqu\u00ed aplaudir a un p\u00fablico atento y participativo que disfrutaron y nos hicieron disfrutar.<\/p>\n<p>Destacamos la simbolog\u00eda del arranque se\u00f1alando, al igual que lo hizo el director, que est\u00e1bamos ante una aparente \u201chistoria secundaria\u201d y cotidiana pero con una enorme carga simb\u00f3lica con cantidad de alegor\u00edas (mensajes ocultos) y una lectura did\u00e1ctica y emocional important\u00edsima. Algo que Kolirin homenajea con una brillante sencillez, esas intrahistorias que nadie cuenta pero que tienen gran valor.<\/p>\n<p>Aparecen elementos como el sol, el silencio, el vac\u00edo y la m\u00fasica como nexo de uni\u00f3n que ya nadie apenas presta atenci\u00f3n. El director nos deja a solas frente a la banda en ese precioso inicio donde nadie m\u00e1s est\u00e1 ah\u00ed y donde nos muestra la preciosa met\u00e1fora de la pelota amarilla, alguien la mete en una furgoneta que arranca y se va, la pelota representa el sol, ese sol que se aleja\u2026 La luz es un elemento muy destacado en la pel\u00edcula, el sol se ha ido y nos deja a solas en el desierto frente a un grupo de personas ap\u00e1ticas, con un alto grado de tensi\u00f3n entre ellas, precisamente el posterior encuentro de \u00e1rabes e israel\u00edes destensionar\u00e1 esta situaci\u00f3n, las tensiones son intr\u00ednsecas no provocadas por el encuentro. Y este encuentro gracias a la comunicaci\u00f3n ayudar\u00e1 al grupo.<br \/>\n Precisamente la situaci\u00f3n de confusi\u00f3n se debe a un problema ling\u00fc\u00edstico, en la ponencia lo explic\u00f3 muy bien tanto Gabriel Davidov como Miguel Itoiz, donde \u00e9ste \u00faltimo tambi\u00e9n nos ilustr\u00f3 sobre la localizaci\u00f3n de la pel\u00edcula (En el desierto del Nagev) as\u00ed como igualmente nos narr\u00f3 los \u00faltimos acontecimientos hist\u00f3ricos de la zona, Davidov aclar\u00f3 los matices ling\u00fc\u00edsticos de la fon\u00e9tica \u00e1rabe y hebrea, algo vital para comprender mejor en transcurso de la pel\u00edcula.<br \/>\n Proseguimos la tertulia sobre los personajes, sus caracter\u00edsticas y diferencias, el trasfondo socio-cultural de la cinta o la estructura del film: el viaje, el pueblo, la relaci\u00f3n y el destino, con la m\u00fasica como cierre de este periplo que no requiere retorno.<br \/>\n \u201cLa banda nos visita\u201d habla de relaciones humanas, de comunicaci\u00f3n, de respeto y de una total ausencia de malicia (tal vez el \u00fanico \u201cpero \u201c del filme) Pero compensa con mucho otros matices como la hospitalidad, la necesidad de ayuda, la reconciliaci\u00f3n, la concepci\u00f3n de la importancia del grupo y la evoluci\u00f3n de los personajes que est\u00e1n magn\u00edficos. <\/p>\n<p>En definitiva, \u201cLa banda nos visita\u201d es un peque\u00f1o sue\u00f1o cumplido que transcurre con naturalidad\u2026 a la pregunta de \u00bfpor qu\u00e9 te gusta la pel\u00edcula? Yo responder\u00eda: \u201cEs como preguntar porque el hombre necesita alma\u201d.<br \/>\n El 19 de Abril fue una jornada hist\u00f3rica, en Pamplona se proyect\u00f3 en p\u00fablico por primera vez una pel\u00edcula israel\u00ed precisamente el d\u00eda de la Sho\u00e1, esa misma ma\u00f1ana hab\u00eda sonado una sirena en todo el territorio del Estado de Israel para realizar un minuto de silencio por las v\u00edctimas del Holocausto.<\/p>\n<p>Ha sido un honor haber formado parte de este d\u00eda hist\u00f3rico en Pamplona.<br \/>\n Gracias Tarbut Sefarad.<\/p>\n<p>Mikel Navarro<\/strong><\/p>\n","protected":false},"excerpt":{"rendered":"<p>1\u00aa Proyecci\u00f3n de cine Israel\u00ed en Pamplona (Cr\u00f3nica de una jornada hist\u00f3rica) Gracias a la Asociaci\u00f3n Tarbut Sefarad (Organizaci\u00f3n para la difusi\u00f3n de la cultura jud\u00eda) ha sido posible realizar la Primera Proyecci\u00f3n de cine Israel\u00ed en Pamplona, un hecho hist\u00f3rico sin precedentes que ha sido posible gracias a personas como Gabriel Davidov, Felipe Cambra &hellip; <a href=\"https:\/\/blogs.noticiasdenavarra.com\/el-cine-de-marco\/2012\/04\/21\/1a-proyeccion-de-cine-israeli-en-pamplona-cronica-de-una-jornada-historica\/\" class=\"more-link\">Sigue leyendo <span class=\"screen-reader-text\">1\u00aa Proyecci\u00f3n de cine Israel\u00ed en Pamplona (Cr\u00f3nica de una jornada hist\u00f3rica)<\/span><\/a><\/p>\n","protected":false},"author":14,"featured_media":0,"comment_status":"open","ping_status":"open","sticky":false,"template":"","format":"standard","meta":{"footnotes":""},"categories":[1],"tags":[],"class_list":["post-353","post","type-post","status-publish","format-standard","hentry","category-general"],"_links":{"self":[{"href":"https:\/\/blogs.noticiasdenavarra.com\/el-cine-de-marco\/wp-json\/wp\/v2\/posts\/353","targetHints":{"allow":["GET"]}}],"collection":[{"href":"https:\/\/blogs.noticiasdenavarra.com\/el-cine-de-marco\/wp-json\/wp\/v2\/posts"}],"about":[{"href":"https:\/\/blogs.noticiasdenavarra.com\/el-cine-de-marco\/wp-json\/wp\/v2\/types\/post"}],"author":[{"embeddable":true,"href":"https:\/\/blogs.noticiasdenavarra.com\/el-cine-de-marco\/wp-json\/wp\/v2\/users\/14"}],"replies":[{"embeddable":true,"href":"https:\/\/blogs.noticiasdenavarra.com\/el-cine-de-marco\/wp-json\/wp\/v2\/comments?post=353"}],"version-history":[{"count":3,"href":"https:\/\/blogs.noticiasdenavarra.com\/el-cine-de-marco\/wp-json\/wp\/v2\/posts\/353\/revisions"}],"predecessor-version":[{"id":357,"href":"https:\/\/blogs.noticiasdenavarra.com\/el-cine-de-marco\/wp-json\/wp\/v2\/posts\/353\/revisions\/357"}],"wp:attachment":[{"href":"https:\/\/blogs.noticiasdenavarra.com\/el-cine-de-marco\/wp-json\/wp\/v2\/media?parent=353"}],"wp:term":[{"taxonomy":"category","embeddable":true,"href":"https:\/\/blogs.noticiasdenavarra.com\/el-cine-de-marco\/wp-json\/wp\/v2\/categories?post=353"},{"taxonomy":"post_tag","embeddable":true,"href":"https:\/\/blogs.noticiasdenavarra.com\/el-cine-de-marco\/wp-json\/wp\/v2\/tags?post=353"}],"curies":[{"name":"wp","href":"https:\/\/api.w.org\/{rel}","templated":true}]}}