{"id":322,"date":"2009-09-22T23:10:58","date_gmt":"2009-09-22T23:10:58","guid":{"rendered":""},"modified":"-0001-11-30T00:00:00","modified_gmt":"-0001-11-29T23:00:00","slug":"podcast-carlos-villaras-george-lazenby","status":"publish","type":"post","link":"https:\/\/blogs.noticiasdenavarra.com\/el-cine-de-marco\/2009\/09\/22\/podcast-carlos-villaras-george-lazenby\/","title":{"rendered":"Podcast- Carlos Villar\u00edas + George Lazenby"},"content":{"rendered":"<p><img src=http:\/\/www2.noticiasdenavarra.com\/comunidad\/foros\/weblogs\/upload\/15\/19993257344ab9380e7c379.jpg \/><br \/>\nwww.terrorynadamas.com<\/p>\n<p>Hola amig@s cin\u00e9filos aqu\u00ed teneis un nuevo podcast en esta segunda temporada de <strong>El Cine de Marco<\/strong>, pronto habr\u00e1 novedades respecto al programa y otros contenidos, va a ser un oto\u00f1o de puro cine  \ud83d\ude09  <\/p>\n<p>Hoy dividimos el programa en dos partes, os traemos en el primer bloque a Carlos Villar\u00edas (El dr\u00e1cula cordob\u00e9s) y en el segundo el singular George Lazenby (El aliento de Bond). <\/p>\n<p>No os lo perdais<br \/>\nMuchas gracias&#8211;<\/p>\n<p> \u27a1 <strong><a href='http:\/\/www.terrorynadamas.com\/2009\/09\/22\/terror-y-nada-mas-presenta-el-cine-de-marco-carlos-villarias-george-lazenby\/'>ESCUCHA EL CINE DE MARCO<\/a><\/strong><br \/>\n<img src=http:\/\/www2.noticiasdenavarra.com\/comunidad\/foros\/weblogs\/upload\/15\/20190621074ab93cb50b143.jpg \/><br \/>\n \u27a1 <strong><a href='http:\/\/blip.tv\/file\/get\/ElCineDeMarco-11TerrorYNadaMasElCineDeMarcoCarlosVillariasGeorge167.mp3'>DESCARGAR TERROR Y NADA MAS \u2013 EL CINE DE MARCO \u2013 TEMPORADA II PROGRAMA I \u2013 CARLOS VILLARIAS + GEORGE LAZANBY<\/a><\/strong><\/p>\n","protected":false},"excerpt":{"rendered":"<p>www.terrorynadamas.com Hola amig@s cin\u00e9filos aqu\u00ed teneis un nuevo podcast en esta segunda temporada de El Cine de Marco, pronto habr\u00e1 novedades respecto al programa y otros contenidos, va a ser un oto\u00f1o de puro cine \ud83d\ude09 Hoy dividimos el programa en dos partes, os traemos en el primer bloque a Carlos Villar\u00edas (El dr\u00e1cula cordob\u00e9s) &hellip; <a href=\"https:\/\/blogs.noticiasdenavarra.com\/el-cine-de-marco\/2009\/09\/22\/podcast-carlos-villaras-george-lazenby\/\" class=\"more-link\">Sigue leyendo <span class=\"screen-reader-text\">Podcast- Carlos Villar\u00edas + George Lazenby<\/span><\/a><\/p>\n","protected":false},"author":14,"featured_media":0,"comment_status":"open","ping_status":"open","sticky":false,"template":"","format":"standard","meta":{"footnotes":""},"categories":[],"tags":[],"class_list":["post-322","post","type-post","status-publish","format-standard","hentry"],"_links":{"self":[{"href":"https:\/\/blogs.noticiasdenavarra.com\/el-cine-de-marco\/wp-json\/wp\/v2\/posts\/322","targetHints":{"allow":["GET"]}}],"collection":[{"href":"https:\/\/blogs.noticiasdenavarra.com\/el-cine-de-marco\/wp-json\/wp\/v2\/posts"}],"about":[{"href":"https:\/\/blogs.noticiasdenavarra.com\/el-cine-de-marco\/wp-json\/wp\/v2\/types\/post"}],"author":[{"embeddable":true,"href":"https:\/\/blogs.noticiasdenavarra.com\/el-cine-de-marco\/wp-json\/wp\/v2\/users\/14"}],"replies":[{"embeddable":true,"href":"https:\/\/blogs.noticiasdenavarra.com\/el-cine-de-marco\/wp-json\/wp\/v2\/comments?post=322"}],"version-history":[{"count":0,"href":"https:\/\/blogs.noticiasdenavarra.com\/el-cine-de-marco\/wp-json\/wp\/v2\/posts\/322\/revisions"}],"wp:attachment":[{"href":"https:\/\/blogs.noticiasdenavarra.com\/el-cine-de-marco\/wp-json\/wp\/v2\/media?parent=322"}],"wp:term":[{"taxonomy":"category","embeddable":true,"href":"https:\/\/blogs.noticiasdenavarra.com\/el-cine-de-marco\/wp-json\/wp\/v2\/categories?post=322"},{"taxonomy":"post_tag","embeddable":true,"href":"https:\/\/blogs.noticiasdenavarra.com\/el-cine-de-marco\/wp-json\/wp\/v2\/tags?post=322"}],"curies":[{"name":"wp","href":"https:\/\/api.w.org\/{rel}","templated":true}]}}