{"id":321,"date":"2009-09-18T12:30:35","date_gmt":"2009-09-18T12:30:35","guid":{"rendered":""},"modified":"-0001-11-30T00:00:00","modified_gmt":"-0001-11-29T23:00:00","slug":"terror-y-nada-ms-presenta-especial-segundo-aniversario","status":"publish","type":"post","link":"https:\/\/blogs.noticiasdenavarra.com\/el-cine-de-marco\/2009\/09\/18\/terror-y-nada-ms-presenta-especial-segundo-aniversario\/","title":{"rendered":"Terror Y Nada M\u00e1s Presenta Especial Segundo Aniversario"},"content":{"rendered":"<p><img src=http:\/\/www2.noticiasdenavarra.com\/comunidad\/foros\/weblogs\/upload\/15\/5216847094ab36139d84f9.jpg \/><br \/>\nComo colaborador y miembro activo de la p\u00e1gina web www.terrorynadamas.com es un honor y por supuesto un placer haceros llegar este programa especial en el II aniversario del nacimiento de dicha p\u00e1gina web. Contenidos de gran calidad, Relatos increibles, Tertulias de cine, Horrorpedia, Estigmas de la Historia&#8230; un largo etc\u00e9tera en el que que incluso  podemos escuchar los propios programas del Cine de Marco. Una acogida espectacular por parte del oyente que desde aqu\u00ed agradezco, os dejo con las palabras de Don Antonio Reverte director de Terrorynadamas.com y con el programa en si.<br \/>\n-Gracias y no os lo perdais \ud83d\ude09 <\/p>\n<p>Amigos, visitantes y oyentes de Terror Y Nada M\u00e1s, ha llegado el momento de celebrar como es d\u00e9bido nuestro Segundo Aniversario en la red. Porque no todos llegan a dos a\u00f1os dando el mejor terror que somos capaces de realizar y, sobre todo, con las grandes expectativas de futuro que tenemos. Estas expectativas y estos dos a\u00f1os de horror sin pausa han sido posibles por un lado a un equipo entregado al horror y el miedo que con esfuerzo y c\u00e1lidad han generado contenidos \u00fanicos en la red y, por supuesto, el otro factor so\u00eds vosotros nuestros amigos, visitantes y oyentes que nos acompa\u00f1a\u00eds dia a dia viviendo el terror y sintiendo el miedo con nosotros. Para todo nuestro equipo y para todos vosotros va dedicado este especial Segundo Aniversario de Terror Y Nada M\u00e1s. En este programa de 4 horas de duraci\u00f3n hablaremos del pasado, presente y futuro de Terror Y Nada M\u00e1s adem\u00e1s de vivir aterradoras historias de terror como es nuestra sana costumbre. Hablaremos de nuestro pasado, presente y futuro con algunos de nuestros compa\u00f1eros de equipo ya conocidos por vosotros y as\u00ed tendremos a Mikel Navarro, Antonio Marchena, Miguel Angel Pulido, Jos\u00e9 Perez Besada, Jordi San Nicolas y Sergio Morcillo. Con todos ellos navegaremos de forma amena y relajada del pasado, presente y futuro de Terror Y Nada M\u00e1s. Pero esto no ser\u00e1 todo ya que viviremos el terror y sentiremos el miedo juntos con tres escalofriantes historias de terror preparadas para este d\u00eda tan especial para nosotros y esperamos que tambi\u00e9n para vosotros. Contaremos con las siguientes historias:<\/p>\n<p>1) \u00bfFue una pesadilla? de nuestro amigo y escritor de terror amateur Milo.<\/p>\n<p>2) La Sombra De Adam Corman de Henry Bagley.<\/p>\n<p>3) Tiene Nuevos Mensajes\u2026\u2026 del autor \u00c1ngel Vill\u00e1n.<\/p>\n<p>Tres aterradores relatos para la aterrador\u00e1 noche que nos espera a todos. Esperamos que disfrute\u00eds todos de este programa y que permanezcamos juntos y ampliemos esta comunidad del horror tanto como podamos porque aqui los l\u00edmites los ponemos nosotros. Un fuerte abrazo a todos, disfrutad del horror y el miedo y ante todo gracias por ayudarnos a cumplir estos dos a\u00f1azos en la red.<\/p>\n<p><strong><a href='http:\/\/www.terrorynadamas.com\/2009\/08\/27\/terror-y-nada-mas-presenta-programa-especial-segundo-aniversario\/comment-page-1\/#comment-2147'>PROGRAMA ESPECIAL II ANIVERSARIO<\/a><\/strong><\/p>\n","protected":false},"excerpt":{"rendered":"<p>Como colaborador y miembro activo de la p\u00e1gina web www.terrorynadamas.com es un honor y por supuesto un placer haceros llegar este programa especial en el II aniversario del nacimiento de dicha p\u00e1gina web. Contenidos de gran calidad, Relatos increibles, Tertulias de cine, Horrorpedia, Estigmas de la Historia&#8230; un largo etc\u00e9tera en el que que incluso &hellip; <a href=\"https:\/\/blogs.noticiasdenavarra.com\/el-cine-de-marco\/2009\/09\/18\/terror-y-nada-ms-presenta-especial-segundo-aniversario\/\" class=\"more-link\">Sigue leyendo <span class=\"screen-reader-text\">Terror Y Nada M\u00e1s Presenta Especial Segundo Aniversario<\/span><\/a><\/p>\n","protected":false},"author":14,"featured_media":0,"comment_status":"open","ping_status":"open","sticky":false,"template":"","format":"standard","meta":{"footnotes":""},"categories":[],"tags":[],"class_list":["post-321","post","type-post","status-publish","format-standard","hentry"],"_links":{"self":[{"href":"https:\/\/blogs.noticiasdenavarra.com\/el-cine-de-marco\/wp-json\/wp\/v2\/posts\/321","targetHints":{"allow":["GET"]}}],"collection":[{"href":"https:\/\/blogs.noticiasdenavarra.com\/el-cine-de-marco\/wp-json\/wp\/v2\/posts"}],"about":[{"href":"https:\/\/blogs.noticiasdenavarra.com\/el-cine-de-marco\/wp-json\/wp\/v2\/types\/post"}],"author":[{"embeddable":true,"href":"https:\/\/blogs.noticiasdenavarra.com\/el-cine-de-marco\/wp-json\/wp\/v2\/users\/14"}],"replies":[{"embeddable":true,"href":"https:\/\/blogs.noticiasdenavarra.com\/el-cine-de-marco\/wp-json\/wp\/v2\/comments?post=321"}],"version-history":[{"count":0,"href":"https:\/\/blogs.noticiasdenavarra.com\/el-cine-de-marco\/wp-json\/wp\/v2\/posts\/321\/revisions"}],"wp:attachment":[{"href":"https:\/\/blogs.noticiasdenavarra.com\/el-cine-de-marco\/wp-json\/wp\/v2\/media?parent=321"}],"wp:term":[{"taxonomy":"category","embeddable":true,"href":"https:\/\/blogs.noticiasdenavarra.com\/el-cine-de-marco\/wp-json\/wp\/v2\/categories?post=321"},{"taxonomy":"post_tag","embeddable":true,"href":"https:\/\/blogs.noticiasdenavarra.com\/el-cine-de-marco\/wp-json\/wp\/v2\/tags?post=321"}],"curies":[{"name":"wp","href":"https:\/\/api.w.org\/{rel}","templated":true}]}}