{"id":320,"date":"2009-09-18T00:12:25","date_gmt":"2009-09-18T00:12:25","guid":{"rendered":""},"modified":"-0001-11-30T00:00:00","modified_gmt":"-0001-11-29T23:00:00","slug":"aaltra","status":"publish","type":"post","link":"https:\/\/blogs.noticiasdenavarra.com\/el-cine-de-marco\/2009\/09\/18\/aaltra\/","title":{"rendered":"AALTRA"},"content":{"rendered":"<p><img src=http:\/\/www2.noticiasdenavarra.com\/comunidad\/foros\/weblogs\/upload\/15\/19556582514ab2b39ca7648.jpg \/><br \/>\nProducci\u00f3n franco-belga dirigida por Beno\u00eet Del\u00e9pine y Gustave Kevern. <\/p>\n<p>Aaltra nos cuenta la historia de dos vecinos antagonistas que se odian, uno un tosco trabajador agr\u00edcola y el otro un ejecutivo amante de las motos, su existencia es una confrontaci\u00f3n diaria y su rutina es muy poco excitante. Pero el destino da un golpe a sus vidas debido a un accidente que les postrar\u00e1 a ambos en una silla de ruedas. Su relaci\u00f3n sera vital cuando ponen rumbo hacia la empresa responsable de la maquinaria causante de tal infortunio. Juntos emprender\u00e1n un trepidante viaje hacia la constructora afincada en Finlandia, por el camino un sinf\u00edn de aventuras y desventuras&#8230;<\/p>\n<p>Una pel\u00edcula fresca en blanco y negro con ese tono granulado y ese aura de cine franc\u00e9s de anta\u00f1o. Es un drama con tintes de comedia social muy recomendable que hace abrir los ojos al espectador sobre el mundo que nos rodea, ese que tantas veces no prestamos la atenci\u00f3n que merece. Muy buena direcci\u00f3n e interpretaci\u00f3n con largas pausas de di\u00e1logo que curiosamente dan el ritmo adecuado a la trama. Una dupla muy acertada con f\u00edsicos en contraposici\u00f3n y la picaresca como reclamo de supervivencia. Es esa peque\u00f1a transgresi\u00f3n social que nos hace reflexionar de lo que hay a nuestro alrededor.  El final apote\u00f3sico y la sonrisa a cuentagotas en dosis muy equilibradas. Tristeza en clave de humor con el mensaje de la esperanza y con la palabra <strong>vida<\/strong> en la pantalla de nuestro pensamiento. <\/p>\n<a href=\"http:\/\/www.youtube.com\/watch?v=RtOxOaSGwis&#038;feature=related\">http:\/\/www.youtube.com\/watch?v=RtOxOaSGwis&amp;feature=related<\/a>\n","protected":false},"excerpt":{"rendered":"<p>Producci\u00f3n franco-belga dirigida por Beno\u00eet Del\u00e9pine y Gustave Kevern. Aaltra nos cuenta la historia de dos vecinos antagonistas que se odian, uno un tosco trabajador agr\u00edcola y el otro un ejecutivo amante de las motos, su existencia es una confrontaci\u00f3n diaria y su rutina es muy poco excitante. Pero el destino da un golpe a &hellip; <a href=\"https:\/\/blogs.noticiasdenavarra.com\/el-cine-de-marco\/2009\/09\/18\/aaltra\/\" class=\"more-link\">Sigue leyendo <span class=\"screen-reader-text\">AALTRA<\/span><\/a><\/p>\n","protected":false},"author":14,"featured_media":0,"comment_status":"open","ping_status":"open","sticky":false,"template":"","format":"standard","meta":{"footnotes":""},"categories":[],"tags":[],"class_list":["post-320","post","type-post","status-publish","format-standard","hentry"],"_links":{"self":[{"href":"https:\/\/blogs.noticiasdenavarra.com\/el-cine-de-marco\/wp-json\/wp\/v2\/posts\/320","targetHints":{"allow":["GET"]}}],"collection":[{"href":"https:\/\/blogs.noticiasdenavarra.com\/el-cine-de-marco\/wp-json\/wp\/v2\/posts"}],"about":[{"href":"https:\/\/blogs.noticiasdenavarra.com\/el-cine-de-marco\/wp-json\/wp\/v2\/types\/post"}],"author":[{"embeddable":true,"href":"https:\/\/blogs.noticiasdenavarra.com\/el-cine-de-marco\/wp-json\/wp\/v2\/users\/14"}],"replies":[{"embeddable":true,"href":"https:\/\/blogs.noticiasdenavarra.com\/el-cine-de-marco\/wp-json\/wp\/v2\/comments?post=320"}],"version-history":[{"count":0,"href":"https:\/\/blogs.noticiasdenavarra.com\/el-cine-de-marco\/wp-json\/wp\/v2\/posts\/320\/revisions"}],"wp:attachment":[{"href":"https:\/\/blogs.noticiasdenavarra.com\/el-cine-de-marco\/wp-json\/wp\/v2\/media?parent=320"}],"wp:term":[{"taxonomy":"category","embeddable":true,"href":"https:\/\/blogs.noticiasdenavarra.com\/el-cine-de-marco\/wp-json\/wp\/v2\/categories?post=320"},{"taxonomy":"post_tag","embeddable":true,"href":"https:\/\/blogs.noticiasdenavarra.com\/el-cine-de-marco\/wp-json\/wp\/v2\/tags?post=320"}],"curies":[{"name":"wp","href":"https:\/\/api.w.org\/{rel}","templated":true}]}}