{"id":318,"date":"2009-09-06T19:47:17","date_gmt":"2009-09-06T19:47:17","guid":{"rendered":""},"modified":"-0001-11-30T00:00:00","modified_gmt":"-0001-11-29T23:00:00","slug":"homenaje-a-las-vctimas-del-fuerte-de-san-cristobal","status":"publish","type":"post","link":"https:\/\/blogs.noticiasdenavarra.com\/el-cine-de-marco\/2009\/09\/06\/homenaje-a-las-vctimas-del-fuerte-de-san-cristobal\/","title":{"rendered":"Homenaje a las v\u00edctimas del Fuerte de San Cristobal"},"content":{"rendered":"<p><img src=http:\/\/www2.noticiasdenavarra.com\/comunidad\/foros\/weblogs\/upload\/15\/6451278374aa3f51759b20.jpg \/><br \/>\n<strong>Nueva temporada de Estigmas de la Historia, en este primer programa hacemos una breve reflexi\u00f3n honramos la memoria de esas personas que sufrieron y dejaron sus vidas de forma y manera tan cruel, un homenaje a las v\u00edctimas del fuerte de San Cristobal, una reflexi\u00f3n para que hechos asi no se vuelvan a repetir. <\/p>\n<p>Por supuesto recomiendo el documental sobre el Fuerte titulado \u00abEzkaba\u00bb que ya lo rese\u00f1\u00e9 hace algunos meses en este mismo blog, un excelente documento gr\u00e1fico sobre la verdad acontecida de aquellos penosos a\u00f1os que no deben quedar en el olvido para todos juntos reflexionar. Lo podeis ver en este enlace: <a href='http:\/\/www.documaniatv.com\/historia\/ezkaba-la-gran-fuga-de-las-carceles-franquistas-video_029e1d462.html#'>Ezkaba, la gran fuga de las c\u00e1rceles franquistas<\/a>. <\/p>\n<p>Os dejo con el programa homenje de Estigmas de la Historia: <\/p>\n<p><a href='http:\/\/www.terrorynadamas.com\/2009\/09\/04\/terror-y-nada-mas-homenajea-a-los-caidos-en-el-fuerte-de-san-cristobal-22-05-1938-en-estigmas-de-la-historia\/comment-page-1\/#comment-2049'>Homenaje a las v\u00edctimas del Fuerte de San Cristobal<\/a><\/strong><\/p>\n","protected":false},"excerpt":{"rendered":"<p>Nueva temporada de Estigmas de la Historia, en este primer programa hacemos una breve reflexi\u00f3n honramos la memoria de esas personas que sufrieron y dejaron sus vidas de forma y manera tan cruel, un homenaje a las v\u00edctimas del fuerte de San Cristobal, una reflexi\u00f3n para que hechos asi no se vuelvan a repetir. Por &hellip; <a href=\"https:\/\/blogs.noticiasdenavarra.com\/el-cine-de-marco\/2009\/09\/06\/homenaje-a-las-vctimas-del-fuerte-de-san-cristobal\/\" class=\"more-link\">Sigue leyendo <span class=\"screen-reader-text\">Homenaje a las v\u00edctimas del Fuerte de San Cristobal<\/span><\/a><\/p>\n","protected":false},"author":14,"featured_media":0,"comment_status":"open","ping_status":"open","sticky":false,"template":"","format":"standard","meta":{"footnotes":""},"categories":[],"tags":[],"class_list":["post-318","post","type-post","status-publish","format-standard","hentry"],"_links":{"self":[{"href":"https:\/\/blogs.noticiasdenavarra.com\/el-cine-de-marco\/wp-json\/wp\/v2\/posts\/318","targetHints":{"allow":["GET"]}}],"collection":[{"href":"https:\/\/blogs.noticiasdenavarra.com\/el-cine-de-marco\/wp-json\/wp\/v2\/posts"}],"about":[{"href":"https:\/\/blogs.noticiasdenavarra.com\/el-cine-de-marco\/wp-json\/wp\/v2\/types\/post"}],"author":[{"embeddable":true,"href":"https:\/\/blogs.noticiasdenavarra.com\/el-cine-de-marco\/wp-json\/wp\/v2\/users\/14"}],"replies":[{"embeddable":true,"href":"https:\/\/blogs.noticiasdenavarra.com\/el-cine-de-marco\/wp-json\/wp\/v2\/comments?post=318"}],"version-history":[{"count":0,"href":"https:\/\/blogs.noticiasdenavarra.com\/el-cine-de-marco\/wp-json\/wp\/v2\/posts\/318\/revisions"}],"wp:attachment":[{"href":"https:\/\/blogs.noticiasdenavarra.com\/el-cine-de-marco\/wp-json\/wp\/v2\/media?parent=318"}],"wp:term":[{"taxonomy":"category","embeddable":true,"href":"https:\/\/blogs.noticiasdenavarra.com\/el-cine-de-marco\/wp-json\/wp\/v2\/categories?post=318"},{"taxonomy":"post_tag","embeddable":true,"href":"https:\/\/blogs.noticiasdenavarra.com\/el-cine-de-marco\/wp-json\/wp\/v2\/tags?post=318"}],"curies":[{"name":"wp","href":"https:\/\/api.w.org\/{rel}","templated":true}]}}