{"id":297,"date":"2009-06-29T23:14:48","date_gmt":"2009-06-29T23:14:48","guid":{"rendered":""},"modified":"-0001-11-30T00:00:00","modified_gmt":"-0001-11-29T23:00:00","slug":"michael-jackson","status":"publish","type":"post","link":"https:\/\/blogs.noticiasdenavarra.com\/el-cine-de-marco\/2009\/06\/29\/michael-jackson\/","title":{"rendered":"Michael Jackson"},"content":{"rendered":"<p><img src=http:\/\/www2.noticiasdenavarra.com\/comunidad\/foros\/weblogs\/upload\/15\/7088958474a49418c79eb1.jpg \/><br \/>\nSe fue el d\u00eda de mi cumplea\u00f1os, un 25 de Junio de 2009. Michael Jackson es sin\u00f3nimo de \u00abEstrella\u00bb, pero ESTRELLA con may\u00fasculas. Cuando lo vi por primera vez siendo ni\u00f1o, supe que estaba ante algo diferente, ante el precursor de algo nuevo, un nuevo concepto del Pop, del movimiento del arte en escena. \u00abRey del Pop\u00bb, Rey del videoclip. <\/p>\n<p>Fundador de una corriente musical cinematogr\u00e1fica como fue el hist\u00f3rico \u00abThriller\u00bb sin duda el mejor videoclip de todos los tiempos y todo un cl\u00e1sico, me atrevo a decir, de la induistria audiovisual. En Thriller hay cine, hay una estructura perfecta, nos cuenta algo de forma musical, con emoci\u00f3n, con miedo, con baile, con terror. <\/p>\n<p>El arte de la coreograf\u00eda adquiere cuerpo y sus movimientos son diferentes y nunca antes vistos. Michael Jackson es un innovador de la escena, un mago del baile. <\/p>\n<p>Su ropa, su silueta, sus calcetines blancos y sus guantes brillantes nos dejan esa estela m\u00e1gica de polvo de estrellas que jam\u00e1s antes hab\u00eda presenciado, ese deslizar hacia atr\u00e1s como si una cinta autom\u00e1tica lo moviera, esa inclinaci\u00f3n diagonal y su patada al aire con el dedo \u00edndice apuntando al cielo y su mano derecha sujet\u00e1ndose el sombrero. Nos lo deja en la retina de los que, como yo, tuvimos en la puerta de la habitaci\u00f3n el poster de Michael Jackson. Despu\u00e9s vino el blanqueo de su cuerpo, la transformaci\u00f3n de su rostro, la degeneraci\u00f3n de su propia excentricidad. Como un ni\u00f1o prodigio y roto que fue, se nos ha ido con ese halo de tristeza que siempre desprendi\u00f3, con su soledad eterna en la intimidad y multitudinaria en los escenarios, \u00a1qu\u00e9 duro el silencio de su coraz\u00f3n y el clamor del exterior de su camerino! Hoy, nos sobrevuela tal vez vestido de verde y con Campanilla a su lado, Michael Jackson siempre fue un ser especial, un mito&#8230; Me quedo con esa estela que siempre desprendi\u00f3&#8230; de polvo de estrellas. <\/p>\n<p>Una leyenda que siempre estar\u00e1 viva en la Historia y en su legado musical.<br \/>\n<a href=\"http:\/\/www.youtube.com\/watch?v=AtyJbIOZjS8\">http:\/\/www.youtube.com\/watch?v=AtyJbIOZjS8<\/a><\/p>\n","protected":false},"excerpt":{"rendered":"<p>Se fue el d\u00eda de mi cumplea\u00f1os, un 25 de Junio de 2009. Michael Jackson es sin\u00f3nimo de \u00abEstrella\u00bb, pero ESTRELLA con may\u00fasculas. Cuando lo vi por primera vez siendo ni\u00f1o, supe que estaba ante algo diferente, ante el precursor de algo nuevo, un nuevo concepto del Pop, del movimiento del arte en escena. \u00abRey &hellip; <a href=\"https:\/\/blogs.noticiasdenavarra.com\/el-cine-de-marco\/2009\/06\/29\/michael-jackson\/\" class=\"more-link\">Sigue leyendo <span class=\"screen-reader-text\">Michael Jackson<\/span><\/a><\/p>\n","protected":false},"author":14,"featured_media":0,"comment_status":"open","ping_status":"open","sticky":false,"template":"","format":"standard","meta":{"footnotes":""},"categories":[],"tags":[],"class_list":["post-297","post","type-post","status-publish","format-standard","hentry"],"_links":{"self":[{"href":"https:\/\/blogs.noticiasdenavarra.com\/el-cine-de-marco\/wp-json\/wp\/v2\/posts\/297","targetHints":{"allow":["GET"]}}],"collection":[{"href":"https:\/\/blogs.noticiasdenavarra.com\/el-cine-de-marco\/wp-json\/wp\/v2\/posts"}],"about":[{"href":"https:\/\/blogs.noticiasdenavarra.com\/el-cine-de-marco\/wp-json\/wp\/v2\/types\/post"}],"author":[{"embeddable":true,"href":"https:\/\/blogs.noticiasdenavarra.com\/el-cine-de-marco\/wp-json\/wp\/v2\/users\/14"}],"replies":[{"embeddable":true,"href":"https:\/\/blogs.noticiasdenavarra.com\/el-cine-de-marco\/wp-json\/wp\/v2\/comments?post=297"}],"version-history":[{"count":0,"href":"https:\/\/blogs.noticiasdenavarra.com\/el-cine-de-marco\/wp-json\/wp\/v2\/posts\/297\/revisions"}],"wp:attachment":[{"href":"https:\/\/blogs.noticiasdenavarra.com\/el-cine-de-marco\/wp-json\/wp\/v2\/media?parent=297"}],"wp:term":[{"taxonomy":"category","embeddable":true,"href":"https:\/\/blogs.noticiasdenavarra.com\/el-cine-de-marco\/wp-json\/wp\/v2\/categories?post=297"},{"taxonomy":"post_tag","embeddable":true,"href":"https:\/\/blogs.noticiasdenavarra.com\/el-cine-de-marco\/wp-json\/wp\/v2\/tags?post=297"}],"curies":[{"name":"wp","href":"https:\/\/api.w.org\/{rel}","templated":true}]}}