{"id":294,"date":"2009-06-21T20:58:30","date_gmt":"2009-06-21T20:58:30","guid":{"rendered":""},"modified":"-0001-11-30T00:00:00","modified_gmt":"-0001-11-29T23:00:00","slug":"estigmas-de-la-historia-reinhard-heydrich","status":"publish","type":"post","link":"https:\/\/blogs.noticiasdenavarra.com\/el-cine-de-marco\/2009\/06\/21\/estigmas-de-la-historia-reinhard-heydrich\/","title":{"rendered":"Estigmas de la Historia: Reinhard Heydrich"},"content":{"rendered":"<p><img src=http:\/\/www2.noticiasdenavarra.com\/comunidad\/foros\/weblogs\/upload\/15\/8159937264a3e827a8bb9b.jpg \/><br \/>\n<strong>Continuando con la programaci\u00f3n de Estigmas de la Historia, el pasado viernes la p\u00e1gina web www.terrorynadamas.com emiti\u00f3 un nuevo programa de este espacio en el que aparezco junto al gran Jos\u00e9 Luis Cardero.<br \/>\nEn esta ocasi\u00f3n os traemos un oscuro y malvado personaje, que podemos denominar como a\u00fatentico monstruo y terror de Aleman\u00eda. Estamos hablando de Reinhard Heydrich, conoceremos su vida y todo lo que llevo a cabo para ser temido como ninguno dentro del r\u00e9gimen nazi en la Segunda Guerra Mundial. Debido a la frialdad con la que trataba a sus v\u00edctimas, se le llam\u00f3, entre otros apodos, el Carnicero de Praga, la Bestia Rubia y Der Henker (el verdugo). Hitler consideraba a Heydrich su posible sucesor. Conoced a este personaje con Mikel Navarro y D. Jose Luis Cardero en Estigmas De La Historia\u2026\u2026..<\/p>\n<p><a href='http:\/\/www.terrorynadamas.com\/2009\/06\/19\/estigmas-de-la-historia-reinhard-heydrich\/'>Pincha aqu\u00ed para escuchar el programa<\/a><\/p>\n<p><a href='http:\/\/blip.tv\/file\/get\/Estigmasdelahistoria-07TerrorYNadaMasEstigmasDeLaHistoriaProgramaVReinha246.mp3'>Descarga directa mp3<\/a><\/strong><\/p>\n","protected":false},"excerpt":{"rendered":"<p>Continuando con la programaci\u00f3n de Estigmas de la Historia, el pasado viernes la p\u00e1gina web www.terrorynadamas.com emiti\u00f3 un nuevo programa de este espacio en el que aparezco junto al gran Jos\u00e9 Luis Cardero. En esta ocasi\u00f3n os traemos un oscuro y malvado personaje, que podemos denominar como a\u00fatentico monstruo y terror de Aleman\u00eda. Estamos hablando &hellip; <a href=\"https:\/\/blogs.noticiasdenavarra.com\/el-cine-de-marco\/2009\/06\/21\/estigmas-de-la-historia-reinhard-heydrich\/\" class=\"more-link\">Sigue leyendo <span class=\"screen-reader-text\">Estigmas de la Historia: Reinhard Heydrich<\/span><\/a><\/p>\n","protected":false},"author":14,"featured_media":0,"comment_status":"open","ping_status":"open","sticky":false,"template":"","format":"standard","meta":{"footnotes":""},"categories":[],"tags":[],"class_list":["post-294","post","type-post","status-publish","format-standard","hentry"],"_links":{"self":[{"href":"https:\/\/blogs.noticiasdenavarra.com\/el-cine-de-marco\/wp-json\/wp\/v2\/posts\/294","targetHints":{"allow":["GET"]}}],"collection":[{"href":"https:\/\/blogs.noticiasdenavarra.com\/el-cine-de-marco\/wp-json\/wp\/v2\/posts"}],"about":[{"href":"https:\/\/blogs.noticiasdenavarra.com\/el-cine-de-marco\/wp-json\/wp\/v2\/types\/post"}],"author":[{"embeddable":true,"href":"https:\/\/blogs.noticiasdenavarra.com\/el-cine-de-marco\/wp-json\/wp\/v2\/users\/14"}],"replies":[{"embeddable":true,"href":"https:\/\/blogs.noticiasdenavarra.com\/el-cine-de-marco\/wp-json\/wp\/v2\/comments?post=294"}],"version-history":[{"count":0,"href":"https:\/\/blogs.noticiasdenavarra.com\/el-cine-de-marco\/wp-json\/wp\/v2\/posts\/294\/revisions"}],"wp:attachment":[{"href":"https:\/\/blogs.noticiasdenavarra.com\/el-cine-de-marco\/wp-json\/wp\/v2\/media?parent=294"}],"wp:term":[{"taxonomy":"category","embeddable":true,"href":"https:\/\/blogs.noticiasdenavarra.com\/el-cine-de-marco\/wp-json\/wp\/v2\/categories?post=294"},{"taxonomy":"post_tag","embeddable":true,"href":"https:\/\/blogs.noticiasdenavarra.com\/el-cine-de-marco\/wp-json\/wp\/v2\/tags?post=294"}],"curies":[{"name":"wp","href":"https:\/\/api.w.org\/{rel}","templated":true}]}}