{"id":255,"date":"2009-03-13T11:10:16","date_gmt":"2009-03-13T11:10:16","guid":{"rendered":""},"modified":"-0001-11-30T00:00:00","modified_gmt":"-0001-11-29T23:00:00","slug":"tertulia-sobre-la-pelcula-viernes-13","status":"publish","type":"post","link":"https:\/\/blogs.noticiasdenavarra.com\/el-cine-de-marco\/2009\/03\/13\/tertulia-sobre-la-pelcula-viernes-13\/","title":{"rendered":"Tertulia sobre la pel\u00edcula Viernes 13"},"content":{"rendered":"<p><img src=http:\/\/www2.noticiasdenavarra.com\/comunidad\/foros\/weblogs\/upload\/15\/174407673749ba301d56de8.jpg \/><br \/>\n<strong>Hola a tod@s os dejo con esta interesante tertulia sobre la pel\u00edcula Viernes 13 espero que os guste. En la tertulia:<\/p>\n<p>-Antonio Reverte: Director de la p\u00e1gina web www.terrorynadamas.com (M\u00e1laga)<\/p>\n<p>&#8211;<a href='http:\/\/www.vicentfilms.blogspot.com\/'>Sergio Morcillo<\/a> Director de cine amateur (Madrid)<\/p>\n<p>-Antonio Marchena: Profesor en Houston y gran cin\u00e9filo. <\/p>\n<p>-Mikel Navarro: el cine de marco. (Pamplona)<\/p>\n<p><a href='http:\/\/www.terrorynadamas.com\/2009\/03\/12\/sala-de-terror-viernes-13\/'>Pincha aqu\u00ed para escuchar la tertulia<\/a><\/strong><\/p>\n","protected":false},"excerpt":{"rendered":"<p>Hola a tod@s os dejo con esta interesante tertulia sobre la pel\u00edcula Viernes 13 espero que os guste. En la tertulia: -Antonio Reverte: Director de la p\u00e1gina web www.terrorynadamas.com (M\u00e1laga) &#8211;Sergio Morcillo Director de cine amateur (Madrid) -Antonio Marchena: Profesor en Houston y gran cin\u00e9filo. -Mikel Navarro: el cine de marco. (Pamplona) Pincha aqu\u00ed para &hellip; <a href=\"https:\/\/blogs.noticiasdenavarra.com\/el-cine-de-marco\/2009\/03\/13\/tertulia-sobre-la-pelcula-viernes-13\/\" class=\"more-link\">Sigue leyendo <span class=\"screen-reader-text\">Tertulia sobre la pel\u00edcula Viernes 13<\/span><\/a><\/p>\n","protected":false},"author":14,"featured_media":0,"comment_status":"open","ping_status":"open","sticky":false,"template":"","format":"standard","meta":{"footnotes":""},"categories":[],"tags":[],"class_list":["post-255","post","type-post","status-publish","format-standard","hentry"],"_links":{"self":[{"href":"https:\/\/blogs.noticiasdenavarra.com\/el-cine-de-marco\/wp-json\/wp\/v2\/posts\/255","targetHints":{"allow":["GET"]}}],"collection":[{"href":"https:\/\/blogs.noticiasdenavarra.com\/el-cine-de-marco\/wp-json\/wp\/v2\/posts"}],"about":[{"href":"https:\/\/blogs.noticiasdenavarra.com\/el-cine-de-marco\/wp-json\/wp\/v2\/types\/post"}],"author":[{"embeddable":true,"href":"https:\/\/blogs.noticiasdenavarra.com\/el-cine-de-marco\/wp-json\/wp\/v2\/users\/14"}],"replies":[{"embeddable":true,"href":"https:\/\/blogs.noticiasdenavarra.com\/el-cine-de-marco\/wp-json\/wp\/v2\/comments?post=255"}],"version-history":[{"count":0,"href":"https:\/\/blogs.noticiasdenavarra.com\/el-cine-de-marco\/wp-json\/wp\/v2\/posts\/255\/revisions"}],"wp:attachment":[{"href":"https:\/\/blogs.noticiasdenavarra.com\/el-cine-de-marco\/wp-json\/wp\/v2\/media?parent=255"}],"wp:term":[{"taxonomy":"category","embeddable":true,"href":"https:\/\/blogs.noticiasdenavarra.com\/el-cine-de-marco\/wp-json\/wp\/v2\/categories?post=255"},{"taxonomy":"post_tag","embeddable":true,"href":"https:\/\/blogs.noticiasdenavarra.com\/el-cine-de-marco\/wp-json\/wp\/v2\/tags?post=255"}],"curies":[{"name":"wp","href":"https:\/\/api.w.org\/{rel}","templated":true}]}}