{"id":206,"date":"2008-07-02T10:27:30","date_gmt":"2008-07-02T10:27:30","guid":{"rendered":""},"modified":"-0001-11-30T00:00:00","modified_gmt":"-0001-11-29T23:00:00","slug":"la-verdadera-historia-de-evasin-o-victoria","status":"publish","type":"post","link":"https:\/\/blogs.noticiasdenavarra.com\/el-cine-de-marco\/2008\/07\/02\/la-verdadera-historia-de-evasin-o-victoria\/","title":{"rendered":"La verdadera historia de Evasi\u00f3n o victoria."},"content":{"rendered":"<p><img src=http:\/\/www2.noticiasdenavarra.com\/comunidad\/foros\/weblogs\/upload\/15\/100197749486b361558392.jpg \/><br \/>\nHay quien dice que Alemania no perd\u00eda una final desde la pel\u00edcula \u00abEvasi\u00f3n o victoria\u00bb, no es cierto pero s\u00ed que es esa la sensaci\u00f3n que ha todos nos transmite. Alemania como s\u00edmbolo de poder orgulloso y dificil de batir. La selecci\u00f3n espa\u00f1ola di\u00f3 un recital de juego y desparpajo en esta Euro 2008, es la misma pluralidad \u00e9pica que ya vimos en la pel\u00edcula con Ardiles, Pel\u00e9, Stallone, Bobby Moore, Michael Caine&#8230; etc. esa mezcla de actores y futbolistas di\u00f3 encanto y acierto a un film que va m\u00e1s all\u00e1 de una peli de puro entretenimiento como parece en un primer momento. Pero hoy no me centrar\u00e9 en la pel\u00edcula en s\u00ed, sino en la verdadera historia que inspir\u00f3 el filme.<br \/>\n<img src=http:\/\/www2.noticiasdenavarra.com\/comunidad\/foros\/weblogs\/upload\/15\/986003850486b36ec185d1.jpg \/><br \/>\nCuriosamente la final que Espa\u00f1a gan\u00f3 a Alemania se jug\u00f3 en el Ernst Happel de Viena, su viejo estadio de 77 a\u00f1os fue remodelado sobre el antiguo, un complejo que sirvi\u00f3 para propaganda nazi y que se utiliz\u00f3 como prisi\u00f3n improvisada por seguidores de Hitler.<br \/>\nLlamado Prater en sus or\u00edgenes \u2014por el nombre de la periferia de Viena en la que se levanta\u2014, abri\u00f3 sus puertas por primera vez luego de 23 meses de construcci\u00f3n, en 1931, para la segunda Spartakiade de trabajadores. <\/p>\n<p>El 1.\u00ba de mayo de 1934, escolares desfilaron en el escenario para rendir homenaje al canciller austr\u00edaco fascista Engelbert Dollfuss durante un espect\u00e1culo organizado para la Jornada del Trabajo. <\/p>\n<p>Cuatro a\u00f1os despu\u00e9s, el 3 de abril de 1938, el mismo estadio Prater recibe el \u201cPartido de la Anschluss\u201d, 15 d\u00edas despu\u00e9s de la ocupaci\u00f3n alemana en Austria a cargo de Adolf Hitler, el 12 de marzo. <\/p>\n<p>La propagando nazi intent\u00f3 hacer pasar ese partido como una reconciliaci\u00f3n entre las dos partes del Reich y los austr\u00edacos derrotaron a los alemanes 2-0 delante de grandes banderas nazis. <\/p>\n<p>Unos a\u00f1os despu\u00e9s, <strong>el 10 de septiembre de 1939, la Gestapo alemana us\u00f3 el estadio como una gigantesca prisi\u00f3n y retuvo a m\u00e1s de 1,000 jud\u00edos<\/strong>. <\/p>\n<p>En el esfuerzo de reconstrucci\u00f3n posguerra, su capacidad fue subida a 90,000. Renovado en 1986 y reducido a una capacidad de 50,000 espectadores tras la imposici\u00f3n de plazas con asiento para todo el p\u00fablico, el escenario fue rebautizado con el nombre del legendario entrenador Ernst Happel, en 1993. <\/p>\n<p>Y hoy, apodado \u201cla Vieja Dama\u201d por los vieneses, el estadio se hizo una refrescadita de unos 37 millones de euros para la Eurocopa Austria y Suiza 2008.<\/p>\n<p>Pasamos de Viena a Kiev, para relatar esta increible pero cierta historia:<br \/>\nRefrescando la memoria de un pasado demoledor, contar\u00e9 <strong>la verdadera historia de Evasi\u00f3n o victoria<\/strong><\/p>\n<p>El 19 de septiembre de 1941 Kiev fue ocupada por el ej\u00e9rcito nazi. Durante los meses siguientes llegaron a la ciudad cientos prisioneros de guerra liberados, a los que no se permit\u00eda trabajar ni vivir en casas, por lo que se ve\u00edan abocados a la indigencia. Entre aquellos soldados desnutridos estaba Nikolai Trusevich, portero del Dinamo de Kiev.<br \/>\nJosef Kordik, un panadero de origen alem\u00e1n, reconoci\u00f3 a su \u00eddolo nada m\u00e1s verlo: el gigante Trusevich. Se salt\u00f3 la ley y lo contrat\u00f3. Y le encarg\u00f3 encontrar a sus compa\u00f1eros, a los que fue ocupando en la panader\u00eda. Hasta all\u00ed llegaron tambi\u00e9n tres futbolistas del Lokomotiv. As\u00ed naci\u00f3 el FC Start.<br \/>\nEl 7 de junio, jugaron su primer partido. Pese a estar fam\u00e9licos y haber trabajado de noche, vencieron 7-2. Su siguiente rival fue el equipo de una guarnici\u00f3n h\u00fangara: 6-2. Luego le metieron once a un conjunto rumano. La cosa se puso seria cuando el 17 de julio ganaron 6-0 a un equipo del ej\u00e9rcito alem\u00e1n. Ocho d\u00edas despu\u00e9s, al MSG h\u00fangaro (5-1). Y m\u00e1s tarde, 3-2 en la revancha.<\/p>\n<p>El 6 de agosto, convencidos de su superioridad, los alemanes prepararon un equipo con miembros de la Luftwaffe, el Flakelf. Pese a las patadas de los alemanes, el Start venci\u00f3 5-1. El 9 de agosto se anunci\u00f3 la revancha, en el repleto estadio Z\u00e9nit. Antes del choque, un oficial de las SS entr\u00f3 en el vestuario ucranio y dijo en ruso: \u00abSoy el \u00e1rbitro, respeten las reglas y saluden con el brazo en alto\u00bb. Ya en el campo, los futbolistas del Start (camiseta roja y pantal\u00f3n blanco) alzaron el brazo, pero se lo llevaron al pecho y en lugar de gritar \u00a1Heil Hitler!, corearon \u00ab\u00a1Fizculthura!\u00bb, un eslogan sovi\u00e9tico que proclamaba la cultura f\u00edsica. Los alemanes (camiseta blanca y pantal\u00f3n negro) marcaron primero, pero el Start lleg\u00f3 al descanso ganando 2-1. Hubo m\u00e1s visitas al vestuario y los jugadores se plantearon no salir. Pero salieron. Con 5-3 a su favor, Klimenko regate\u00f3 al portero y cuando todos esperaban el gol, se dio la vuelta y chut\u00f3 hacia el centro del campo. El estadio se vino abajo.<\/p>\n<p>Como si nada hubiera ocurrido, el Start gan\u00f3 d\u00edas despu\u00e9s al Rukh (8-0). Pero tras el partido, la Gestapo visit\u00f3 la panader\u00eda. El primero en morir torturado en comisar\u00eda fue Kortkykh. Los dem\u00e1s arrestados fueron enviados al campo de Siretz. All\u00ed, como respuesta a un ataque de la resistencia, mataron a Kuzmenko, Klimenko y Trusevich, que cuentan que muri\u00f3 con su camiseta de portero puesta y gritando: \u00ab\u00a1El deporte rojo nunca morir\u00e1!\u00bb. Goncharenko, Tyutchev y Sviridovsky, que no estaban en la panader\u00eda, sobrevivieron escondidos hasta la liberaci\u00f3n de Kiev en noviembre del 43. El resto se esfum\u00f3 en el caos de la guerra.<br \/>\n\u00c9sta es la historia del &#8216;Partido de la Muerte&#8217;, seg\u00fan recoge Andy Dougan en su libro Dynamo. Eduardo Galeano asegura que fueron fusilados \u00abcon los equipos puestos, en lo alto de un barranco\u00bb. John Huston se inspir\u00f3 en la historia para rodar Evasi\u00f3n o Victoria. Hizo lo que no se atrevi\u00f3 el destino: salvar a los h\u00e9roes.<br \/>\n<img src=http:\/\/www2.noticiasdenavarra.com\/comunidad\/foros\/weblogs\/upload\/15\/492585779486b3b579e137.jpg \/><br \/>\nEn honor a Klimenko que fue un fuera de serie olvidado por la historia y a todos los que sufrieron la desdicha dedico este art\u00edculo.<\/p>\n","protected":false},"excerpt":{"rendered":"<p>Hay quien dice que Alemania no perd\u00eda una final desde la pel\u00edcula \u00abEvasi\u00f3n o victoria\u00bb, no es cierto pero s\u00ed que es esa la sensaci\u00f3n que ha todos nos transmite. Alemania como s\u00edmbolo de poder orgulloso y dificil de batir. La selecci\u00f3n espa\u00f1ola di\u00f3 un recital de juego y desparpajo en esta Euro 2008, es &hellip; <a href=\"https:\/\/blogs.noticiasdenavarra.com\/el-cine-de-marco\/2008\/07\/02\/la-verdadera-historia-de-evasin-o-victoria\/\" class=\"more-link\">Sigue leyendo <span class=\"screen-reader-text\">La verdadera historia de Evasi\u00f3n o victoria.<\/span><\/a><\/p>\n","protected":false},"author":14,"featured_media":0,"comment_status":"open","ping_status":"open","sticky":false,"template":"","format":"standard","meta":{"footnotes":""},"categories":[],"tags":[],"class_list":["post-206","post","type-post","status-publish","format-standard","hentry"],"_links":{"self":[{"href":"https:\/\/blogs.noticiasdenavarra.com\/el-cine-de-marco\/wp-json\/wp\/v2\/posts\/206","targetHints":{"allow":["GET"]}}],"collection":[{"href":"https:\/\/blogs.noticiasdenavarra.com\/el-cine-de-marco\/wp-json\/wp\/v2\/posts"}],"about":[{"href":"https:\/\/blogs.noticiasdenavarra.com\/el-cine-de-marco\/wp-json\/wp\/v2\/types\/post"}],"author":[{"embeddable":true,"href":"https:\/\/blogs.noticiasdenavarra.com\/el-cine-de-marco\/wp-json\/wp\/v2\/users\/14"}],"replies":[{"embeddable":true,"href":"https:\/\/blogs.noticiasdenavarra.com\/el-cine-de-marco\/wp-json\/wp\/v2\/comments?post=206"}],"version-history":[{"count":0,"href":"https:\/\/blogs.noticiasdenavarra.com\/el-cine-de-marco\/wp-json\/wp\/v2\/posts\/206\/revisions"}],"wp:attachment":[{"href":"https:\/\/blogs.noticiasdenavarra.com\/el-cine-de-marco\/wp-json\/wp\/v2\/media?parent=206"}],"wp:term":[{"taxonomy":"category","embeddable":true,"href":"https:\/\/blogs.noticiasdenavarra.com\/el-cine-de-marco\/wp-json\/wp\/v2\/categories?post=206"},{"taxonomy":"post_tag","embeddable":true,"href":"https:\/\/blogs.noticiasdenavarra.com\/el-cine-de-marco\/wp-json\/wp\/v2\/tags?post=206"}],"curies":[{"name":"wp","href":"https:\/\/api.w.org\/{rel}","templated":true}]}}