{"id":205,"date":"2008-06-30T10:34:21","date_gmt":"2008-06-30T10:34:21","guid":{"rendered":""},"modified":"-0001-11-30T00:00:00","modified_gmt":"-0001-11-29T23:00:00","slug":"infierno-de-cobardes","status":"publish","type":"post","link":"https:\/\/blogs.noticiasdenavarra.com\/el-cine-de-marco\/2008\/06\/30\/infierno-de-cobardes\/","title":{"rendered":"Infierno de cobardes."},"content":{"rendered":"<a href=\"http:\/\/es.youtube.com\/watch?v=wuDl5aB-eUs\">http:\/\/es.youtube.com\/watch?v=wuDl5aB-eUs<\/a>\n<p>                     <strong>Sin sol<\/strong><\/p>\n<p><strong>Caballo herrante, sombra su color<br \/>\nFuego su aliento a su espalda el sol<br \/>\nJinete herrante, p\u00e1lido su color<br \/>\nFr\u00edo su aliento, a su espalda el sol.<\/p>\n<p>Desierto su camino, detr\u00e1s su temor.<br \/>\nPisadas en la arena, a su espalda el sol<br \/>\nSilueta su perfil, sed su amor<br \/>\nBebiendo su pasado, a su espalda el sol<\/p>\n<p>Fr\u00edo atardecer, invierno su color<br \/>\nBlanco caballo, la sombra escap\u00f3<br \/>\nDetr\u00e1s el infierno, a su espalda el sol.<\/strong><\/p>\n","protected":false},"excerpt":{"rendered":"<p>Sin sol Caballo herrante, sombra su color Fuego su aliento a su espalda el sol Jinete herrante, p\u00e1lido su color Fr\u00edo su aliento, a su espalda el sol. Desierto su camino, detr\u00e1s su temor. Pisadas en la arena, a su espalda el sol Silueta su perfil, sed su amor Bebiendo su pasado, a su espalda &hellip; <a href=\"https:\/\/blogs.noticiasdenavarra.com\/el-cine-de-marco\/2008\/06\/30\/infierno-de-cobardes\/\" class=\"more-link\">Sigue leyendo <span class=\"screen-reader-text\">Infierno de cobardes.<\/span><\/a><\/p>\n","protected":false},"author":14,"featured_media":0,"comment_status":"open","ping_status":"open","sticky":false,"template":"","format":"standard","meta":{"footnotes":""},"categories":[],"tags":[],"class_list":["post-205","post","type-post","status-publish","format-standard","hentry"],"_links":{"self":[{"href":"https:\/\/blogs.noticiasdenavarra.com\/el-cine-de-marco\/wp-json\/wp\/v2\/posts\/205","targetHints":{"allow":["GET"]}}],"collection":[{"href":"https:\/\/blogs.noticiasdenavarra.com\/el-cine-de-marco\/wp-json\/wp\/v2\/posts"}],"about":[{"href":"https:\/\/blogs.noticiasdenavarra.com\/el-cine-de-marco\/wp-json\/wp\/v2\/types\/post"}],"author":[{"embeddable":true,"href":"https:\/\/blogs.noticiasdenavarra.com\/el-cine-de-marco\/wp-json\/wp\/v2\/users\/14"}],"replies":[{"embeddable":true,"href":"https:\/\/blogs.noticiasdenavarra.com\/el-cine-de-marco\/wp-json\/wp\/v2\/comments?post=205"}],"version-history":[{"count":0,"href":"https:\/\/blogs.noticiasdenavarra.com\/el-cine-de-marco\/wp-json\/wp\/v2\/posts\/205\/revisions"}],"wp:attachment":[{"href":"https:\/\/blogs.noticiasdenavarra.com\/el-cine-de-marco\/wp-json\/wp\/v2\/media?parent=205"}],"wp:term":[{"taxonomy":"category","embeddable":true,"href":"https:\/\/blogs.noticiasdenavarra.com\/el-cine-de-marco\/wp-json\/wp\/v2\/categories?post=205"},{"taxonomy":"post_tag","embeddable":true,"href":"https:\/\/blogs.noticiasdenavarra.com\/el-cine-de-marco\/wp-json\/wp\/v2\/tags?post=205"}],"curies":[{"name":"wp","href":"https:\/\/api.w.org\/{rel}","templated":true}]}}