{"id":192,"date":"2008-05-08T01:14:43","date_gmt":"2008-05-08T01:14:43","guid":{"rendered":""},"modified":"-0001-11-30T00:00:00","modified_gmt":"-0001-11-29T23:00:00","slug":"el-grito-wilhelm","status":"publish","type":"post","link":"https:\/\/blogs.noticiasdenavarra.com\/el-cine-de-marco\/2008\/05\/08\/el-grito-wilhelm\/","title":{"rendered":"El grito Wilhelm"},"content":{"rendered":"<p>Probablemente muchos no conocereis esta gran curiosidad, otros s\u00ed, bueno ya sabeis como soy con estas cosas, simplemente me apasionan. El caso es que podemos afirmar que hay un grito standard  \ud83d\ude00 , existe un grito estrella que domina el cine, increible pero cierto. <\/p>\n<p>Resulta que desde hace m\u00e1s de treinta a\u00f1os el dise\u00f1ador de sonido de \u201cStar Wars\u201d Ben Burtt, mientras trabajaba, descubri\u00f3 en la librer\u00eda de sonidos de la Warner un grito que le result\u00f3 conocido. Se dio cuenta de que dicho grito aparec\u00eda en \u201cLa carga de los jinetes indios\u201d, una pel\u00edcula que hab\u00eda visto de ni\u00f1o y que, indudablemente, se le hab\u00eda quedado grabada, no es que sea la octava maravilla pero bueno. Sigamos&#8230; Indag\u00f3 en los archivos de la Warner y su investigaci\u00f3n desvel\u00f3 que el grito pertenec\u00eda originalmente a la pel\u00edcula del a\u00f1o 1951 \u201cSpoilers of the plains\u201d y era emitido por un hombre tras ser atrapado y arrastrado al agua por un cocodrilo. Fue utilizado unas cuantas veces m\u00e1s y qued\u00f3 relegado al olvido en las polvorientas estanter\u00edas del estudio. <\/p>\n<p>Burtt lo bautiz\u00f3 como \u201cWilhelm scream\u201d en honor al personaje que lo emit\u00eda en \u201cLa carga de los jinetes indios\u201d interpretado por Ralph Brooke y decidi\u00f3 mantenerlo vivo utiliz\u00e1ndolo a modo de firma personal en las pel\u00edculas en las que trabajase. El caracter\u00edstico grito Wilhelm sigue apareciendo hoy en d\u00eda en cantidad de pel\u00edculas y series de televisi\u00f3n.<\/p>\n<p>Lo podemos escuchar incluso en videojuegos, hace poco jugando al estupendo juego de acci\u00f3n Scarface de PS2 pude escucharlo \ud83d\ude2e , en cuanto a la \u00faltima aparici\u00f3n de tal grito en el cine lo podemos apreciar en la \u00faltima entrega de Piratas del Caribe y en Shrek III. <\/p>\n<p>Sin duda una curiosidad estridente \ud83d\ude06<\/p>\n<iframe loading=\"lazy\" title=\"The Wilhelm Scream Compilation\" width=\"660\" height=\"495\" src=\"https:\/\/www.youtube.com\/embed\/cdbYsoEasio?feature=oembed\" frameborder=\"0\" allow=\"accelerometer; autoplay; clipboard-write; encrypted-media; gyroscope; picture-in-picture; web-share\" referrerpolicy=\"strict-origin-when-cross-origin\" allowfullscreen><\/iframe>\n","protected":false},"excerpt":{"rendered":"<p>Probablemente muchos no conocereis esta gran curiosidad, otros s\u00ed, bueno ya sabeis como soy con estas cosas, simplemente me apasionan. El caso es que podemos afirmar que hay un grito standard \ud83d\ude00 , existe un grito estrella que domina el cine, increible pero cierto. Resulta que desde hace m\u00e1s de treinta a\u00f1os el dise\u00f1ador de &hellip; <a href=\"https:\/\/blogs.noticiasdenavarra.com\/el-cine-de-marco\/2008\/05\/08\/el-grito-wilhelm\/\" class=\"more-link\">Sigue leyendo <span class=\"screen-reader-text\">El grito Wilhelm<\/span><\/a><\/p>\n","protected":false},"author":14,"featured_media":0,"comment_status":"open","ping_status":"open","sticky":false,"template":"","format":"standard","meta":{"footnotes":""},"categories":[],"tags":[],"class_list":["post-192","post","type-post","status-publish","format-standard","hentry"],"_links":{"self":[{"href":"https:\/\/blogs.noticiasdenavarra.com\/el-cine-de-marco\/wp-json\/wp\/v2\/posts\/192","targetHints":{"allow":["GET"]}}],"collection":[{"href":"https:\/\/blogs.noticiasdenavarra.com\/el-cine-de-marco\/wp-json\/wp\/v2\/posts"}],"about":[{"href":"https:\/\/blogs.noticiasdenavarra.com\/el-cine-de-marco\/wp-json\/wp\/v2\/types\/post"}],"author":[{"embeddable":true,"href":"https:\/\/blogs.noticiasdenavarra.com\/el-cine-de-marco\/wp-json\/wp\/v2\/users\/14"}],"replies":[{"embeddable":true,"href":"https:\/\/blogs.noticiasdenavarra.com\/el-cine-de-marco\/wp-json\/wp\/v2\/comments?post=192"}],"version-history":[{"count":0,"href":"https:\/\/blogs.noticiasdenavarra.com\/el-cine-de-marco\/wp-json\/wp\/v2\/posts\/192\/revisions"}],"wp:attachment":[{"href":"https:\/\/blogs.noticiasdenavarra.com\/el-cine-de-marco\/wp-json\/wp\/v2\/media?parent=192"}],"wp:term":[{"taxonomy":"category","embeddable":true,"href":"https:\/\/blogs.noticiasdenavarra.com\/el-cine-de-marco\/wp-json\/wp\/v2\/categories?post=192"},{"taxonomy":"post_tag","embeddable":true,"href":"https:\/\/blogs.noticiasdenavarra.com\/el-cine-de-marco\/wp-json\/wp\/v2\/tags?post=192"}],"curies":[{"name":"wp","href":"https:\/\/api.w.org\/{rel}","templated":true}]}}