{"id":190,"date":"2008-05-06T00:28:07","date_gmt":"2008-05-06T00:28:07","guid":{"rendered":""},"modified":"-0001-11-30T00:00:00","modified_gmt":"-0001-11-29T23:00:00","slug":"el-sombrero-de-james-stewart","status":"publish","type":"post","link":"https:\/\/blogs.noticiasdenavarra.com\/el-cine-de-marco\/2008\/05\/06\/el-sombrero-de-james-stewart\/","title":{"rendered":"El sombrero de James Stewart"},"content":{"rendered":"<p><img src=http:\/\/www2.noticiasdenavarra.com\/comunidad\/foros\/weblogs\/upload\/15\/1230652155481e527212d1f.jpg \/><\/p>\n<p>Hoy quiero abordar una curiosidad de esas que sabeis que me gustan \ud83d\ude42 . James Stewart casi siempre fue ese buen hombre que agobiado por las circunstancias y vi\u00e9ndose forzado al extremo decide plantar cara a la injusticia, me encanta la psicolog\u00eda que adoptan sus personajes&#8230; sencillos y a la vez \u00e9picos. Bueno, el caso es que parte de esa silueta larguiducha y delgada la formaba tambi\u00e9n su inseparable amigo, su sombrero \ud83d\ude44<br \/>\nA lo largo de los a\u00f1os 50 Stewart rod\u00f3 para su amigo el director Anthony Mann (Que estuvo casado con Sarita Montiel 6 a\u00f1os) un total de 5 westerns convirti\u00e9ndose en ese actor emblem\u00e1tico que hoy todos conocemos. \u00abWinchester 73\u00bb tuvo tanto \u00e9xito que dos a\u00f1os despu\u00e9s en 1952 director y actor volvieron para trabajar en \u00abHorizontes lejanos\u00bb, en la segunda repiti\u00f3 sombrero, y volvi\u00f3 a repetirse el \u00e9xito, es entonces cuando se convirte en talism\u00e1n. No cesaban las bromas entre Mann y Stewart sobre el gorrito y \u00e9ste \u00faltimo prometi\u00f3 no quit\u00e1rselo durante los rodajes que ambos compartir\u00edan. Y as\u00ed fue. Lleg\u00f3 \u00abColorado Jim\u00bb(1953), \u00abTierras lejanas\u00bb(1954) y \u00abEl hombre de Laramie\u00bb (1955), fue poco despu\u00e9s de este film cuando el sombrero ya se ca\u00eda a pedazos, muy malgastado e incluso sucio, se recomend\u00f3 al bueno de Stewart que se deshiciera de \u00e9l, y as\u00ed lo hizo muy a su pesar y despu\u00e9s de mucha insistencia por parte del equipo t\u00e9cnico.<br \/>\nY es que&#8230; actor y prenda muchas veces llegan a ser uno mismo.<br \/>\n<a href=\"http:\/\/es.youtube.com\/watch?v=H0wKkTHU-rY\">http:\/\/es.youtube.com\/watch?v=H0wKkTHU-rY<\/a><\/p>\n","protected":false},"excerpt":{"rendered":"<p>Hoy quiero abordar una curiosidad de esas que sabeis que me gustan \ud83d\ude42 . James Stewart casi siempre fue ese buen hombre que agobiado por las circunstancias y vi\u00e9ndose forzado al extremo decide plantar cara a la injusticia, me encanta la psicolog\u00eda que adoptan sus personajes&#8230; sencillos y a la vez \u00e9picos. Bueno, el caso &hellip; <a href=\"https:\/\/blogs.noticiasdenavarra.com\/el-cine-de-marco\/2008\/05\/06\/el-sombrero-de-james-stewart\/\" class=\"more-link\">Sigue leyendo <span class=\"screen-reader-text\">El sombrero de James Stewart<\/span><\/a><\/p>\n","protected":false},"author":14,"featured_media":0,"comment_status":"open","ping_status":"open","sticky":false,"template":"","format":"standard","meta":{"footnotes":""},"categories":[],"tags":[],"class_list":["post-190","post","type-post","status-publish","format-standard","hentry"],"_links":{"self":[{"href":"https:\/\/blogs.noticiasdenavarra.com\/el-cine-de-marco\/wp-json\/wp\/v2\/posts\/190","targetHints":{"allow":["GET"]}}],"collection":[{"href":"https:\/\/blogs.noticiasdenavarra.com\/el-cine-de-marco\/wp-json\/wp\/v2\/posts"}],"about":[{"href":"https:\/\/blogs.noticiasdenavarra.com\/el-cine-de-marco\/wp-json\/wp\/v2\/types\/post"}],"author":[{"embeddable":true,"href":"https:\/\/blogs.noticiasdenavarra.com\/el-cine-de-marco\/wp-json\/wp\/v2\/users\/14"}],"replies":[{"embeddable":true,"href":"https:\/\/blogs.noticiasdenavarra.com\/el-cine-de-marco\/wp-json\/wp\/v2\/comments?post=190"}],"version-history":[{"count":0,"href":"https:\/\/blogs.noticiasdenavarra.com\/el-cine-de-marco\/wp-json\/wp\/v2\/posts\/190\/revisions"}],"wp:attachment":[{"href":"https:\/\/blogs.noticiasdenavarra.com\/el-cine-de-marco\/wp-json\/wp\/v2\/media?parent=190"}],"wp:term":[{"taxonomy":"category","embeddable":true,"href":"https:\/\/blogs.noticiasdenavarra.com\/el-cine-de-marco\/wp-json\/wp\/v2\/categories?post=190"},{"taxonomy":"post_tag","embeddable":true,"href":"https:\/\/blogs.noticiasdenavarra.com\/el-cine-de-marco\/wp-json\/wp\/v2\/tags?post=190"}],"curies":[{"name":"wp","href":"https:\/\/api.w.org\/{rel}","templated":true}]}}