{"id":180,"date":"2008-03-20T01:37:21","date_gmt":"2008-03-20T01:37:21","guid":{"rendered":""},"modified":"-0001-11-30T00:00:00","modified_gmt":"-0001-11-29T23:00:00","slug":"anthony-minghella-el-desierto-de-la-fecundidad","status":"publish","type":"post","link":"https:\/\/blogs.noticiasdenavarra.com\/el-cine-de-marco\/2008\/03\/20\/anthony-minghella-el-desierto-de-la-fecundidad\/","title":{"rendered":"Anthony Minghella, el desierto de la fecundidad."},"content":{"rendered":"<p><img src=http:\/\/www2.noticiasdenavarra.com\/comunidad\/foros\/weblogs\/upload\/15\/198349141847e1b1aec2b17.jpg \/><br \/>\nDe poco hizo mucho, fue oasis que a mares inund\u00f3 la tragedia de una vida enamorada, llorando gestos de amor en el paisaje soleado de vuelos de avioneta. Fue recuerdo de bailes de sal\u00f3n de perfumados aventureros en el abismo del riesgo. El dolor del coraz\u00f3n siempre super\u00f3 el f\u00edsico que como preludio de final esperado actuaba de malheducado huesped que forzaba la memoria del pasado. <\/p>\n<p>\u00abYo no ruedo una historia de amor o una batalla; la vivo\u00bb. Su frase molde\u00f3 ese perfil de \u00e1vido lector, hizo magia, lo consigui\u00f3. Su \u00e9xito residi\u00f3 en el aprendizaje de todo lo que le rodeaba, todo le interesaba y desde el respeto camin\u00f3 en sus l\u00edneas hechas celuloide. <\/p>\n<p>Su hijo Max se enter\u00f3 de tan tr\u00e1gica noticia cuando trabajaba junto a Amenabar en la \u00e9pica obra \u00abAgora\u00bb rodada en Egipto, recoge el testigo de un padre orgulloso continuando el sue\u00f1o m\u00e1gico de su existencia. <\/p>\n<p>54 a\u00f1os, juventud que a borbotones se escap\u00f3 tras una complicaci\u00f3n m\u00e9dica, hemorragia que ahog\u00f3 su genialidad para dejarla intacta en nuestro recuerdo. <\/p>\n<p>Anthony Minghella, un rom\u00e1ntico so\u00f1ador que de forma exquisita fue paciente con nosotros para ser ingl\u00e9s, de origen italiano y ciudadano del cine en el desierto de nuestro celuloide planeando en paisajes de amor. <\/p>\n<p>Descanse en paz.<\/p>\n","protected":false},"excerpt":{"rendered":"<p>De poco hizo mucho, fue oasis que a mares inund\u00f3 la tragedia de una vida enamorada, llorando gestos de amor en el paisaje soleado de vuelos de avioneta. Fue recuerdo de bailes de sal\u00f3n de perfumados aventureros en el abismo del riesgo. El dolor del coraz\u00f3n siempre super\u00f3 el f\u00edsico que como preludio de final &hellip; <a href=\"https:\/\/blogs.noticiasdenavarra.com\/el-cine-de-marco\/2008\/03\/20\/anthony-minghella-el-desierto-de-la-fecundidad\/\" class=\"more-link\">Sigue leyendo <span class=\"screen-reader-text\">Anthony Minghella, el desierto de la fecundidad.<\/span><\/a><\/p>\n","protected":false},"author":14,"featured_media":0,"comment_status":"open","ping_status":"open","sticky":false,"template":"","format":"standard","meta":{"footnotes":""},"categories":[],"tags":[],"class_list":["post-180","post","type-post","status-publish","format-standard","hentry"],"_links":{"self":[{"href":"https:\/\/blogs.noticiasdenavarra.com\/el-cine-de-marco\/wp-json\/wp\/v2\/posts\/180","targetHints":{"allow":["GET"]}}],"collection":[{"href":"https:\/\/blogs.noticiasdenavarra.com\/el-cine-de-marco\/wp-json\/wp\/v2\/posts"}],"about":[{"href":"https:\/\/blogs.noticiasdenavarra.com\/el-cine-de-marco\/wp-json\/wp\/v2\/types\/post"}],"author":[{"embeddable":true,"href":"https:\/\/blogs.noticiasdenavarra.com\/el-cine-de-marco\/wp-json\/wp\/v2\/users\/14"}],"replies":[{"embeddable":true,"href":"https:\/\/blogs.noticiasdenavarra.com\/el-cine-de-marco\/wp-json\/wp\/v2\/comments?post=180"}],"version-history":[{"count":0,"href":"https:\/\/blogs.noticiasdenavarra.com\/el-cine-de-marco\/wp-json\/wp\/v2\/posts\/180\/revisions"}],"wp:attachment":[{"href":"https:\/\/blogs.noticiasdenavarra.com\/el-cine-de-marco\/wp-json\/wp\/v2\/media?parent=180"}],"wp:term":[{"taxonomy":"category","embeddable":true,"href":"https:\/\/blogs.noticiasdenavarra.com\/el-cine-de-marco\/wp-json\/wp\/v2\/categories?post=180"},{"taxonomy":"post_tag","embeddable":true,"href":"https:\/\/blogs.noticiasdenavarra.com\/el-cine-de-marco\/wp-json\/wp\/v2\/tags?post=180"}],"curies":[{"name":"wp","href":"https:\/\/api.w.org\/{rel}","templated":true}]}}