{"id":177,"date":"2008-02-27T01:07:52","date_gmt":"2008-02-27T01:07:52","guid":{"rendered":""},"modified":"-0001-11-30T00:00:00","modified_gmt":"-0001-11-29T23:00:00","slug":"toma-ya","status":"publish","type":"post","link":"https:\/\/blogs.noticiasdenavarra.com\/el-cine-de-marco\/2008\/02\/27\/toma-ya\/","title":{"rendered":"\u00a1Toma ya!"},"content":{"rendered":"<p><img src=http:\/\/www2.noticiasdenavarra.com\/comunidad\/foros\/weblogs\/upload\/15\/32575334447c5e9b053d62.jpg \/><br \/>\nhttp:\/\/es.youtube.com\/watch?v=qLCTrRV9t-s<br \/>\nMomentos previos, tensi\u00f3n en fragmentos de ventanas a modo de retrato, las estrellas con smoking adornan el entorno de un tal Javier Bardem acompa\u00f1ado por el sacrificio a su izquierda. Pilar de nombre y madre por vocaci\u00f3n, su vestido en las rebajas de un corte ingl\u00e9s m\u00e1s espa\u00f1ol que nunca, glamour a pie de calle y lecci\u00f3n de humildad. De pronto r\u00e1pido se escucha un nombre y lentamente pasan por mi cabeza la historia del cine en este pa\u00eds&#8230; tan r\u00e1pido, tan fugaz, tan intenso, s\u00ed, se ha hecho historia\u2026 Merecido e inconsciente homenaje a todos los grandes actores que no recibieron tal gloria y que sin duda Oscar ha repartido su luz tambi\u00e9n para ellos, actores que hoy sonr\u00eden unos aqu\u00ed y otros all\u00e1 donde est\u00e9n: Adolfo Marsillach, Pepe Isbert, Alfredo Mayo, Francisco Rabal, Fernando Fern\u00e1n G\u00f3mez, Jos\u00e9 Lu\u00eds L\u00f3pez V\u00e1zquez, Fernando Rey, Alfredo Landa, Agust\u00edn Gonzalez, Jos\u00e9 Sacrist\u00e1n, Carmelo G\u00f3mez\u2026 y tantos otros.<\/p>\n<p>Y es que ya no somos extra\u00f1os en la noche,  me emociono mientras Bardem se arranca con energ\u00eda y sube cada pelda\u00f1o de un triunfo ya total, por momentos parece que pueda subir los brazos ante la multitud, pero no; coge aire y yo tambi\u00e9n. En la retina los escalones de Philadelphia hoy se trasladan al teatro Kodak como met\u00e1fora de victoria, se frota las manos y estrecha el dorado ser, Jennifer Hudson se retira mientras la c\u00e1mara hace un travelling lateral de izquierda a derecha sobre la espalda del actor, primer plano y lo dem\u00e1s es historia, Los Coen, su peinado, Tommy Lee Jones, Josh Brolin, su madre, los abuelos y todos los c\u00f3micos, tan poco reconocidos\u2026 Brindis para todo un pa\u00eds que siempre ha tenido grandes actores y que hoy merecen especialmente un recuerdo. Oscar, tan querido y muchas veces tan injusto, aquel que recibi\u00f3 un beso en el mismo trasero; culpa de ello lo tiene su personaje, el despiadado de horrible pelo y coraz\u00f3n oscuro Anton Chigurh, inolvidable. <\/p>\n<p>Y es que ya no somos extra\u00f1os en la noche y nos emocionamos porque este premio es un poco de todos, con la sonrisa de la felicidad me despido recordando brevemente parte de nuestros veteranos y eternos actores, si\u2026 aunque como ya sabemos <strong>No es pa\u00eds para viejos<\/strong>.<br \/>\n<a href=\"http:\/\/es.youtube.com\/watch?v=KdYnQ5S_AsQ\">http:\/\/es.youtube.com\/watch?v=KdYnQ5S_AsQ<\/a><\/p>\n","protected":false},"excerpt":{"rendered":"<p>http:\/\/es.youtube.com\/watch?v=qLCTrRV9t-s Momentos previos, tensi\u00f3n en fragmentos de ventanas a modo de retrato, las estrellas con smoking adornan el entorno de un tal Javier Bardem acompa\u00f1ado por el sacrificio a su izquierda. Pilar de nombre y madre por vocaci\u00f3n, su vestido en las rebajas de un corte ingl\u00e9s m\u00e1s espa\u00f1ol que nunca, glamour a pie de &hellip; <a href=\"https:\/\/blogs.noticiasdenavarra.com\/el-cine-de-marco\/2008\/02\/27\/toma-ya\/\" class=\"more-link\">Sigue leyendo <span class=\"screen-reader-text\">\u00a1Toma ya!<\/span><\/a><\/p>\n","protected":false},"author":14,"featured_media":0,"comment_status":"open","ping_status":"open","sticky":false,"template":"","format":"standard","meta":{"footnotes":""},"categories":[],"tags":[],"class_list":["post-177","post","type-post","status-publish","format-standard","hentry"],"_links":{"self":[{"href":"https:\/\/blogs.noticiasdenavarra.com\/el-cine-de-marco\/wp-json\/wp\/v2\/posts\/177","targetHints":{"allow":["GET"]}}],"collection":[{"href":"https:\/\/blogs.noticiasdenavarra.com\/el-cine-de-marco\/wp-json\/wp\/v2\/posts"}],"about":[{"href":"https:\/\/blogs.noticiasdenavarra.com\/el-cine-de-marco\/wp-json\/wp\/v2\/types\/post"}],"author":[{"embeddable":true,"href":"https:\/\/blogs.noticiasdenavarra.com\/el-cine-de-marco\/wp-json\/wp\/v2\/users\/14"}],"replies":[{"embeddable":true,"href":"https:\/\/blogs.noticiasdenavarra.com\/el-cine-de-marco\/wp-json\/wp\/v2\/comments?post=177"}],"version-history":[{"count":0,"href":"https:\/\/blogs.noticiasdenavarra.com\/el-cine-de-marco\/wp-json\/wp\/v2\/posts\/177\/revisions"}],"wp:attachment":[{"href":"https:\/\/blogs.noticiasdenavarra.com\/el-cine-de-marco\/wp-json\/wp\/v2\/media?parent=177"}],"wp:term":[{"taxonomy":"category","embeddable":true,"href":"https:\/\/blogs.noticiasdenavarra.com\/el-cine-de-marco\/wp-json\/wp\/v2\/categories?post=177"},{"taxonomy":"post_tag","embeddable":true,"href":"https:\/\/blogs.noticiasdenavarra.com\/el-cine-de-marco\/wp-json\/wp\/v2\/tags?post=177"}],"curies":[{"name":"wp","href":"https:\/\/api.w.org\/{rel}","templated":true}]}}