{"id":132,"date":"2007-10-25T12:07:57","date_gmt":"2007-10-25T12:07:57","guid":{"rendered":""},"modified":"-0001-11-30T00:00:00","modified_gmt":"-0001-11-29T23:00:00","slug":"jean-seberg-la-olvidada","status":"publish","type":"post","link":"https:\/\/blogs.noticiasdenavarra.com\/el-cine-de-marco\/2007\/10\/25\/jean-seberg-la-olvidada\/","title":{"rendered":"Jean Seberg, \u00abla olvidada\u00bb"},"content":{"rendered":"<p><a href='http:\/\/imageshack.us'><img src=http:\/\/img148.imageshack.us\/img148\/4735\/boutpatricia11sy0.jpg \/><\/a><\/p>\n<p><iframe loading=\"lazy\" title=\"Jean Seberg\" width=\"660\" height=\"495\" src=\"https:\/\/www.youtube.com\/embed\/Zi26NsTIrvY?feature=oembed\" frameborder=\"0\" allow=\"accelerometer; autoplay; clipboard-write; encrypted-media; gyroscope; picture-in-picture; web-share\" referrerpolicy=\"strict-origin-when-cross-origin\" allowfullscreen><\/iframe><br \/>\nUn tal Okariz la rescat\u00f3 de su letargo y aqu\u00ed la mostramos al mundo, para que disfrute de ella porque 28 a\u00f1os despu\u00e9s de su muerte todav\u00eda nos tiene mucho que dar, su belleza limpia y pura de un rostro, una figura que revoluciona (y hablo en presente) el mundo de la moda, su forma de caminar su cabello recortado, un estilo actual que solo las guapas pueden osar, ese pelo gar\u00e7on de chica mala. Una Bad girl de ojos almendrados y finas piernas en estrechos pantalones y camisetas de mensajes, que nunca distrajeron su belleza, siempre nos fijamos m\u00e1s y m\u00e1s&#8230; y m\u00e1s. Porque esta viva en su mirada en sus gestos de vida, en sus manos. Belmondo la acompa\u00f1aba, solo un atrevido vividor de ideas frescas y espont\u00e1neo pod\u00eda hacerlo, \u00e9l lo hizo una tarde urbana de cigarros humeantes de horizontales recuerdos,  chica inusual de oidos aburridos esperaba que llegara alguien para refrescarla una y otra vez, alguien que la divirtiera para siempre, pero nunca lleg\u00f3. Ella todav\u00eda aguarda ese momento que seguro est\u00e1 cerca, o quiz\u00e1s ya lo consigui\u00f3 all\u00e1 en el cielo estrellado de la perpetua primavera, porque ella siempre fue primavera floreciente. D\u00e9jame revolver tu pelo cortito mientras dibujas sonrisas sonoras de felicidad. Olvida aquel callej\u00f3n oscuro y ven, ven al amanecer de tu luz eterna. Jean Seberg, la olvidada.<br \/>\n(Carmen, atr\u00e9vete y c\u00f3rtatelo solo un poquito m\u00e1s&#8230; ese pelo,  esa sonrisa eterna&#8230; a Jane y a mi nos gusta!  \ud83d\ude00  \ud83d\ude09 )<\/p>\n","protected":false},"excerpt":{"rendered":"<p>Un tal Okariz la rescat\u00f3 de su letargo y aqu\u00ed la mostramos al mundo, para que disfrute de ella porque 28 a\u00f1os despu\u00e9s de su muerte todav\u00eda nos tiene mucho que dar, su belleza limpia y pura de un rostro, una figura que revoluciona (y hablo en presente) el mundo de la moda, su forma &hellip; <a href=\"https:\/\/blogs.noticiasdenavarra.com\/el-cine-de-marco\/2007\/10\/25\/jean-seberg-la-olvidada\/\" class=\"more-link\">Sigue leyendo <span class=\"screen-reader-text\">Jean Seberg, \u00abla olvidada\u00bb<\/span><\/a><\/p>\n","protected":false},"author":14,"featured_media":0,"comment_status":"open","ping_status":"open","sticky":false,"template":"","format":"standard","meta":{"footnotes":""},"categories":[],"tags":[],"class_list":["post-132","post","type-post","status-publish","format-standard","hentry"],"_links":{"self":[{"href":"https:\/\/blogs.noticiasdenavarra.com\/el-cine-de-marco\/wp-json\/wp\/v2\/posts\/132","targetHints":{"allow":["GET"]}}],"collection":[{"href":"https:\/\/blogs.noticiasdenavarra.com\/el-cine-de-marco\/wp-json\/wp\/v2\/posts"}],"about":[{"href":"https:\/\/blogs.noticiasdenavarra.com\/el-cine-de-marco\/wp-json\/wp\/v2\/types\/post"}],"author":[{"embeddable":true,"href":"https:\/\/blogs.noticiasdenavarra.com\/el-cine-de-marco\/wp-json\/wp\/v2\/users\/14"}],"replies":[{"embeddable":true,"href":"https:\/\/blogs.noticiasdenavarra.com\/el-cine-de-marco\/wp-json\/wp\/v2\/comments?post=132"}],"version-history":[{"count":0,"href":"https:\/\/blogs.noticiasdenavarra.com\/el-cine-de-marco\/wp-json\/wp\/v2\/posts\/132\/revisions"}],"wp:attachment":[{"href":"https:\/\/blogs.noticiasdenavarra.com\/el-cine-de-marco\/wp-json\/wp\/v2\/media?parent=132"}],"wp:term":[{"taxonomy":"category","embeddable":true,"href":"https:\/\/blogs.noticiasdenavarra.com\/el-cine-de-marco\/wp-json\/wp\/v2\/categories?post=132"},{"taxonomy":"post_tag","embeddable":true,"href":"https:\/\/blogs.noticiasdenavarra.com\/el-cine-de-marco\/wp-json\/wp\/v2\/tags?post=132"}],"curies":[{"name":"wp","href":"https:\/\/api.w.org\/{rel}","templated":true}]}}