{"id":398,"date":"2019-03-28T15:02:32","date_gmt":"2019-03-28T14:02:32","guid":{"rendered":"https:\/\/blogs.noticiasdenavarra.com\/desde-el-jardin-de-epicuro\/?p=398"},"modified":"2019-03-28T15:10:52","modified_gmt":"2019-03-28T14:10:52","slug":"nostalgico-pero-vital-jardin","status":"publish","type":"post","link":"https:\/\/blogs.noticiasdenavarra.com\/desde-el-jardin-de-epicuro\/2019\/03\/28\/nostalgico-pero-vital-jardin\/","title":{"rendered":"Nost\u00e1lgico pero vital Jard\u00edn."},"content":{"rendered":"<p><a href=\"https:\/\/blogs.noticiasdenavarra.com\/desde-el-jardin-de-epicuro\/2006\/03\/29\/levanten-armas\/\">Ma\u00f1ana<\/a>\u00a0cumplimos\u00a0a\u00f1os: tanto el blog como servidor (todo empez\u00f3, ah\u00ed tienen el enlace, con un \u00abpost\u00bb sobre una tregua y otro \u00abpost\u00bb como un sincero homenaje al Rock y a la noche).<\/p>\n<p>Ma\u00f1ana es ma\u00f1ana: no <em>es\u00a0<\/em>todav\u00eda. Vivimos en gerundio perpetuo: <strong>viviendo<\/strong>. El presente es ahora, mientras termino de escribir esta frase, siendo el principio de la misma ya lo que llamamos: pasado. As\u00ed de r\u00e1pido y subjetivo es el tiempo (\u201c<em>Tempus fugit<\/em>\u201d).<\/p>\n<p>Pero m\u00e1s all\u00e1 de ciertas consideraciones, uno se acuerda de nuestros mayores por aquella sabia frase: \u201c<em>te das cuenta de que el tiempo pasa conforme van qued\u00e1ndose en el camino amigos y conocidos<\/em>\u201d. Bien, presupongo que me queda vida y no s\u00e9 si conocer\u00e9 eso que han conocido nuestros mayores como \u201cjubilaci\u00f3n\u201d, pero est\u00e1 claro que, en lo que llaman \u201cmediana edad\u201d, uno ya ha vivido lo suficiente como para haber viajado, no viajado, amado, desenamorado, trabajado, desempleado, subido, bajado, hecho, deshecho, construido, destruido, ido, venido, tener mil amigos, tener pocos y buenos, conocer debilidades ajenas, aprender a no juzgarlas, desconocerse un poco a s\u00ed mismo y compadecerse, dejar de hacerlo conoci\u00e9ndose y queri\u00e9ndose.. de todo\u2026<\/p>\n<p><a href=\"https:\/\/blogs.noticiasdenavarra.com\/desde-el-jardin-de-epicuro\/files\/2019\/03\/baltasar-gracian.detail.jpg\"><img loading=\"lazy\" decoding=\"async\" class=\"alignleft size-full wp-image-401\" src=\"https:\/\/blogs.noticiasdenavarra.com\/desde-el-jardin-de-epicuro\/files\/2019\/03\/baltasar-gracian.detail.jpg\" alt=\"\" width=\"140\" height=\"157\" \/><\/a>Dec\u00eda <strong>Baltasar Graci\u00e1n<\/strong> que dos cosas acaban r\u00e1pidamente con la vida: la necedad o el vicio. Nunca unas palabras fueron tan actuales. En todas las vidas que fueron y ser\u00e1n, me temo. En esas vidas donde todas y todos cumplimos a\u00f1os (hoy, ma\u00f1ana, en general: \u201c<em>mejor cumplir a\u00f1os que dejar de hacerlo<\/em>\u201d; certera de nuevo la sabidur\u00eda de nuestros mayores).<\/p>\n<p>Y me obsesionan las frases de <strong>Graci\u00e1n<\/strong>:<\/p>\n<p>\u201c<strong><em>Quien vive deprisa en el vicio, pronto termina de dos maneras: acaba con la vida y con la honra. Quien vive deprisa en la virtud, nunca muere. La entereza del \u00e1nimo se transmite al cuerpo: la vida buena es larga no s\u00f3lo por su intensidad, sino tambi\u00e9n por su extensi\u00f3n<\/em><\/strong>\u201d.<\/p>\n<p>No creo que haga falta mayor explicaci\u00f3n: vivir deprisa (yo lo hice) conlleva riesgos. Elevad\u00edsimos riesgos. No son pocos los que conoc\u00ed, en pasado, que as\u00ed vivieron.<\/p>\n<p>\u201c<strong><em>Vive deprisa y tendr\u00e1s un bonito cad\u00e1ver<\/em><\/strong>\u201d fue el lema de un par de generaciones. Aquello fue devastador, respetable, fulminante.<\/p>\n<p>Vivir deprisa en la virtud, que en <strong>Graci\u00e1n<\/strong> se traduce en el vivir indagando, estudiando, observando; se me antoja much\u00edsimo m\u00e1s dif\u00edcil y atractivo que vivir deprisa en el vicio. En esta forma \u201cviciosa\u201d y acelerada de vida el momento no se disfruta. En la otra manera reivindicada es vivir deprisa por el r\u00e1pido fluir, placentero, de ir de descubrimiento en descubrimiento. La fascinaci\u00f3n, como las preguntas de un ni\u00f1o que reivindicara <strong>Descartes<\/strong> como el inicio de la Filosof\u00eda, forma parte nuclear de ese \u201c<strong><em>vivir deprisa en la virtud<\/em><\/strong>\u201d.<\/p>\n<p><a href=\"https:\/\/blogs.noticiasdenavarra.com\/desde-el-jardin-de-epicuro\/files\/2019\/03\/grossman0.jpg\"><img loading=\"lazy\" decoding=\"async\" class=\"alignleft size-full wp-image-399\" src=\"https:\/\/blogs.noticiasdenavarra.com\/desde-el-jardin-de-epicuro\/files\/2019\/03\/grossman0.jpg\" alt=\"\" width=\"220\" height=\"290\" \/><\/a>Y luego est\u00e1 el car\u00e1cter de cada cual, por supuesto. Si los estoicos dec\u00edan que el car\u00e1cter de un hombre es su destino por saber c\u00f3mo amoldarse a los cambiantes avatares de esta azarosa vida, m\u00e1s a tener en cuenta todav\u00eda estar\u00eda el protagonista de \u201c<strong><em>Todo fluye<\/em><\/strong>\u201d, novela de <strong>Vasili Grossman<\/strong>. <strong>Iv\u00e1n Grig\u00f3rievich<\/strong>. Es pertinente rememorar aqu\u00ed c\u00f3mo reflexiona <strong>Grossman<\/strong> sobre su atormentado protagonista \u201c<strong><em>As\u00ed, no se trataba de una cuesti\u00f3n de circunstancias externas. El destino desafortunado y amargo de Iv\u00e1n depend\u00eda de s\u00ed mismo<\/em><\/strong>\u201d.<\/p>\n<p>Esa sabidur\u00eda, ese saberse due\u00f1o del destino de uno sin depender tanto de circunstancias graves, ex\u00f3genas, hace que se consiga ese equilibrio que tanto busca la \u00c9tica: el arte del buen vivir. (<strong><em>El arte de la Prudencia<\/em> <\/strong>es el t\u00edtulo del libro que tanto admiro de <strong>Graci\u00e1n<\/strong>).<\/p>\n<p>La virtud es vivir deprisa, claro, pero con la vista puesta en la Realidad, tozuda y sagrada hasta para un ateo. Esa Realidad que acaba con cualquier dogma, con cualquier credo. Y saber que todo, a fin de cuentas, todo, depende de uno.<\/p>\n<p>Y en eso reflexionaba mientras hoy caminaba y caminaba por mi jard\u00edn este aspirante a \u201cjuntaletras\u201d.<\/p>\n<p>Sean felicitados todos aquellos que hoy, ma\u00f1ana, \u00a1cuando sea!, tengan a bien pasarse por estos pagos.<\/p>\n<p>Y vivan en un profundo <strong><em>Carpe Diem<\/em><\/strong>; pero no derrochando vida\u2026no derrochando tiempo (escribo aplic\u00e1ndomelo, cr\u00e9anme) y viviendo con la intensidad requerida para fascinarse por todo. Peque\u00f1as cosas sobre y ante todo. Y recuerden que el miedo paraliza: nos hace anticipar cosas que no han ocurrido. As\u00ed que viendo si hay agua previamente nada m\u00e1s: zamb\u00fallanse en la piscina vital sin ning\u00fan miedo. De todo se sale. Salvo de una cosa: el final mismo. Lo que queda hasta ese momento es presente continuo: vida.<\/p>\n<p>As\u00ed, quit\u00e1ndome el pesado abrigo de la nostalgia de encima: vivo ahora mismo brindando sinceramente por todos Vds.<\/p>\n<p>\u00a1Salud!<\/p>\n<p><strong>Foto superior: Baltasar Graci\u00e1n.<\/strong><\/p>\n<p><strong>Foto inferior: Vasili Grossman.<\/strong><\/p>\n","protected":false},"excerpt":{"rendered":"<p>Ma\u00f1ana\u00a0cumplimos\u00a0a\u00f1os: tanto el blog como servidor (todo empez\u00f3, ah\u00ed tienen el enlace, con un \u00abpost\u00bb sobre una tregua y otro \u00abpost\u00bb como un sincero homenaje al Rock y a la noche). Ma\u00f1ana es ma\u00f1ana: no es\u00a0todav\u00eda. Vivimos en gerundio perpetuo: &hellip; <a href=\"https:\/\/blogs.noticiasdenavarra.com\/desde-el-jardin-de-epicuro\/2019\/03\/28\/nostalgico-pero-vital-jardin\/\">Sigue leyendo <span class=\"meta-nav\">&rarr;<\/span><\/a><\/p>\n","protected":false},"author":10,"featured_media":0,"comment_status":"open","ping_status":"open","sticky":false,"template":"","format":"standard","meta":{"footnotes":""},"categories":[1],"tags":[],"class_list":["post-398","post","type-post","status-publish","format-standard","hentry","category-general"],"_links":{"self":[{"href":"https:\/\/blogs.noticiasdenavarra.com\/desde-el-jardin-de-epicuro\/wp-json\/wp\/v2\/posts\/398","targetHints":{"allow":["GET"]}}],"collection":[{"href":"https:\/\/blogs.noticiasdenavarra.com\/desde-el-jardin-de-epicuro\/wp-json\/wp\/v2\/posts"}],"about":[{"href":"https:\/\/blogs.noticiasdenavarra.com\/desde-el-jardin-de-epicuro\/wp-json\/wp\/v2\/types\/post"}],"author":[{"embeddable":true,"href":"https:\/\/blogs.noticiasdenavarra.com\/desde-el-jardin-de-epicuro\/wp-json\/wp\/v2\/users\/10"}],"replies":[{"embeddable":true,"href":"https:\/\/blogs.noticiasdenavarra.com\/desde-el-jardin-de-epicuro\/wp-json\/wp\/v2\/comments?post=398"}],"version-history":[{"count":3,"href":"https:\/\/blogs.noticiasdenavarra.com\/desde-el-jardin-de-epicuro\/wp-json\/wp\/v2\/posts\/398\/revisions"}],"predecessor-version":[{"id":403,"href":"https:\/\/blogs.noticiasdenavarra.com\/desde-el-jardin-de-epicuro\/wp-json\/wp\/v2\/posts\/398\/revisions\/403"}],"wp:attachment":[{"href":"https:\/\/blogs.noticiasdenavarra.com\/desde-el-jardin-de-epicuro\/wp-json\/wp\/v2\/media?parent=398"}],"wp:term":[{"taxonomy":"category","embeddable":true,"href":"https:\/\/blogs.noticiasdenavarra.com\/desde-el-jardin-de-epicuro\/wp-json\/wp\/v2\/categories?post=398"},{"taxonomy":"post_tag","embeddable":true,"href":"https:\/\/blogs.noticiasdenavarra.com\/desde-el-jardin-de-epicuro\/wp-json\/wp\/v2\/tags?post=398"}],"curies":[{"name":"wp","href":"https:\/\/api.w.org\/{rel}","templated":true}]}}