{"id":366,"date":"2016-12-22T14:11:39","date_gmt":"2016-12-22T13:11:39","guid":{"rendered":"http:\/\/blogs.noticiasdenavarra.com\/desde-el-jardin-de-epicuro\/?p=366"},"modified":"2016-12-22T14:11:39","modified_gmt":"2016-12-22T13:11:39","slug":"y-de-repente-todo-fijo","status":"publish","type":"post","link":"https:\/\/blogs.noticiasdenavarra.com\/desde-el-jardin-de-epicuro\/2016\/12\/22\/y-de-repente-todo-fijo\/","title":{"rendered":"Y de repente&#8230;todo fijo."},"content":{"rendered":"<p><a href=\"http:\/\/blogs.noticiasdenavarra.com\/desde-el-jardin-de-epicuro\/files\/2016\/12\/Baltasar_Gracian.jpg\"><img loading=\"lazy\" decoding=\"async\" class=\"alignleft size-full wp-image-367\" src=\"http:\/\/blogs.noticiasdenavarra.com\/desde-el-jardin-de-epicuro\/files\/2016\/12\/Baltasar_Gracian.jpg\" alt=\"Baltasar_Gracian\" width=\"180\" height=\"251\" \/><\/a>\u00a1Es la Loter\u00eda \u00a1idiotas!<\/p>\n<p>\u00bfAcaso cre\u00edan que el problema de los refugiados de <strong>Siria<\/strong>, del pr\u00e1cticamente Norte entero de <strong>\u00c1frica<\/strong>, la victoria de m\u00e1s o menos \u201cpopulistas\u201d y dogm\u00e1ticos en el mism\u00edsimo coraz\u00f3n de <strong>Estados Unidos<\/strong> y en <strong>Europa<\/strong>; tendr\u00edan cabida\u00a0hoy?<\/p>\n<p>\u00bfAcaso cre\u00edan que el atentado te\u00f3crata \u2013espero no vuelvan a llamarme lo que no soy: islam\u00f3fobo, porque me carcajeo- de <strong>Berl\u00edn<\/strong> iba a seguir dando que hablar\u2026o el sospechos\u00edsimo atentado contra el embajador ruso en <strong>Ankara<\/strong>?<\/p>\n<p>\u00bfAcaso cre\u00edan que las matanzas en <strong>Yemen<\/strong>, <strong>Siria<\/strong>, <strong>Iraq<\/strong> o el proceso de paz en <strong>Colombia<\/strong> iban a ser hoy noticia?<\/p>\n<p>\u00bf<strong>Alepo<\/strong>; <strong>Raqqa, Idlib, Mosul<\/strong>&#8230;?: \u00a1\u00a1\u00a1jam\u00e1s de los jamases!!!<\/p>\n<p>\u00bfPero en qu\u00e9 mundo viven Vds., queridos lectores que tienen a bien visitar este Jard\u00edn?<\/p>\n<p>Hoy lo tengo lleno de humedad y de ni\u00f1os lejanos que no dejan de ser escuchados por m\u00ed desde el punto de la ma\u00f1ana trabajando en\u00a0tan verde y arreglada parcela ajardinada.<\/p>\n<p>Cuando he despertado ni lo recordaba.<\/p>\n<p>Y cuanto m\u00e1s me despejaba, m\u00e1s me sorprend\u00eda en el final m\u00e1s grave de los grititos de tan tiernos imberbes.<\/p>\n<p>Y cuando iba siendo yo mismo, me he recordado implacable: \u201ces la Loter\u00eda \u00a1idiota!\u201d.<\/p>\n<p>El mundo se para: todo hoy es Loter\u00eda.<\/p>\n<p>Hace un a\u00f1o y un mes fueron los ignominiosos y (como todos los atentados) provocadores ataques te\u00f3cratas en <strong>Par\u00eds<\/strong>\u2026en <strong>Bruselas<\/strong>\u2026donde el <em><strong>multiculturalismo<\/strong><\/em> muestra su verdadera faz: una patra\u00f1a. Guetos de los que se aprovechan los ulemas con dinero saud\u00ed, las m\u00e1s de las veces.<\/p>\n<p>Ese multiculturalismo, hijo del Romanticismo germano del XIX (<strong>Herder<\/strong>) y del <em>sesentayochismo<\/em> bien intencionado franc\u00e9s: el mismo que aqu\u00ed siempre denuncio mientras planto br\u00f3coli, as\u00ed como denunciaba infatigable el fallecido <strong>Andr\u00e9 Glucksmann<\/strong> tambi\u00e9n; el multiculturalismo, digo, nos mostr\u00f3 su cara. La aut\u00e9ntica. La verdadera. Barrios enormes de <strong>Bruselas<\/strong> donde polic\u00edas y militares son recibidos a botellazos y pedradas al ir a detener a algunos de los autores de las matanzas en <strong>Bataclan,<\/strong> en el <strong>Estadio de Francia<\/strong>, en las terrazas parisinas donde <strong>Sartre<\/strong> y <strong>Beauvoir<\/strong> ve\u00edan la vida pasar con un caf\u00e9 o un cognac, escribiendo, observando, pontificando, filosofando a veces\u2026<\/p>\n<p>Hoy no hay Paro; no hay recortes desde la f\u00e9rrea y brutal\u00a0<strong>U.E.<\/strong>; no hay problemas.<\/p>\n<p>Todo es Esperanza (ese peligros\u00edsimo sentimiento irracional a todas Luces, valga la broma). Esperanza de ser ricos previo paso por la diligente cuando quiere,\u00a0Hacienda.<\/p>\n<p>Todo es <em>buenrollismo<\/em> y algarab\u00eda\u2026<\/p>\n<p>Si alguien no sigue la corriente: es un amargado.<\/p>\n<p>Supongo que si alguien est\u00e1 en el Paro m\u00e1s absoluto y cuenta con m\u00e1s de cuarenta o cincuenta <em>casta\u00f1as:<\/em> tiende a joder m\u00e1s la fiesta que cualquier otro. M\u00e1xime si se queja por no recibir prestaciones. Por no encontrar empleo y caso de conseguirlo (toda una Epifan\u00eda), protestar por las horrorosas condiciones y precariedad laborales.<\/p>\n<p>No, hoy es d\u00eda de Esperanza.<\/p>\n<p>Todo es repentina y siniestramente: una foto fija.<\/p>\n<p>Los programas matinales ya no buscan a la chica desaparecida, tampoco hablan de sucesos escabrosos, de violaciones intolerables: hoy el mundo en este pa\u00eds es una sonrisa fija que muestra molares e incisivos impecables.<\/p>\n<p>La foto fija de una Ilusi\u00f3n, de una Esperanza\u2026la de una enorme Mentira.<\/p>\n<p>Y me despido con el siempre certero y sabio donde los haya, <strong>Baltasar Graci\u00e1n<\/strong>. Nuestro Baltasar Graci\u00e1n:<\/p>\n<p>&nbsp;<\/p>\n<p style=\"text-align: center\"><strong><span style=\"text-decoration: underline\">\u00abEl arte de la suerte. <\/span><\/strong><\/p>\n<p style=\"text-align: center\"><em><strong>La buena suerte tiene reglas; no todo son casualidades para el sabio; el esfuerzo puede ayudar a la buena suerte. Algunos se contentan con ponerse confiadamente a las puertas de la Fortuna y esperar que ella haga algo. Otros, con mejor tino, entran por esas puertas y utilizan una audacia razonable que, junto a su virtud y valor, puede alcanzar la buena suerte y obtener sus beneficios. Pero, si bien se piensa, no hay otro camino sino el de la virtud y la prudencia, porque no hay m\u00e1s buena ni mala suerte que la prudencia o la imprudencia<\/strong>\u201d<\/em><\/p>\n<p style=\"text-align: center\">(<strong>Baltasar Graci\u00e1n<\/strong>:<em> El Arte de la Prudencia.<\/em> Par\u00e1grafo 21)<\/p>\n","protected":false},"excerpt":{"rendered":"<p>\u00a1Es la Loter\u00eda \u00a1idiotas! \u00bfAcaso cre\u00edan que el problema de los refugiados de Siria, del pr\u00e1cticamente Norte entero de \u00c1frica, la victoria de m\u00e1s o menos \u201cpopulistas\u201d y dogm\u00e1ticos en el mism\u00edsimo coraz\u00f3n de Estados Unidos y en Europa; tendr\u00edan &hellip; <a href=\"https:\/\/blogs.noticiasdenavarra.com\/desde-el-jardin-de-epicuro\/2016\/12\/22\/y-de-repente-todo-fijo\/\">Sigue leyendo <span class=\"meta-nav\">&rarr;<\/span><\/a><\/p>\n","protected":false},"author":10,"featured_media":0,"comment_status":"open","ping_status":"open","sticky":false,"template":"","format":"standard","meta":{"footnotes":""},"categories":[1],"tags":[],"class_list":["post-366","post","type-post","status-publish","format-standard","hentry","category-general"],"_links":{"self":[{"href":"https:\/\/blogs.noticiasdenavarra.com\/desde-el-jardin-de-epicuro\/wp-json\/wp\/v2\/posts\/366","targetHints":{"allow":["GET"]}}],"collection":[{"href":"https:\/\/blogs.noticiasdenavarra.com\/desde-el-jardin-de-epicuro\/wp-json\/wp\/v2\/posts"}],"about":[{"href":"https:\/\/blogs.noticiasdenavarra.com\/desde-el-jardin-de-epicuro\/wp-json\/wp\/v2\/types\/post"}],"author":[{"embeddable":true,"href":"https:\/\/blogs.noticiasdenavarra.com\/desde-el-jardin-de-epicuro\/wp-json\/wp\/v2\/users\/10"}],"replies":[{"embeddable":true,"href":"https:\/\/blogs.noticiasdenavarra.com\/desde-el-jardin-de-epicuro\/wp-json\/wp\/v2\/comments?post=366"}],"version-history":[{"count":1,"href":"https:\/\/blogs.noticiasdenavarra.com\/desde-el-jardin-de-epicuro\/wp-json\/wp\/v2\/posts\/366\/revisions"}],"predecessor-version":[{"id":368,"href":"https:\/\/blogs.noticiasdenavarra.com\/desde-el-jardin-de-epicuro\/wp-json\/wp\/v2\/posts\/366\/revisions\/368"}],"wp:attachment":[{"href":"https:\/\/blogs.noticiasdenavarra.com\/desde-el-jardin-de-epicuro\/wp-json\/wp\/v2\/media?parent=366"}],"wp:term":[{"taxonomy":"category","embeddable":true,"href":"https:\/\/blogs.noticiasdenavarra.com\/desde-el-jardin-de-epicuro\/wp-json\/wp\/v2\/categories?post=366"},{"taxonomy":"post_tag","embeddable":true,"href":"https:\/\/blogs.noticiasdenavarra.com\/desde-el-jardin-de-epicuro\/wp-json\/wp\/v2\/tags?post=366"}],"curies":[{"name":"wp","href":"https:\/\/api.w.org\/{rel}","templated":true}]}}