{"id":325,"date":"2015-01-07T18:26:50","date_gmt":"2015-01-07T17:26:50","guid":{"rendered":"http:\/\/blogs.noticiasdenavarra.com\/desde-el-jardin-de-epicuro\/?p=325"},"modified":"2015-01-07T18:32:54","modified_gmt":"2015-01-07T17:32:54","slug":"teocratas-en-paris","status":"publish","type":"post","link":"https:\/\/blogs.noticiasdenavarra.com\/desde-el-jardin-de-epicuro\/2015\/01\/07\/teocratas-en-paris\/","title":{"rendered":"Te\u00f3cratas en Par\u00eds"},"content":{"rendered":"<p style=\"text-align: center\"><em>\u00abEl fanatismo es a la superstici\u00f3n lo que el arrebato es a la fiebre, o lo que la rabia es a la c\u00f3lera\u00bb.<\/em><\/p>\n<p style=\"text-align: center\"><strong>\u00a0 <\/strong>Fran\u00e7ois-Marie Arouet, Voltaire<em>, Diccionario Filos\u00f3fico.<\/em><\/p>\n<p style=\"text-align: left\">\u00a0 Uno <img loading=\"lazy\" decoding=\"async\" class=\"alignleft size-full wp-image-326\" src=\"http:\/\/blogs.noticiasdenavarra.com\/desde-el-jardin-de-epicuro\/files\/2015\/01\/Voltaire.jpg\" alt=\"Voltaire\" width=\"205\" height=\"277\" \/>puede llegar a ser traidor a s\u00ed mismo, sinceramente. Siempre me he prometido no escribir desde la emoci\u00f3n. Hoy, lamentablemente, no puedo.<\/p>\n<p style=\"text-align: left\">Ya en este mismo jard\u00edn, denunci\u00e9 tiempo atr\u00e1s el hecho de que la revista sat\u00edrica Charlie Hebdo recibiera amenazas por tener la suficiente noci\u00f3n de qu\u00e9 es la libertad de expresi\u00f3n, como para publicar las famosas caricaturas de <em>El Profeta<\/em> de sus colegas daneses.<\/p>\n<p style=\"text-align: left\">Hoy es el d\u00eda en que las amenazas de los supersticiosos de \u201cEl Libro Sagrado\u201d, han dado rienda suelta a su salvaje fanatismo vengativo paramilitar en pleno Par\u00eds. El mismo Par\u00eds donde unos \u2013no me cabe duda- bienintencionados intelectuales <em>sesentayochistas<\/em>, recogieran el t\u00e9rmino \u201cmulticulturalismo\u201d que iniciara el decimon\u00f3nico fil\u00f3sofo germano\u00a0Herder.<\/p>\n<p style=\"text-align: left\">Uno de ellos, Andr\u00e9 Glucksmann, destacado por ser el segundo de abordo tras Daniel Cohn-Bendit en dichas revueltas de <em>Mayo del 68<\/em>, reniega ya de dicho t\u00e9rmino. Cree en la integraci\u00f3n, tras visitar los centros sociales por los que luch\u00f3 en la capital francesa. Centros sociales convertidos en guetos isl\u00e1micos de j\u00f3venes sin ninguna gana de integrarse en un pa\u00eds que lleva a gala ciertos valores republicanos. Valores, huelga decirlo, incompatibles con la medieval y mesi\u00e1nica paranoia de la escoria que hoy ha asesinado, al escribir estas l\u00edneas, a diez periodistas (incluyendo a varios \u201ctemibles\u201d caricaturistas); y a dos polic\u00edas de la manera m\u00e1s militar y fr\u00eda.<\/p>\n<p style=\"text-align: left\">No, hoy no cumplo con mi precepto de escribir desde la m\u00e1s absoluta frialdad. Desde la g\u00e9lida y racional distancia. Hoy escribo en caliente. No cumplo con mi precepto: no soy supersticioso. No soy fan\u00e1tico. Creo en la libertad y m\u00e1s a\u00fan en la libertad de expresi\u00f3n.<\/p>\n<p style=\"text-align: left\">Hoy todos los que creemos en los valores democr\u00e1ticos, somos Charlie Hebdo.<\/p>\n","protected":false},"excerpt":{"rendered":"<p>\u00abEl fanatismo es a la superstici\u00f3n lo que el arrebato es a la fiebre, o lo que la rabia es a la c\u00f3lera\u00bb. \u00a0 Fran\u00e7ois-Marie Arouet, Voltaire, Diccionario Filos\u00f3fico. \u00a0 Uno puede llegar a ser traidor a s\u00ed mismo, sinceramente. &hellip; <a href=\"https:\/\/blogs.noticiasdenavarra.com\/desde-el-jardin-de-epicuro\/2015\/01\/07\/teocratas-en-paris\/\">Sigue leyendo <span class=\"meta-nav\">&rarr;<\/span><\/a><\/p>\n","protected":false},"author":10,"featured_media":0,"comment_status":"open","ping_status":"open","sticky":false,"template":"","format":"standard","meta":{"footnotes":""},"categories":[832,830,1],"tags":[],"class_list":["post-325","post","type-post","status-publish","format-standard","hentry","category-actualidad","category-filosofia-politica","category-general"],"_links":{"self":[{"href":"https:\/\/blogs.noticiasdenavarra.com\/desde-el-jardin-de-epicuro\/wp-json\/wp\/v2\/posts\/325","targetHints":{"allow":["GET"]}}],"collection":[{"href":"https:\/\/blogs.noticiasdenavarra.com\/desde-el-jardin-de-epicuro\/wp-json\/wp\/v2\/posts"}],"about":[{"href":"https:\/\/blogs.noticiasdenavarra.com\/desde-el-jardin-de-epicuro\/wp-json\/wp\/v2\/types\/post"}],"author":[{"embeddable":true,"href":"https:\/\/blogs.noticiasdenavarra.com\/desde-el-jardin-de-epicuro\/wp-json\/wp\/v2\/users\/10"}],"replies":[{"embeddable":true,"href":"https:\/\/blogs.noticiasdenavarra.com\/desde-el-jardin-de-epicuro\/wp-json\/wp\/v2\/comments?post=325"}],"version-history":[{"count":7,"href":"https:\/\/blogs.noticiasdenavarra.com\/desde-el-jardin-de-epicuro\/wp-json\/wp\/v2\/posts\/325\/revisions"}],"predecessor-version":[{"id":333,"href":"https:\/\/blogs.noticiasdenavarra.com\/desde-el-jardin-de-epicuro\/wp-json\/wp\/v2\/posts\/325\/revisions\/333"}],"wp:attachment":[{"href":"https:\/\/blogs.noticiasdenavarra.com\/desde-el-jardin-de-epicuro\/wp-json\/wp\/v2\/media?parent=325"}],"wp:term":[{"taxonomy":"category","embeddable":true,"href":"https:\/\/blogs.noticiasdenavarra.com\/desde-el-jardin-de-epicuro\/wp-json\/wp\/v2\/categories?post=325"},{"taxonomy":"post_tag","embeddable":true,"href":"https:\/\/blogs.noticiasdenavarra.com\/desde-el-jardin-de-epicuro\/wp-json\/wp\/v2\/tags?post=325"}],"curies":[{"name":"wp","href":"https:\/\/api.w.org\/{rel}","templated":true}]}}