{"id":305,"date":"2013-12-30T21:01:53","date_gmt":"2013-12-30T20:01:53","guid":{"rendered":"http:\/\/blogs.noticiasdenavarra.com\/desde-el-jardin-de-epicuro\/?p=305"},"modified":"2014-01-01T12:33:00","modified_gmt":"2014-01-01T11:33:00","slug":"y-que-nada-cambie","status":"publish","type":"post","link":"https:\/\/blogs.noticiasdenavarra.com\/desde-el-jardin-de-epicuro\/2013\/12\/30\/y-que-nada-cambie\/","title":{"rendered":"Y que nada cambie&#8230;."},"content":{"rendered":"<p><em><a href=\"http:\/\/blogs.noticiasdenavarra.com\/desde-el-jardin-de-epicuro\/files\/2013\/12\/582679-granulado-de-color-rojo-brillante-bola-de-navidad1.jpg\"><img loading=\"lazy\" decoding=\"async\" class=\"alignleft size-full wp-image-307\" alt=\"582679-granulado-de-color-rojo-brillante-bola-de-navidad\" src=\"http:\/\/blogs.noticiasdenavarra.com\/desde-el-jardin-de-epicuro\/files\/2013\/12\/582679-granulado-de-color-rojo-brillante-bola-de-navidad1.jpg\" width=\"201\" height=\"300\" \/><\/a><\/em>Es algo que uno no puede evitar: esa sensaci\u00f3n de que nada cambia. Lo est\u00e1tico es sin\u00f3nimo de muerte. S\u00f3lo el movimiento es vida. Pero s\u00ed, es algo que no puedo evitar. C\u00f3mo ser\u00e1 el hecho en s\u00ed que consigue animarme a escribir en este jard\u00edn un tanto maltrecho y descuidado. De nuevo el ambiente empalagoso. Sigo respetando, sinceramente, a quien disfrute de las navide\u00f1as festividades. M\u00e1xime a quien se haya dedicado a procrear la especie por darle m\u00e1s sentido a\u00a0 todo. Pero yo, tras unos largos paseos por la ciudad y por diferentes zonas, sigo opinando lo mismo. Veo t\u00e9tricamente inmutable todo un a\u00f1o m\u00e1s. Otro a\u00f1o m\u00e1s<em>\u00a0(Tempus Fugit<\/em>).<\/p>\n<p>No me molesta el mercantilismo: esta \u00e9poca hace que se mueva \u201cla pana\u201d \u2013aunque sea poco- y se creen algunos puestos de trabajo. Que el comercio tenga algo de movimiento no me parece mal. Vamos, que como soy as\u00ed de <em>especialito<\/em> o que simplemente tengo una opini\u00f3n propia, puedo estar m\u00e1s de acuerdo con quienes disfrutan estos d\u00edas sin m\u00e1s pretensiones. No puedo estar tan de acuerdo, no obstante, con los quejicosos que nost\u00e1lgicamente hablan de que un pretendido \u201cesp\u00edritu navide\u00f1o\u201d se ha echado a perder por el mercantilismo.<\/p>\n<p>No entiendo de \u201cesp\u00edritus\u201d. Mucho menos navide\u00f1os. S\u00ed entiendo lo que es mal gusto. Entiendo que encender menos lucecitas que no embellecen nada, sigue siendo un derroche. Que se haga menos, no quita para que haya tenido que ver, at\u00f3nito, c\u00f3mo un edificio institucional se ha \u201cengalanado\u201d de lucecitas. Un edificio que habita normalmente una casta pol\u00edtica que ha dado un ejemplo vergonzoso en cualquiera de sus siglas.<\/p>\n<p>No lo entiendo, sinceramente. Entiendo a los cr\u00edos y su ilusi\u00f3n por ir en camello. Entiendo sus esperanzas, sus ilusiones. No entiendo la desfachatez que supone engalanar, a cargo del erario p\u00fablico, un edificio que ha representado una verg\u00fcenza tras otra durante demasiado tiempo.<\/p>\n<p>Espero que est\u00e9n pasando unas buenas fiestas. Algunos no tenemos mucho que celebrar: Que nada cambie con la que est\u00e1 cayendo, por ejemplo. P\u00e1senlo bien\u2026siento no acompa\u00f1arles.<\/p>\n","protected":false},"excerpt":{"rendered":"<p>Es algo que uno no puede evitar: esa sensaci\u00f3n de que nada cambia. Lo est\u00e1tico es sin\u00f3nimo de muerte. S\u00f3lo el movimiento es vida. Pero s\u00ed, es algo que no puedo evitar. C\u00f3mo ser\u00e1 el hecho en s\u00ed que consigue &hellip; <a href=\"https:\/\/blogs.noticiasdenavarra.com\/desde-el-jardin-de-epicuro\/2013\/12\/30\/y-que-nada-cambie\/\">Sigue leyendo <span class=\"meta-nav\">&rarr;<\/span><\/a><\/p>\n","protected":false},"author":10,"featured_media":0,"comment_status":"open","ping_status":"open","sticky":false,"template":"","format":"standard","meta":{"footnotes":""},"categories":[832,294,1],"tags":[],"class_list":["post-305","post","type-post","status-publish","format-standard","hentry","category-actualidad","category-economia","category-general"],"_links":{"self":[{"href":"https:\/\/blogs.noticiasdenavarra.com\/desde-el-jardin-de-epicuro\/wp-json\/wp\/v2\/posts\/305","targetHints":{"allow":["GET"]}}],"collection":[{"href":"https:\/\/blogs.noticiasdenavarra.com\/desde-el-jardin-de-epicuro\/wp-json\/wp\/v2\/posts"}],"about":[{"href":"https:\/\/blogs.noticiasdenavarra.com\/desde-el-jardin-de-epicuro\/wp-json\/wp\/v2\/types\/post"}],"author":[{"embeddable":true,"href":"https:\/\/blogs.noticiasdenavarra.com\/desde-el-jardin-de-epicuro\/wp-json\/wp\/v2\/users\/10"}],"replies":[{"embeddable":true,"href":"https:\/\/blogs.noticiasdenavarra.com\/desde-el-jardin-de-epicuro\/wp-json\/wp\/v2\/comments?post=305"}],"version-history":[{"count":5,"href":"https:\/\/blogs.noticiasdenavarra.com\/desde-el-jardin-de-epicuro\/wp-json\/wp\/v2\/posts\/305\/revisions"}],"predecessor-version":[{"id":312,"href":"https:\/\/blogs.noticiasdenavarra.com\/desde-el-jardin-de-epicuro\/wp-json\/wp\/v2\/posts\/305\/revisions\/312"}],"wp:attachment":[{"href":"https:\/\/blogs.noticiasdenavarra.com\/desde-el-jardin-de-epicuro\/wp-json\/wp\/v2\/media?parent=305"}],"wp:term":[{"taxonomy":"category","embeddable":true,"href":"https:\/\/blogs.noticiasdenavarra.com\/desde-el-jardin-de-epicuro\/wp-json\/wp\/v2\/categories?post=305"},{"taxonomy":"post_tag","embeddable":true,"href":"https:\/\/blogs.noticiasdenavarra.com\/desde-el-jardin-de-epicuro\/wp-json\/wp\/v2\/tags?post=305"}],"curies":[{"name":"wp","href":"https:\/\/api.w.org\/{rel}","templated":true}]}}