{"id":246,"date":"2012-04-09T18:51:19","date_gmt":"2012-04-09T17:51:19","guid":{"rendered":"http:\/\/blogs.noticiasdenavarra.com\/desde-el-jardin-de-epicuro\/?p=246"},"modified":"2012-04-12T12:01:34","modified_gmt":"2012-04-12T11:01:34","slug":"la-barbie-comunista","status":"publish","type":"post","link":"https:\/\/blogs.noticiasdenavarra.com\/desde-el-jardin-de-epicuro\/2012\/04\/09\/la-barbie-comunista\/","title":{"rendered":"La Barbie comunista."},"content":{"rendered":"<p><a href=\"http:\/\/blogs.noticiasdenavarra.com\/desde-el-jardin-de-epicuro\/files\/2012\/04\/HolidayBarbie07CL.jpg\"><img loading=\"lazy\" decoding=\"async\" src=\"http:\/\/blogs.noticiasdenavarra.com\/desde-el-jardin-de-epicuro\/files\/2012\/04\/HolidayBarbie07CL.jpg\" alt=\"\" width=\"248\" height=\"471\" class=\"alignleft size-full wp-image-247\" \/><\/a>Llegar a <strong>Cuba <\/strong>&#8211; esa isla m\u00e1s que sometida por una dictadura que se antoja eterna &#8211; con la tranquilidad que da estar con el poder: no es privilegio de muchos. Llegar a <strong>Cuba <\/strong>con una cohorte de halagadores profesionales y profesionales de la pol\u00edtica: tampoco. La nena en cuesti\u00f3n es destacada por detractores como por seguidores \u201c<em>por su indudable belleza<\/em>\u201d. Pat\u00e9ticos detractores y no menos pat\u00e9ticos fans: machistones todos. Dig\u00e1moslo. Al final, \u00bftodo lo destacable de ella es su f\u00edsico?<\/p>\n<p>Y por lo que se ve la chica no hace nada contra tama\u00f1a afrenta machista. No. Potencia su imagen a m\u00e1s no poder. Como no flaqueo por ah\u00ed, sinceramente, cuando he visto sus primeras im\u00e1genes lo \u00fanico en que me he fijado es que llevaba un <em>piercing <\/em>en una aleta de la nariz t\u00edpico de algunos sectores. Es la <em>Barbie comunista<\/em>: <strong>Camila Vallejo<\/strong>.<\/p>\n<p>\u00bfLo dem\u00e1s?: nada. \u00bfDiscurso?: puritita ret\u00f3rica. \u201c<strong><em>El partido [Comunista de Chile] es una herramienta, no un fin\u2026<\/em><\/strong>\u201d dice sabiondona cual nueva Pasionaria a la chilena en un video. Pero si un partido como el <strong>Partido Comunista Chileno <\/strong>no es un fin en s\u00ed mismo sino una herramienta: \u00bfuna herramienta, para qu\u00e9 exactamente? Para alcanzar el comunismo. Se cierra el silogismo. Es lo que tiene pensar con la l\u00f3gica formal inaugurada por <strong>Arist\u00f3teles <\/strong>y no divagar sobre la cuadratura del c\u00edrculo.<\/p>\n<p>Pero la <em>Barbie comunista <\/em>ha visitado la ignominiosa dictadura cubana. Militar dictadura que ninguna urna aup\u00f3. Y la inteligente<strong> Yoani S\u00e1nchez<\/strong>, valerosa fil\u00f3loga y blogger cubana, se ha quedado sin poder debatir con ella. \u201c<strong><em>Ha sido abducida por la Cuba oficial<\/em><\/strong>\u201d ha dicho. La rebelde Barbie ha resultado de lo m\u00e1s sumisa ante una dictadura amiga. Tal vez sea un modelo del fin que busca su partido.<\/p>\n<p>Poco queda de ella. Reci\u00e9n perdidas las elecciones de la <strong>Federaci\u00f3n de Estudiantes de Chile<\/strong>, queda como pat\u00e9tica imagen de ex presidenta de la misma. Las razones de los estudiantes que optaron por otro candidato de izquierda, asombran por su madurez al lado de los estudiantes de por estos pagos. Al final el <strong>Partido Nacional Fascista<\/strong> italiano tambi\u00e9n persegu\u00eda ser una herramienta para un fin muy concreto: los estudiantes chilenos ven demasiado el plumero a la muchacha.<\/p>\n<p>Es lo que tiene \u201cpensar hacia atr\u00e1s como los cangrejos\u201d que tanto recalcara <strong>Nietzsche<\/strong>. Es lo que tiene tener una mente decimon\u00f3nica. Querer destacar una imagen m\u00e1s falsa que Judas, no es sino hacernos creer en las sombras de la nueva caverna de <strong>Plat\u00f3n<\/strong>: la ideolog\u00eda.<\/p>\n<p>Dejo para nuestros lectores el ver a la muchacha en cuesti\u00f3n: a m\u00ed se me quitan las ganas con las sandeces que exhala por esa boquita.<\/p>\n<p>Me quedo con la inteligencia de Yoani y su blog <strong>Generaci\u00f3n Y<\/strong>: http:\/\/www.desdecuba.com\/generaciony\/<\/p>\n<p><strong>I\u00f1aki Oneca Agurruza<\/strong>: http:\/\/ioneca.blogspot.com.es\/<\/p>\n<p><strong>Imagen<\/strong>: la versi\u00f3n de la famosa mu\u00f1eca cumpliendo a\u00f1os en <strong>China<\/strong>.<\/p>\n","protected":false},"excerpt":{"rendered":"<p>Llegar a Cuba &#8211; esa isla m\u00e1s que sometida por una dictadura que se antoja eterna &#8211; con la tranquilidad que da estar con el poder: no es privilegio de muchos. Llegar a Cuba con una cohorte de halagadores profesionales &hellip; <a href=\"https:\/\/blogs.noticiasdenavarra.com\/desde-el-jardin-de-epicuro\/2012\/04\/09\/la-barbie-comunista\/\">Sigue leyendo <span class=\"meta-nav\">&rarr;<\/span><\/a><\/p>\n","protected":false},"author":10,"featured_media":0,"comment_status":"open","ping_status":"open","sticky":false,"template":"","format":"standard","meta":{"footnotes":""},"categories":[830,1],"tags":[],"class_list":["post-246","post","type-post","status-publish","format-standard","hentry","category-filosofia-politica","category-general"],"_links":{"self":[{"href":"https:\/\/blogs.noticiasdenavarra.com\/desde-el-jardin-de-epicuro\/wp-json\/wp\/v2\/posts\/246","targetHints":{"allow":["GET"]}}],"collection":[{"href":"https:\/\/blogs.noticiasdenavarra.com\/desde-el-jardin-de-epicuro\/wp-json\/wp\/v2\/posts"}],"about":[{"href":"https:\/\/blogs.noticiasdenavarra.com\/desde-el-jardin-de-epicuro\/wp-json\/wp\/v2\/types\/post"}],"author":[{"embeddable":true,"href":"https:\/\/blogs.noticiasdenavarra.com\/desde-el-jardin-de-epicuro\/wp-json\/wp\/v2\/users\/10"}],"replies":[{"embeddable":true,"href":"https:\/\/blogs.noticiasdenavarra.com\/desde-el-jardin-de-epicuro\/wp-json\/wp\/v2\/comments?post=246"}],"version-history":[{"count":7,"href":"https:\/\/blogs.noticiasdenavarra.com\/desde-el-jardin-de-epicuro\/wp-json\/wp\/v2\/posts\/246\/revisions"}],"predecessor-version":[{"id":255,"href":"https:\/\/blogs.noticiasdenavarra.com\/desde-el-jardin-de-epicuro\/wp-json\/wp\/v2\/posts\/246\/revisions\/255"}],"wp:attachment":[{"href":"https:\/\/blogs.noticiasdenavarra.com\/desde-el-jardin-de-epicuro\/wp-json\/wp\/v2\/media?parent=246"}],"wp:term":[{"taxonomy":"category","embeddable":true,"href":"https:\/\/blogs.noticiasdenavarra.com\/desde-el-jardin-de-epicuro\/wp-json\/wp\/v2\/categories?post=246"},{"taxonomy":"post_tag","embeddable":true,"href":"https:\/\/blogs.noticiasdenavarra.com\/desde-el-jardin-de-epicuro\/wp-json\/wp\/v2\/tags?post=246"}],"curies":[{"name":"wp","href":"https:\/\/api.w.org\/{rel}","templated":true}]}}