{"id":213,"date":"2012-02-21T20:02:28","date_gmt":"2012-02-21T19:02:28","guid":{"rendered":"http:\/\/blogs.noticiasdenavarra.com\/desde-el-jardin-de-epicuro\/?p=213"},"modified":"2012-02-21T22:00:53","modified_gmt":"2012-02-21T21:00:53","slug":"represion-en-el-fin-de-fiesta","status":"publish","type":"post","link":"https:\/\/blogs.noticiasdenavarra.com\/desde-el-jardin-de-epicuro\/2012\/02\/21\/represion-en-el-fin-de-fiesta\/","title":{"rendered":"Represi\u00f3n en el fin de fiesta."},"content":{"rendered":"<p><a href=\"http:\/\/blogs.noticiasdenavarra.com\/desde-el-jardin-de-epicuro\/files\/2012\/02\/Policias-Valencia1.jpg\"><img loading=\"lazy\" decoding=\"async\" src=\"http:\/\/blogs.noticiasdenavarra.com\/desde-el-jardin-de-epicuro\/files\/2012\/02\/Policias-Valencia1-150x150.jpg\" alt=\"\" width=\"150\" height=\"150\" class=\"alignleft size-thumbnail wp-image-218\" \/><\/a>No ser\u00e9 yo quien justifique la intervenci\u00f3n (intervenciones) policial en <strong>Valencia<\/strong> contra estudiantes. No obstante s\u00ed ser\u00e9 yo quien ponga en tela de juicio la falta de \u00e9ste en ciertos medios de comunicaci\u00f3n y no digamos en foros y redes sociales.\u00a0<\/p>\n<p>\u00a0Corr\u00eda 1987: mis amigos de entonces y yo \u00fanicamente nos dej\u00e1bamos llevar por <strong>Dionisos<\/strong> (entonces se le llamaba \u201clitronear\u201d, ahora \u201chacer botell\u00f3n\u201d) cuando en una manifestaci\u00f3n de la que no sab\u00edamos su motivaci\u00f3n exacta (la extradici\u00f3n de un etarra, pudiera ser) acab\u00f3 frente a nosotros con dos polic\u00edas machacando literalmente a un octogenario. Se ve que los botes de humo y las pelotas de goma se hab\u00edan terminado y la emprendieron con el abuelo a porrazos. Todos chillamos exaltados a los polic\u00edas, con la candidez con que a uno le obsequia la adolescencia.\u00a0<\/p>\n<p>\u00a0Todos, repito, todos recibimos en mayor o menor medida lo que el susodicho anciano (incluso alg\u00fan amigo acab\u00f3 escondi\u00e9ndose parad\u00f3jicamente en una iglesia).\u00a0<\/p>\n<p>\u00a0Quiero decir que por estos pagos y so pretexto del injustificable terrorismo de algunos \u201csalvapatrias\u201d tambi\u00e9n se han reproducido acciones injustas en la calle como reacci\u00f3n. He visto disparos de fuego real, disparos con bolas de goma, botes de humo, palizas: definitivamente si los setenta fueron una \u00e9poca turbulenta, los ochenta fueron una \u00e9poca sucia, llena de mierda.\u00a0<\/p>\n<p>\u00a0Por ello cuando veo los v\u00eddeos en varios medios digitales de los mencionados incidentes, me vienen a la mente los actos vand\u00e1licos de los repugnantes ultras del <strong>Real Madrid<\/strong> cerca de mi adorada <strong>Cibeles<\/strong> coreando aquello de \u201c<em>esto es Madrid, esto no es Bilbao<\/em>\u201d mientras recib\u00edan una merecida carga policial. La diferencia es que estos \u00faltimos hab\u00edan provocado altercados.\u00a0<\/p>\n<p>\u00a0Pero no deja de ser algo a tener en cuenta: por estos pagos\u00a0y verbigracia a\u00a0leyes excepcionales que cada vez -esperemos que siga as\u00ed- menos tienen de actuales, uno estaba andando en la calle equivocada y era \u201cagraciado\u201d con un aluvi\u00f3n de tortas, porrazos, balazos, etc\u00e9tera.\u00a0<\/p>\n<p>\u00a0La situaci\u00f3n actual econ\u00f3mica es terrible: \u00fanica. Supone la traca final, la resaca de una fiesta que muchos pagamos como invitados y que unos pocos se encargaron de desmadrarla como se\u00f1oritos que \u201cinvitaban\u201d y que ser\u00e1n los que menos efectos perniciosos sufran. Supone acontecimientos tan terribles como los de <strong>Grecia<\/strong>. Pero dar tanto p\u00e1bulo a unas carreritas por el centro de <strong>Valencia<\/strong> con unos polic\u00edas cargando b\u00e1sicamente con porras, me parece m\u00e1s que buscar la noticia: inflarla. Las im\u00e1genes de los v\u00eddeos sobre dichos lamentables sucesos se \u00a0repiten una y otra vez molde\u00e1ndose a la manera de una nueva caverna plat\u00f3nica medi\u00e1tica lleg\u00e1ndose incluso a olvidar de las razones de las convocatorias. Algo sumamente peligroso pues cualquier dictadura ha utilizado dicha caverna (los principios de la propaganda de <strong>Goebbels<\/strong>, el <strong><em>agitprop<\/em><\/strong> sovi\u00e9tico, etc\u00e9tera).\u00a0<\/p>\n<p>\u00a0Y todo enmarcado, simplemente, en el fin de una fiesta econ\u00f3mica\u00a0que comenzara en los noventa\u00a0con la peligrosa y molesta resaca consiguiente.\u00a0<\/p>\n<p>\u00a0Es el desmadre final que incluye tambi\u00e9n a los medios.\u00a0\u00a0<\/p>\n<p>\u00a0Es, simplemente, el triste fin de fiesta para todos.<\/p>\n<p> <strong> I\u00f1aki Oneca Agurruza<\/strong><\/p>\n","protected":false},"excerpt":{"rendered":"<p>No ser\u00e9 yo quien justifique la intervenci\u00f3n (intervenciones) policial en Valencia contra estudiantes. No obstante s\u00ed ser\u00e9 yo quien ponga en tela de juicio la falta de \u00e9ste en ciertos medios de comunicaci\u00f3n y no digamos en foros y redes &hellip; <a href=\"https:\/\/blogs.noticiasdenavarra.com\/desde-el-jardin-de-epicuro\/2012\/02\/21\/represion-en-el-fin-de-fiesta\/\">Sigue leyendo <span class=\"meta-nav\">&rarr;<\/span><\/a><\/p>\n","protected":false},"author":10,"featured_media":0,"comment_status":"open","ping_status":"open","sticky":false,"template":"","format":"standard","meta":{"footnotes":""},"categories":[1],"tags":[],"class_list":["post-213","post","type-post","status-publish","format-standard","hentry","category-general"],"_links":{"self":[{"href":"https:\/\/blogs.noticiasdenavarra.com\/desde-el-jardin-de-epicuro\/wp-json\/wp\/v2\/posts\/213","targetHints":{"allow":["GET"]}}],"collection":[{"href":"https:\/\/blogs.noticiasdenavarra.com\/desde-el-jardin-de-epicuro\/wp-json\/wp\/v2\/posts"}],"about":[{"href":"https:\/\/blogs.noticiasdenavarra.com\/desde-el-jardin-de-epicuro\/wp-json\/wp\/v2\/types\/post"}],"author":[{"embeddable":true,"href":"https:\/\/blogs.noticiasdenavarra.com\/desde-el-jardin-de-epicuro\/wp-json\/wp\/v2\/users\/10"}],"replies":[{"embeddable":true,"href":"https:\/\/blogs.noticiasdenavarra.com\/desde-el-jardin-de-epicuro\/wp-json\/wp\/v2\/comments?post=213"}],"version-history":[{"count":11,"href":"https:\/\/blogs.noticiasdenavarra.com\/desde-el-jardin-de-epicuro\/wp-json\/wp\/v2\/posts\/213\/revisions"}],"predecessor-version":[{"id":227,"href":"https:\/\/blogs.noticiasdenavarra.com\/desde-el-jardin-de-epicuro\/wp-json\/wp\/v2\/posts\/213\/revisions\/227"}],"wp:attachment":[{"href":"https:\/\/blogs.noticiasdenavarra.com\/desde-el-jardin-de-epicuro\/wp-json\/wp\/v2\/media?parent=213"}],"wp:term":[{"taxonomy":"category","embeddable":true,"href":"https:\/\/blogs.noticiasdenavarra.com\/desde-el-jardin-de-epicuro\/wp-json\/wp\/v2\/categories?post=213"},{"taxonomy":"post_tag","embeddable":true,"href":"https:\/\/blogs.noticiasdenavarra.com\/desde-el-jardin-de-epicuro\/wp-json\/wp\/v2\/tags?post=213"}],"curies":[{"name":"wp","href":"https:\/\/api.w.org\/{rel}","templated":true}]}}