{"id":184,"date":"2010-02-21T14:59:22","date_gmt":"2010-02-21T13:59:22","guid":{"rendered":"http:\/\/blogs.noticiasdenavarra.com\/desde-el-jardin-de-epicuro\/?p=184"},"modified":"2010-02-21T14:59:22","modified_gmt":"2010-02-21T13:59:22","slug":"infierno-politico","status":"publish","type":"post","link":"https:\/\/blogs.noticiasdenavarra.com\/desde-el-jardin-de-epicuro\/2010\/02\/21\/infierno-politico\/","title":{"rendered":"Infierno pol\u00edtico."},"content":{"rendered":"<p>\u00a0Salgo de un c\u00e9ntrico piso envuelto en mil pieles gris\u00e1ceas y h\u00famedas que, no hace tantas horas, se ve\u00edan te\u00f1idas de agua y nieve. Intento, lo juro, lo intento con todas mis ganas y por san<strong> Bertrand Russell<\/strong> que est\u00e1s en mi biblioteca, no dejar que tal vestimenta incida en mi humor.<\/p>\n<p>\u00a0No, ya sal\u00ed del trabajo. El gris, el viento polar, todo lo dejo ah\u00ed abajo, en la calle. Yo, a salvo, sonr\u00edo en mi querid\u00edsimo y tan peque\u00f1o como acogedor \u201c<em><strong>Txoko<\/strong><\/em>\u201d, donde la m\u00fasica es ahora la que me envuelve apaciblemente. Los libros hacen de su interminable papel un magn\u00edfico envoltorio para quien escribe un tanto cansado por madrugar.<\/p>\n<p>\u00a0Y precisamente por esas razones laborales, y porque uno ya naci\u00f3 as\u00ed, echado en el suelo del sal\u00f3n de casa de mis padres leyendo a tierna edad el peri\u00f3dico de turno <em>tama\u00f1o s\u00e1bana<\/em>, por todo ello: llego enfermo de actualidad.<\/p>\n<p>\u00a0\u00bfDe verdad que este invierno es tan fr\u00edo como creen?: perd\u00f3nenme el estar tan metaf\u00f3rico, creo que es una descortes\u00eda. Ahora bien, sinceramente, volviendo para mi hogar pensaba que m\u00e1s que invierno climatol\u00f3gico, en lo pol\u00edtico es m\u00e1s bien un infierno falto de gracia y aburrido, pero que lleva al hast\u00edo y al cabreo en sus m\u00e1s altas cotas.<\/p>\n<p>\u00a0Un inane presidente del Gobierno pidiendo, exigiendo, un patriotismo a la oposici\u00f3n para hacer pactos en pro de la naci\u00f3n ante tan horrible crisis. El mismo patriotismo que neg\u00f3 a la misma oposici\u00f3n cuando a \u00e9sta se le ocurri\u00f3 hablar de \u201ccrisis\u201d y no de subterfugios como \u201cdesaceleraci\u00f3n econ\u00f3mica\u201d y otras sandeces.<\/p>\n<p>\u00a0Y una oposici\u00f3n pacata, mojigata, que mira su r\u00e9dito electoral y los estipendios sus espabilados que calientan poltrona.<\/p>\n<p>\u00a0<strong>Infierno pol\u00edtico donde uno larga un aullido pidiendo, por favor, que al menos los pol\u00edticos me mientan bien.<\/strong><\/p>\n<p>\u00a0La que en muchas ocasiones he denominado como \u201cdictadura silenciosa\u201d sigue adelante: trabajadores de la construcci\u00f3n, del sector servicios, del periodismo, del servicio dom\u00e9stico, de cualquier clase y g\u00e9nero, mintiendo u omitiendo que se hallan en el paro o cobrando ignominiosas n\u00f3minas\u2026o incluso trabajando sin cobrar.<\/p>\n<p>\u00a0 El \u00ab<em>qu\u00e9 dir\u00e1n<\/em>\u201d nunca funcion\u00f3 tanto malgastando energ\u00edas f\u00edsicas y psicol\u00f3gicas a quienes m\u00e1s d\u00e9biles se hallan en el mercado laboral.<\/p>\n<p>\u00a0Pero ya estoy en el \u201c<em><strong>Txoko<\/strong><\/em>\u201d, con <strong>Voltaire<\/strong>, con <strong>Marx<\/strong>, con <strong>Plat\u00f3n<\/strong> y <strong>Arist\u00f3teles<\/strong>, con el enorme <strong>Epicuro<\/strong> y con <strong>Lucrecio<\/strong>\u2026hace demasiada apat\u00eda hoy ah\u00ed afuera como para dejar a tan insignes se\u00f1ores y a mi compa\u00f1era.<\/p>\n<p>\u00a0Quede fuera por tanto, sin dejarlo entrar por la \u201ccaja tonta\u201d si quiera.<\/p>\n<p>\u00a0El infierno pol\u00edtico.<\/p>\n","protected":false},"excerpt":{"rendered":"<p>\u00a0Salgo de un c\u00e9ntrico piso envuelto en mil pieles gris\u00e1ceas y h\u00famedas que, no hace tantas horas, se ve\u00edan te\u00f1idas de agua y nieve. Intento, lo juro, lo intento con todas mis ganas y por san Bertrand Russell que est\u00e1s &hellip; <a href=\"https:\/\/blogs.noticiasdenavarra.com\/desde-el-jardin-de-epicuro\/2010\/02\/21\/infierno-politico\/\">Sigue leyendo <span class=\"meta-nav\">&rarr;<\/span><\/a><\/p>\n","protected":false},"author":10,"featured_media":0,"comment_status":"open","ping_status":"open","sticky":false,"template":"","format":"standard","meta":{"footnotes":""},"categories":[1],"tags":[],"class_list":["post-184","post","type-post","status-publish","format-standard","hentry","category-general"],"_links":{"self":[{"href":"https:\/\/blogs.noticiasdenavarra.com\/desde-el-jardin-de-epicuro\/wp-json\/wp\/v2\/posts\/184","targetHints":{"allow":["GET"]}}],"collection":[{"href":"https:\/\/blogs.noticiasdenavarra.com\/desde-el-jardin-de-epicuro\/wp-json\/wp\/v2\/posts"}],"about":[{"href":"https:\/\/blogs.noticiasdenavarra.com\/desde-el-jardin-de-epicuro\/wp-json\/wp\/v2\/types\/post"}],"author":[{"embeddable":true,"href":"https:\/\/blogs.noticiasdenavarra.com\/desde-el-jardin-de-epicuro\/wp-json\/wp\/v2\/users\/10"}],"replies":[{"embeddable":true,"href":"https:\/\/blogs.noticiasdenavarra.com\/desde-el-jardin-de-epicuro\/wp-json\/wp\/v2\/comments?post=184"}],"version-history":[{"count":1,"href":"https:\/\/blogs.noticiasdenavarra.com\/desde-el-jardin-de-epicuro\/wp-json\/wp\/v2\/posts\/184\/revisions"}],"predecessor-version":[{"id":185,"href":"https:\/\/blogs.noticiasdenavarra.com\/desde-el-jardin-de-epicuro\/wp-json\/wp\/v2\/posts\/184\/revisions\/185"}],"wp:attachment":[{"href":"https:\/\/blogs.noticiasdenavarra.com\/desde-el-jardin-de-epicuro\/wp-json\/wp\/v2\/media?parent=184"}],"wp:term":[{"taxonomy":"category","embeddable":true,"href":"https:\/\/blogs.noticiasdenavarra.com\/desde-el-jardin-de-epicuro\/wp-json\/wp\/v2\/categories?post=184"},{"taxonomy":"post_tag","embeddable":true,"href":"https:\/\/blogs.noticiasdenavarra.com\/desde-el-jardin-de-epicuro\/wp-json\/wp\/v2\/tags?post=184"}],"curies":[{"name":"wp","href":"https:\/\/api.w.org\/{rel}","templated":true}]}}