{"id":179,"date":"2010-02-06T22:44:08","date_gmt":"2010-02-06T21:44:08","guid":{"rendered":"http:\/\/blogs.noticiasdenavarra.com\/desde-el-jardin-de-epicuro\/?p=179"},"modified":"2010-02-06T23:30:30","modified_gmt":"2010-02-06T22:30:30","slug":"actualidad","status":"publish","type":"post","link":"https:\/\/blogs.noticiasdenavarra.com\/desde-el-jardin-de-epicuro\/2010\/02\/06\/actualidad\/","title":{"rendered":"Actualidad."},"content":{"rendered":"<p>El tiempo corre que se las pela. Pero no as\u00ed la actualidad. Escribir sobre tan ingrata dama es un drama. La vida de un art\u00edculo, de un <em>post<\/em> o de cualquier escrito, es m\u00e1s que corta: ef\u00edmera.<\/p>\n<p>\u00a0Y para postre: ingratitud. Uno no recibe sino reproches o comentarios lejan\u00edsimos del estilo \u201c\u00a1<em>qu\u00e9 bien escribes aunque no entiendo nada<\/em>!\u201d.<\/p>\n<p>\u00a0Nada, escribiremos como en p\u00e1rvulos y veremos si molestamos igual, porque curiosamente ya me he visto confrontado con cerebros llenos de escasez neuronal haciendo el payaso, sin referirme para nada a tan noble profesi\u00f3n. B\u00e1sicamente porque el payaso es un valiente que, como el actor de teatro, se enfrenta a un p\u00fablico <em>a pelo<\/em>. Y con los que yo me he visto las caras no son sino ratas tirando a cobardicas: doble repugnante condici\u00f3n.<\/p>\n<p>\u00a0Vaya dedicado este breve post a ellas: ratas cobardes que esputan fluidos y nunca razonan. Vaya dedicada esta carcajada que literalmente ahora suelto a todos vosotros: \u00bfsi no les gusto -me pregunto- para qu\u00e9 me leen, y encima les molesta m\u00e1s en formato \u201cpapel\u201d? \u00bfLo hac\u00e9is para saber qu\u00e9 dice el enemigo? Yo escojo los enemigos con m\u00e1s gusto -mucho m\u00e1s- que vosotros, cari\u00f1ines.<\/p>\n<p>\u00a0Y vaya tambi\u00e9n dedicado el presente escrito a mis amigos, que todav\u00eda los tengo, y a m\u00ed, porque tambi\u00e9n necesito \u00e1nimos, ya que la actualidad tambi\u00e9n mata.<\/p>\n","protected":false},"excerpt":{"rendered":"<p>El tiempo corre que se las pela. Pero no as\u00ed la actualidad. Escribir sobre tan ingrata dama es un drama. La vida de un art\u00edculo, de un post o de cualquier escrito, es m\u00e1s que corta: ef\u00edmera. \u00a0Y para postre: &hellip; <a href=\"https:\/\/blogs.noticiasdenavarra.com\/desde-el-jardin-de-epicuro\/2010\/02\/06\/actualidad\/\">Sigue leyendo <span class=\"meta-nav\">&rarr;<\/span><\/a><\/p>\n","protected":false},"author":10,"featured_media":0,"comment_status":"open","ping_status":"open","sticky":false,"template":"","format":"standard","meta":{"footnotes":""},"categories":[1],"tags":[],"class_list":["post-179","post","type-post","status-publish","format-standard","hentry","category-general"],"_links":{"self":[{"href":"https:\/\/blogs.noticiasdenavarra.com\/desde-el-jardin-de-epicuro\/wp-json\/wp\/v2\/posts\/179","targetHints":{"allow":["GET"]}}],"collection":[{"href":"https:\/\/blogs.noticiasdenavarra.com\/desde-el-jardin-de-epicuro\/wp-json\/wp\/v2\/posts"}],"about":[{"href":"https:\/\/blogs.noticiasdenavarra.com\/desde-el-jardin-de-epicuro\/wp-json\/wp\/v2\/types\/post"}],"author":[{"embeddable":true,"href":"https:\/\/blogs.noticiasdenavarra.com\/desde-el-jardin-de-epicuro\/wp-json\/wp\/v2\/users\/10"}],"replies":[{"embeddable":true,"href":"https:\/\/blogs.noticiasdenavarra.com\/desde-el-jardin-de-epicuro\/wp-json\/wp\/v2\/comments?post=179"}],"version-history":[{"count":3,"href":"https:\/\/blogs.noticiasdenavarra.com\/desde-el-jardin-de-epicuro\/wp-json\/wp\/v2\/posts\/179\/revisions"}],"predecessor-version":[{"id":182,"href":"https:\/\/blogs.noticiasdenavarra.com\/desde-el-jardin-de-epicuro\/wp-json\/wp\/v2\/posts\/179\/revisions\/182"}],"wp:attachment":[{"href":"https:\/\/blogs.noticiasdenavarra.com\/desde-el-jardin-de-epicuro\/wp-json\/wp\/v2\/media?parent=179"}],"wp:term":[{"taxonomy":"category","embeddable":true,"href":"https:\/\/blogs.noticiasdenavarra.com\/desde-el-jardin-de-epicuro\/wp-json\/wp\/v2\/categories?post=179"},{"taxonomy":"post_tag","embeddable":true,"href":"https:\/\/blogs.noticiasdenavarra.com\/desde-el-jardin-de-epicuro\/wp-json\/wp\/v2\/tags?post=179"}],"curies":[{"name":"wp","href":"https:\/\/api.w.org\/{rel}","templated":true}]}}