{"id":1,"date":"2006-03-29T18:13:47","date_gmt":"2006-03-29T18:13:47","guid":{"rendered":""},"modified":"-0001-11-30T00:00:00","modified_gmt":"-0001-11-29T23:00:00","slug":"levanten-armas","status":"publish","type":"post","link":"https:\/\/blogs.noticiasdenavarra.com\/desde-el-jardin-de-epicuro\/2006\/03\/29\/levanten-armas\/","title":{"rendered":"Levanten armas."},"content":{"rendered":"<p><em>\u00abNo debemos menoscabar lo que ahora tenemos con el deseo de lo que nos falta sino que es preciso tener en cuenta que tambi\u00e9n lo que ahora tenemos formaba parte de lo que dese\u00e1bamos<\/em>\u00bb (Epicuro).<\/p>\n<p>  Y es que as\u00ed veo el tema del a\u00f1o: alto el fuego permanente. Lo m\u00e1s odioso del ser humano puede ser su insaciable maximalismo (perd\u00f3neseme el pleonasmo).<\/p>\n<p>  Rajoy y ZP se re\u00fanen desde el maximalismo: no nos enga\u00f1emos pues. Lo de ayer no fue sino mal teatro en que cada \u00abint\u00e9rprete\u00bb jug\u00f3 su papel frente a la \u00abcol medi\u00e1tica\u00bb, que dec\u00eda el Dal\u00ed visto por Els Joglars.<\/p>\n<p>  Maximalista est\u00e1 la plana mayor -nunca mejor dicho- de Batasuna. Maximalista la postura de un PNV en pleno ataque de cuernos infantiloide. <\/p>\n<p>  A la buena noticia de \u00abalto el fuego\u00bb, se sumi\u00f3 en m\u00ed r\u00e1pidamente el escepticismo que todo lo envuelve. Recuerden: 1998-1999, nunca ETA dio tanta raz\u00f3n a su odiado P.P. Lo malo fue que algunos nos cre\u00edmos tal falsedad: falsa \u00abtregua\u00bb. Tal vez porque algunos no hab\u00edamos despertado \u00abdel sue\u00f1o dogm\u00e1tico\u00bb que el pesadito de Kant dec\u00eda despu\u00e9s de leer a David Hume: \u00e9se bendito escoc\u00e9s.<\/p>\n<p>  Siento tener que exponer mi primer art\u00edculo hablando de un tema tan espinoso como inc\u00f3modo. Pero desde mi jard\u00edn -tranquilo y entrado en primavera- as\u00ed lo veo. As\u00ed lo percibo. \u00bfEsperanza?: no se pierde. \u00bfEscepticismo?: todo. <\/p>\n<p>  La pol\u00edtica que en este \u00e1mbito se mueve, siempre, repito, siempre ha tenido un sucio papel. Da igual qu\u00e9 gobierno y qu\u00e9 partido. Hablar, escribir de pol\u00edtica no significa que uno apruebe la pol\u00edtica de este pa\u00eds. Quede claro que quien suscribe -este vuestro humilde servidor- no puede evitar una media sonrisa esc\u00e9ptica (que no he encontrado en los Emoticons) cada vez que ve a un pol\u00edtico hablar con convicci\u00f3n (\u00ab<em>Cuando un hombre tiene convicciones, deja de pensar<\/em>\u00bb Nietzsche dixit).<\/p>\n<p>  Pero es primavera y el otro d\u00eda desde una ventana de un populoso barrio de la capital del Viejo Reyno, vi a una guapa morena recoger una flor de un \u00e1rbol como los de mi jard\u00edn: fue la imagen casi perfecta de la primavera. Hasta me hizo reconciliarme por un breve instante con el maldito polen.<\/p>\n<p>  Quien sabe, tal vez tambi\u00e9n la primavera sea \u00e9poca de buenas noticias&#8230;<\/p>\n","protected":false},"excerpt":{"rendered":"<p>\u00abNo debemos menoscabar lo que ahora tenemos con el deseo de lo que nos falta sino que es preciso tener en cuenta que tambi\u00e9n lo que ahora tenemos formaba parte de lo que dese\u00e1bamos\u00bb (Epicuro). Y es que as\u00ed veo &hellip; <a href=\"https:\/\/blogs.noticiasdenavarra.com\/desde-el-jardin-de-epicuro\/2006\/03\/29\/levanten-armas\/\">Sigue leyendo <span class=\"meta-nav\">&rarr;<\/span><\/a><\/p>\n","protected":false},"author":10,"featured_media":0,"comment_status":"open","ping_status":"open","sticky":false,"template":"","format":"standard","meta":{"footnotes":""},"categories":[1],"tags":[],"class_list":["post-1","post","type-post","status-publish","format-standard","hentry","category-general"],"_links":{"self":[{"href":"https:\/\/blogs.noticiasdenavarra.com\/desde-el-jardin-de-epicuro\/wp-json\/wp\/v2\/posts\/1","targetHints":{"allow":["GET"]}}],"collection":[{"href":"https:\/\/blogs.noticiasdenavarra.com\/desde-el-jardin-de-epicuro\/wp-json\/wp\/v2\/posts"}],"about":[{"href":"https:\/\/blogs.noticiasdenavarra.com\/desde-el-jardin-de-epicuro\/wp-json\/wp\/v2\/types\/post"}],"author":[{"embeddable":true,"href":"https:\/\/blogs.noticiasdenavarra.com\/desde-el-jardin-de-epicuro\/wp-json\/wp\/v2\/users\/10"}],"replies":[{"embeddable":true,"href":"https:\/\/blogs.noticiasdenavarra.com\/desde-el-jardin-de-epicuro\/wp-json\/wp\/v2\/comments?post=1"}],"version-history":[{"count":0,"href":"https:\/\/blogs.noticiasdenavarra.com\/desde-el-jardin-de-epicuro\/wp-json\/wp\/v2\/posts\/1\/revisions"}],"wp:attachment":[{"href":"https:\/\/blogs.noticiasdenavarra.com\/desde-el-jardin-de-epicuro\/wp-json\/wp\/v2\/media?parent=1"}],"wp:term":[{"taxonomy":"category","embeddable":true,"href":"https:\/\/blogs.noticiasdenavarra.com\/desde-el-jardin-de-epicuro\/wp-json\/wp\/v2\/categories?post=1"},{"taxonomy":"post_tag","embeddable":true,"href":"https:\/\/blogs.noticiasdenavarra.com\/desde-el-jardin-de-epicuro\/wp-json\/wp\/v2\/tags?post=1"}],"curies":[{"name":"wp","href":"https:\/\/api.w.org\/{rel}","templated":true}]}}