{"id":97,"date":"2012-02-23T22:38:36","date_gmt":"2012-02-23T22:38:36","guid":{"rendered":"http:\/\/blogs.noticiasdenavarra.com\/conacentohispano\/?p=97"},"modified":"2012-03-02T10:31:04","modified_gmt":"2012-03-02T10:31:04","slug":"europa-en-recesion-enhorabuena-frau-merkel","status":"publish","type":"post","link":"https:\/\/blogs.noticiasdenavarra.com\/conacentohispano\/2012\/02\/23\/europa-en-recesion-enhorabuena-frau-merkel\/","title":{"rendered":"Europa en recesi\u00f3n, enhorabuena Frau Merkel"},"content":{"rendered":"<p>Tras dos a\u00f1os de dr\u00e1stricos recortes presupuestarios e inyecciones mil millonarias de euros a la banca para calmar a los mercados, Europa ha acabado con el t\u00edmido crecimiento que ven\u00eda registrando, oficialmente su eurozona \u2013 el buque insignia de la econom\u00eda de la UE \u2013 ha entrado en recesi\u00f3n y seg\u00fan las previsiones para todo el a\u00f1o 2012. La pol\u00edtica de austeridad y equilibrio de las cuentas p\u00fablicas a cualquier precio marcada al paso germ\u00e1nico por la Canciller Angela\u00a0<strong>Merkel <\/strong>con la complicidad estatutaria del Banco Central Europeo y del presidente galo Nicol\u00e1s\u00a0<strong>Sarkozy<\/strong>, ha obtenido sus primeros resultados. Eso s\u00ed, los contrarios de los deseados salvo que pensemos con toda la mala fe posible que estamos en una trampa de empobrecimiento de los activos de la mayor\u00eda de los pa\u00edses para ejercer un control efectivo francoalem\u00e1n de Europa.<\/p>\n<p>Pero hoy no toca ese tipo de reflexi\u00f3n que aunque algunos califican de pol\u00edtica ficci\u00f3n la tozuda realidad se empe\u00f1a d\u00eda a d\u00eda a ponernos la mosca detr\u00e1s de la oreja. Hoy el problema es que, con la motivaci\u00f3n que fuera, la pol\u00edtica ultraortodoxa liberal de Merkozy y\u00a0<strong>Draghi<\/strong> nos ha llevado a todos al borde de la congelaci\u00f3n. Algunos a\u00fan marcan d\u00edgitos ceranos al medio punto, casos como el de los promotores del desastre,\u00a0<strong>Alemania<\/strong> (0,6%) o\u00a0<strong>Francia<\/strong> (0,4%). Y otros padecemos el rigor mortis de temperaturas bajo cero, aquellos afectados por los rescates,<strong>Grecia<\/strong> (-4,4%) o\u00a0<strong>Portugal<\/strong> (-3,3%) y los atacados por el mal de la prima de riesgo,<strong>Italia<\/strong> (-1,3%) o\u00a0<strong>Espa\u00f1a <\/strong>(-1%). La media de la zona euro pl\u00e1cidamente estancada como las f\u00e9tidas aguas de un mar muerto al 0%, en una palabra, ni fr\u00edo ni calor, simplemente inactivos. Tampoco hab\u00eda que ser muy listo para darse cuenta que si aplicas elementos correctores severos al consumo y a la demanda interna de Estados cuya poblaci\u00f3n en conjunto suma cerca de 120 millones de personas, todos los pa\u00edses del euro se ver\u00edan afectados. De eso se trataba cuando hace m\u00e1s de 30 a\u00f1os nos empe\u00f1amos en la construcci\u00f3n de un mercado \u00fanico europeo para todos. \u00bfO pens\u00e1bamos que solo funcionar\u00eda en opulencia y ciclo alcista y que podr\u00edamos levantar muros en las fronteras cuando asomara la crisis a alguno de los territorios\u00a0comunes?<\/p>\n<p><img decoding=\"async\" src=\"http:\/\/www.vanguardia.com.mx\/XStatic\/vanguardia\/images\/espanol\/sarkozy-merkel-170811.jpg\" alt=\"null\" \/><\/p>\n<p>Como ocurre con las epidemias y los aviones, nuestra crisis no es encapsulable al antojo de los m\u00e1s ricos, acaba afectando a todos por moneda com\u00fan y por balanza comercial intracomunitaria. Lo que le afecta al vecino termina por dolernos en nuestras propias carnes. Tal vez crey\u00f3 Alemania cuando analiz\u00f3 la crisis europea de bonos nacionales que la pol\u00edtica del castigo al socio indisciplinado le servir\u00eda para garantizar su alto ritmo de crecimiento. Y tal vez por eso se opuso hasta la saciedad a la aplicaci\u00f3n de soluciones de consenso y a flexibilizar las penas a los pecadores. Hab\u00eda que ejemplarizar y cortar el problema de ra\u00edz no fuera a ser que los derrochadores sure\u00f1os se comieran los abnegados ahorros del disciplinado y sufrido pueblo alem\u00e1n. A los griegos les cortamos uno a uno la mano izquierda para recordarles de por vida que no deben meter la mano en la caja o vivir por encima de sus posibilidades \u2013 como es natural el que decide los posibles de Grecia son los bancos alemanes y ahora toca que no como antes toc\u00f3 que si -. No son los griegos ni peores ni mejores que hace diez a\u00f1os cuando fundamos el euro. Seguro que mienten como entonces o dicen las mismas verdades de aquellos d\u00edas. Pero les ha ca\u00eddo encima el castigo de los intransigentes dioses teutones y, por si fueran pocas sus\u00a0tragedias, dado que con una mano no saben hacer los deberes, les acabamos de cortar la mano derecha. Tenemos ya un pueblo manco de las dos manos al que pedimos que trabaje haciendo encaje de bolillos. Como es natural los bordados son horrorosos y no hay quien venda una pieza: resultado, un pa\u00eds en bancarrota, sin ninguna posibilidad de crecer.<\/p>\n<p>Lo peor de la cosa es que aunque nuestros ilustrados dirigentes aceptaran haberse equivocado y cambiaran de pol\u00edticas para\u00a0afrontar la recesi\u00f3n que ya padecemos, me temo que no nos\u00a0queda suficiente margen de maniobra. Cualquier pol\u00edtica\u00a0poskeynesiana sensata no ser\u00eda de aplicaci\u00f3n, pues, hemos derrochado nuestras reservas para inversiones p\u00fablicas en los cuantiosos fondos monetarios que ha\u00a0precisado una banca privada al borde de la quiebra. Y encima ni con esas tenemos un sistema financiero drenado que proporcione cr\u00e9ditos a nuestras pymes \u2013 el verdadero tejido empresarial europeo -. Asimismo, si opt\u00e1ramos por una reforma fiscal en profundidad como escudo protector de nuestro modelo de Estado del Bienestar, el paulatino desmantelamiento que del mismo ya se est\u00e1 produciendo y los escasos recuedsos que detentan por una crisis larga nuestras clases medias europeas, la har\u00edan ineficaz. Por \u00faltimo, ni la innovaci\u00f3n, falta de recursos suficientes de mercado, ni la econom\u00eda social, sin presupuestos p\u00fablicos de magnitud para sostenerla, nos ofrecen esperanzas de crecimiento a corto plazo.<\/p>\n<p>En el fondo los europeos volvemos a padecer nuestro mal end\u00e9mico: la desconfianza en nosotros mismos o mejor dicho en el vecino, porque cada uno de nosotros ser\u00edamos un pueblo ejemplar si no fuera por p\u00e9rfidos objetivos del de al lado. La \u00fanica esperanza que nos queda, en mi humilde parecer, es que instalados todos en la ruina dejemos de tener celos unos de otros y nos demos cuenta que atar o amordazar al deudor de nada sirve para cobrar la deuda. Las deudas hoy ya son de todos los europeos sumidos en recesi\u00f3n y, por ello, las soluciones deben ser de todos y para todos porque ya nadie tiene nada que ganar por el camino que \u00edbamos, ni nada que perder por explorar nuevas sendas. D\u00e9mosle, pues, la enhorabuena a Merkel por habernos tra\u00eddo hasta aqu\u00ed y podernos replantear las cosas, y marquemos un nuevo rumbo si es preciso con nuevos timoneles m\u00e1s j\u00f3venes y m\u00e1s aventurados. Algo evidentemente se est\u00e1 empezando a mover cuando 10 jefes de gobierno instigados por\u00a0<strong>Cameron<\/strong> y\u00a0<strong>Monti<\/strong>han empezado un movimiento rebelde contra los planteamientos de Merkel y Sarkozy y, por otra parte, ambos dos se enfrentan a procesos electorales en los que las encuestas no les auguran resultados victoriosos, el uno de inmediato en abril y la otra el pr\u00f3ximo a\u00f1o. Puede que los tiempos de Merkozy est\u00e9n tocando a su fin.<\/p>\n<p><img decoding=\"async\" src=\"http:\/\/clubdebolsa.files.wordpress.com\/2012\/02\/europe-recession.jpg?w=600\" alt=\"null\" \/><\/p>\n","protected":false},"excerpt":{"rendered":"<p>Tras dos a\u00f1os de dr\u00e1stricos recortes presupuestarios e inyecciones mil millonarias de euros a la banca para calmar a los mercados, Europa ha acabado con el t\u00edmido crecimiento que ven\u00eda registrando, oficialmente su eurozona \u2013 el buque insignia de la econom\u00eda de la UE \u2013 ha entrado en recesi\u00f3n y seg\u00fan las previsiones para todo &hellip; <a href=\"https:\/\/blogs.noticiasdenavarra.com\/conacentohispano\/2012\/02\/23\/europa-en-recesion-enhorabuena-frau-merkel\/\" class=\"more-link\">Sigue leyendo <span class=\"screen-reader-text\">Europa en recesi\u00f3n, enhorabuena Frau Merkel<\/span><\/a><\/p>\n","protected":false},"author":70,"featured_media":0,"comment_status":"open","ping_status":"open","sticky":false,"template":"","format":"standard","meta":{"footnotes":""},"categories":[4],"tags":[407,408,507,475,409,453,456,411,458,479,414],"class_list":["post-97","post","type-post","status-publish","format-standard","hentry","category-sin-categoria","tag-alemania","tag-cameron","tag-draghi","tag-espana","tag-francia","tag-grecia","tag-italia","tag-merkel","tag-monti","tag-portugal","tag-sarkozy"],"_links":{"self":[{"href":"https:\/\/blogs.noticiasdenavarra.com\/conacentohispano\/wp-json\/wp\/v2\/posts\/97","targetHints":{"allow":["GET"]}}],"collection":[{"href":"https:\/\/blogs.noticiasdenavarra.com\/conacentohispano\/wp-json\/wp\/v2\/posts"}],"about":[{"href":"https:\/\/blogs.noticiasdenavarra.com\/conacentohispano\/wp-json\/wp\/v2\/types\/post"}],"author":[{"embeddable":true,"href":"https:\/\/blogs.noticiasdenavarra.com\/conacentohispano\/wp-json\/wp\/v2\/users\/70"}],"replies":[{"embeddable":true,"href":"https:\/\/blogs.noticiasdenavarra.com\/conacentohispano\/wp-json\/wp\/v2\/comments?post=97"}],"version-history":[{"count":2,"href":"https:\/\/blogs.noticiasdenavarra.com\/conacentohispano\/wp-json\/wp\/v2\/posts\/97\/revisions"}],"predecessor-version":[{"id":103,"href":"https:\/\/blogs.noticiasdenavarra.com\/conacentohispano\/wp-json\/wp\/v2\/posts\/97\/revisions\/103"}],"wp:attachment":[{"href":"https:\/\/blogs.noticiasdenavarra.com\/conacentohispano\/wp-json\/wp\/v2\/media?parent=97"}],"wp:term":[{"taxonomy":"category","embeddable":true,"href":"https:\/\/blogs.noticiasdenavarra.com\/conacentohispano\/wp-json\/wp\/v2\/categories?post=97"},{"taxonomy":"post_tag","embeddable":true,"href":"https:\/\/blogs.noticiasdenavarra.com\/conacentohispano\/wp-json\/wp\/v2\/tags?post=97"}],"curies":[{"name":"wp","href":"https:\/\/api.w.org\/{rel}","templated":true}]}}