{"id":90,"date":"2012-02-09T12:47:16","date_gmt":"2012-02-09T12:47:16","guid":{"rendered":"http:\/\/blogs.noticiasdenavarra.com\/conacentohispano\/?p=90"},"modified":"2012-02-09T12:47:16","modified_gmt":"2012-02-09T12:47:16","slug":"al-borde-del-exodo-el-ultimo-acto-de-la-tragedia-griega","status":"publish","type":"post","link":"https:\/\/blogs.noticiasdenavarra.com\/conacentohispano\/2012\/02\/09\/al-borde-del-exodo-el-ultimo-acto-de-la-tragedia-griega\/","title":{"rendered":"Al borde del \u00e9xodo, el \u00faltimo acto de la tragedia griega"},"content":{"rendered":"<div>\n<p>Europa lleva casi dos a\u00f1os asistiendo al drama de<strong> Grecia<\/strong>, de su bancarrota, de su primer rescate, de sus bald\u00edos intentos de ajustes y recortes, de sus huelgas generales, de su larvado estallido social, de su segundo rescate y, finalmente, o al menos as\u00ed parece, a la decisi\u00f3n final de si se quedan o se van de la eurozona y, porqu\u00e9 no, de la\u00a0<strong>Uni\u00f3n Europea<\/strong>. El problema de la decisi\u00f3n que finalmente adopte el eurogrupo no es otro tan ego\u00edsta como el posible contagio que producir\u00e1 en el resto de Estados del euro que se encuentran en dificultades &#8211;\u00a0<strong>Irlanda<\/strong> y<strong>Portugal<\/strong>, ya rescatados,<strong> Espa\u00f1a<\/strong> e\u00a0<strong>Italia<\/strong> con elevados d\u00e9ficits y altas primas de riesgo en su deuda p\u00fablica -. Del sufrimiento al que se est\u00e1 sometiendo a base de medidas de empobrecimiento de las rentas familiares y de desmantelamiento de la asistencia social a los griegos, de eso ya ni hablamos. A nadie o casi nadie en Bruselas les importa la suerte a que abandonamos a m\u00e1s de 11 millones de habitantes, al territorio que en su d\u00eda alumbr\u00f3 la cultura y la civilizaci\u00f3n cl\u00e1sica y, en la actualidad, a un enclave geopol\u00edticamente crucial en el escenario mediterr\u00e1neo y, por ello, en la relaci\u00f3n con\u00a0<strong>Turqu\u00eda<\/strong> y Oriente Medio. As\u00ed de pacatos y cortoplacistas se han vuelto nuestros pol\u00edticos obsesionados por el vil metal.<\/p>\n<p>Es Grecia presa de su propia paradoja. All\u00ed se creo la tragedia griega que hoy en forma de pesadilla ir\u00f3nica viven sin m\u00e1scaras, ni teatros, en plena calle. De ah\u00ed que me permita la licencia de recordar que la tragedia helena est\u00e1 estructurada siguiendo un esquema r\u00edgido, cuyas formas se pueden definir con precisi\u00f3n. Se inicia generalmente con un\u00a0<em>pr\u00f3logo<\/em>, que seg\u00fan Arist\u00f3teles es lo que antecede a la entrada del coro. Las caracter\u00edsticas generales son que se da la ubicaci\u00f3n temporal y se une el pasado del h\u00e9roe con el presente, pueden participar hasta tres actores, pero s\u00f3lo hablan dos y el otro interviene o puede recitar un mon\u00f3logo. Se informa al espectador del porqu\u00e9 del castigo que va a recibir el h\u00e9roe y en esta parte no interviene el coro. Verdad que nos suena: el h\u00e9roe el pueblo greigo, dos actores,\u00a0<strong>Merkel<\/strong> y\u00a0<strong>Sarzoky<\/strong>, con el mon\u00f3logo de la Canciller, con el coro del eurogrupo. El castigo se anunci\u00f3 tras el primer rescate.\u00a0Prosigue la<em>p\u00e1rados,<\/em> que son cantos a cargo del coro durante su entrada en la \u00aborchestra\u00bb. En esta parte se realiza un canto l\u00edtico, donde se dan danzas de avance y retroceso. En la realidad que vivimos, se escenific\u00f3 con las primeras huelgas y violencia en las calles de Atenas, mientras su clase pol\u00edtica trataba de dar pasos hacia adelante y hacia atr\u00e1s sin alcanzar acuerdos.<\/p>\n<p><img loading=\"lazy\" decoding=\"async\" src=\"http:\/\/3.bp.blogspot.com\/-uw4RorIqC3A\/TqqEn6ggcZI\/AAAAAAAADAg\/78lBRooXAmI\/s1600\/mascaras_griegas+tragedia.jpg\" alt=\"null\" width=\"353\" height=\"257\" \/><\/p>\n<p>Luego comienzan los\u00a0<em>episodios<\/em> que pueden ser hasta cinco. En ellos hay di\u00e1logo entre el coro y los personajes o entre personajes; es la parte m\u00e1s importante por ser la dram\u00e1tica por excelencia y expresa el pensamiento e ideas del personaje. Entre los episodios se hallan los\u00a0<em>est\u00e1simos<\/em>, que son intervenciones del coro en las que se expresan las ideas pol\u00edticas, filos\u00f3ficas, religiosas o morales del autor. Aqu\u00ed nos encontramos tras dimitir\u00a0<strong>Papandreu<\/strong> y forzar la UE un gobierno de coalici\u00f3n presidido por el tecn\u00f3crata\u00a0Lukas\u00a0<strong>Papademos<\/strong>.\u00a0Por \u00faltimo, el\u00a0<em>\u00e9xodo<\/em> es la parte final de la tragedia, hay cantos l\u00edricos y dram\u00e1ticos; el h\u00e9roe reconoce su error. A veces es castigado con la muerte por los dioses y es all\u00ed donde aparece la ense\u00f1anza moral. A punto estamos de dictar esta tr\u00e1gica sentencia contra el pueblo griego y con ello condenarnos eternamente a la derrota del proyecto europe\u00edsta.<\/p>\n<p>Volviendo a la cruda situaci\u00f3n conviene analizar qu\u00e9 est\u00e1 exigiendo la troika de acreedores &#8211;<strong>Comisi\u00f3n Europea<\/strong>,\u00a0<strong>FMI<\/strong> y\u00a0<strong>BCE<\/strong> &#8211; al gobierno griego. El acuerdo sobre Grecia se basa en tres pilares. El compromiso de nuevos ajustes sociales por parte del Gobierno y los partidos pol\u00edticos griegos, un acuerdo con la banca por el que acepte unas p\u00e9rdidas o quita de la deuda de hasta el 70% de su inversi\u00f3n en Grecia y la aceptaci\u00f3n por parte de la UE y el FMI de conceder un segundo paquete de ayudas\u00a0que podr\u00eda oscilar entre 130.000 y 145.000 millones de euros.\u00a0El cap\u00edtulo de recortes es especialmente traum\u00e1tico para un pa\u00eds que empieza su quinto a\u00f1o de recesi\u00f3n y que est\u00e1 cada vez m\u00e1s pr\u00f3ximo a la explosi\u00f3n social. Los ajustes que se debaten ahora, muchos de los cuales son compromisos anteriores no aplicados a\u00fan, incluyen una reducci\u00f3n de gastos sanitarios de 1.100 millones; recortes en Defensa y en la Administraci\u00f3n local, de 400 millones en cada caso; reducci\u00f3n del salario m\u00ednimo en 22%\u00a0(pasar\u00eda de 750 euros brutos a 586 en 14 pagas), reducciones del 15% en las pensiones complementarias y aplicaci\u00f3n del acuerdo anterior de eliminar 15.000 empleos del sector p\u00fablico.<\/p>\n<p>La encrucijada a la que se est\u00e1 sometiendo a Grecia es tan simple como quedarse en el euro para sufrir d\u00e9cadas de pobreza e inestabilidad social o salirse y pasar a ser los parias de la Uni\u00f3n. Adem\u00e1s, desde el punto de vista jur\u00eddico comunitario, no est\u00e1 regulada la salida del un miembro del euro, mientras que s\u00ed lo est\u00e1 cuando se sale Uni\u00f3n Europea, por lo que la ca\u00edda de Grecia podr\u00eda suponer que el Estado heleno se viera expulsado del club europeo. Hecho que podr\u00eda convertirle en un oscuro objeto de deseo de potencias hostiles a los intereses europeos, dado el caos social que producir\u00eda quedarse en tierra de nadie en el escenario internacional.<\/p>\n<p>El \u00e9xodo griego, de producirse, tendr\u00e1 indudables efectos sobre la imagen de la Uni\u00f3n Europea y su ya tocada credibilidad en los mercados financieros. As\u00ed lo reconoc\u00eda el ministro de Econom\u00eda espa\u00f1ol Luis\u00a0<strong>de Guindos<\/strong> al manifestar que \u00absi Grecia va a la quiebra, puede haber contagio\u00bb. El temido efecto domin\u00f3 sobre pa\u00edses con sus cuentas p\u00fablicas cuestionadas alarga su sombra sobre el continente. De ah\u00ed que todos debamos ser muy conscientes de la trascendencia de cualquier decisi\u00f3n que se tome sobre Grecia porque del final de la tragedia griega depende en gran medida el futuro de Europa.<\/p>\n<p><img loading=\"lazy\" decoding=\"async\" src=\"http:\/\/www.economiapersonal.com.ar\/wp-content\/uploads\/2011\/05\/grecia-deuda-02.jpg\" alt=\"null\" width=\"370\" height=\"257\" \/><\/p>\n<\/div>\n","protected":false},"excerpt":{"rendered":"<p>Europa lleva casi dos a\u00f1os asistiendo al drama de Grecia, de su bancarrota, de su primer rescate, de sus bald\u00edos intentos de ajustes y recortes, de sus huelgas generales, de su larvado estallido social, de su segundo rescate y, finalmente, o al menos as\u00ed parece, a la decisi\u00f3n final de si se quedan o se &hellip; <a href=\"https:\/\/blogs.noticiasdenavarra.com\/conacentohispano\/2012\/02\/09\/al-borde-del-exodo-el-ultimo-acto-de-la-tragedia-griega\/\" class=\"more-link\">Sigue leyendo <span class=\"screen-reader-text\">Al borde del \u00e9xodo, el \u00faltimo acto de la tragedia griega<\/span><\/a><\/p>\n","protected":false},"author":70,"featured_media":0,"comment_status":"open","ping_status":"open","sticky":false,"template":"","format":"standard","meta":{"footnotes":""},"categories":[4],"tags":[377,494,419,475,495,453,496,456,411,460,497,479,414,498,389],"class_list":["post-90","post","type-post","status-publish","format-standard","hentry","category-sin-categoria","tag-bce","tag-comision-europea","tag-de-guindos","tag-espana","tag-fmi","tag-grecia","tag-irlanda","tag-italia","tag-merkel","tag-papademos","tag-papandreu","tag-portugal","tag-sarkozy","tag-turquia","tag-ue"],"_links":{"self":[{"href":"https:\/\/blogs.noticiasdenavarra.com\/conacentohispano\/wp-json\/wp\/v2\/posts\/90","targetHints":{"allow":["GET"]}}],"collection":[{"href":"https:\/\/blogs.noticiasdenavarra.com\/conacentohispano\/wp-json\/wp\/v2\/posts"}],"about":[{"href":"https:\/\/blogs.noticiasdenavarra.com\/conacentohispano\/wp-json\/wp\/v2\/types\/post"}],"author":[{"embeddable":true,"href":"https:\/\/blogs.noticiasdenavarra.com\/conacentohispano\/wp-json\/wp\/v2\/users\/70"}],"replies":[{"embeddable":true,"href":"https:\/\/blogs.noticiasdenavarra.com\/conacentohispano\/wp-json\/wp\/v2\/comments?post=90"}],"version-history":[{"count":1,"href":"https:\/\/blogs.noticiasdenavarra.com\/conacentohispano\/wp-json\/wp\/v2\/posts\/90\/revisions"}],"predecessor-version":[{"id":91,"href":"https:\/\/blogs.noticiasdenavarra.com\/conacentohispano\/wp-json\/wp\/v2\/posts\/90\/revisions\/91"}],"wp:attachment":[{"href":"https:\/\/blogs.noticiasdenavarra.com\/conacentohispano\/wp-json\/wp\/v2\/media?parent=90"}],"wp:term":[{"taxonomy":"category","embeddable":true,"href":"https:\/\/blogs.noticiasdenavarra.com\/conacentohispano\/wp-json\/wp\/v2\/categories?post=90"},{"taxonomy":"post_tag","embeddable":true,"href":"https:\/\/blogs.noticiasdenavarra.com\/conacentohispano\/wp-json\/wp\/v2\/tags?post=90"}],"curies":[{"name":"wp","href":"https:\/\/api.w.org\/{rel}","templated":true}]}}