{"id":88,"date":"2012-02-06T19:02:35","date_gmt":"2012-02-06T19:02:35","guid":{"rendered":"http:\/\/blogs.noticiasdenavarra.com\/conacentohispano\/?p=88"},"modified":"2012-02-06T19:02:35","modified_gmt":"2012-02-06T19:02:35","slug":"el-psoe-se-sube-a-la-patera-para-su-travesia-del-desierto","status":"publish","type":"post","link":"https:\/\/blogs.noticiasdenavarra.com\/conacentohispano\/2012\/02\/06\/el-psoe-se-sube-a-la-patera-para-su-travesia-del-desierto\/","title":{"rendered":"El PSOE se sube a la patera para su traves\u00eda del desierto"},"content":{"rendered":"<div>\n<p>Supongo que la tarea que les correspondi\u00f3 a los delegados territoriales del\u00a0<strong>Partido Socialista<\/strong>en su 38\u00ba Congreso no result\u00f3 nada f\u00e1cil. Elegir secretario general como el mal menor cuando todo o pr\u00e1cticamente todo se ha perdido &#8211; en los ayuntamientos, en las Comunidades Aut\u00f3nomas y en el Estado &#8211; es como optar entre morir por eutanasia o con cuidados paliativos. Y no quiero parecer tremendista, pero es evidente que las dos opciones que se presentaron, por mucho esfuerzo que quisieran hacer formal, eran dos caras de la misma moneda: lo malo o lo peor. Alfredo\u00a0<strong>P\u00e9rez Rubalcaba<\/strong> se presentaba acreditado por una amplia experiencia de gesti\u00f3n en los gobiernos de Felipe<strong> Gonz\u00e1lez<\/strong> y de Jos\u00e9 Luis<strong> Rodr\u00edguez Zapatero<\/strong>, pero con la losa a sus espaldas de la derrota el pasado 20 de noviembre, la m\u00e1s sonada de la historia socialista. Frente a \u00e9l, Carmen\u00a0<strong>Chac\u00f3n<\/strong> &#8211; otrora Carme cuando era catalana del Partit dels Socialistes de Catalunya &#8211; una inc\u00f3gnita a futuro pero heredera tambi\u00e9n del derrotado zapaterismo, del que es imposible dudar que es hija predilecta.<\/p>\n<p>Con una oferta as\u00ed, no es de extra\u00f1ar lo ajustado del resultado, la tensi\u00f3n vivida en los d\u00edas anteriores y los temblores de piernas que muchos compromisarios socialistas debieron sentir al meter la papeleta en la urna entre fort\u00edsimas medidas de seguridad para evitar pucherazos. El miedo se adue\u00f1\u00f3 del sevillano hotel Renacimiento &#8211; el nombre del escenario no se escoge con m\u00e1s guasa ni a posta &#8211; y entre acusaciones mutuas de coacciones y juego sucio, llegaron los discursos de los candidatos dejando claras las intenciones de ambos. Rubalcaba ofrec\u00eda un tr\u00e1nsito lo m\u00e1s seguro posible para traves\u00eda del desierto y Chac\u00f3n pretend\u00eda, sin perder un segundo, poner rumbo a la tierra prometida cruzando desiertos y monta\u00f1as hasta llegar al oasis y degustar el ansiado man\u00e1 del poder. Uno garantizaba flotar una patera para cruzar el estrecho que separa la muerte segura de un partido bajo m\u00ednimos en cuotas de cargos electos y la otra una expedici\u00f3n en galeras por mares desconocidos y horizontes lejanos en pos de tesoros de incalculable valor pero de ubicaci\u00f3n incierta. Y como era natural, en un ej\u00e9rcito diezmado y derrotado, triunf\u00f3 la triste realidad de Alfredo P\u00e9rez Rubalcaba ante la on\u00edrica y vol\u00e1til figura de Carmen Chac\u00f3n.<\/p>\n<p><img decoding=\"async\" src=\"http:\/\/www.que.es\/archivos\/201202\/congreso-psoe-normal-365xXx80.jpg\" alt=\"null\" \/><\/p>\n<p>De ideas para qu\u00e9 hablar, cuando lo que toca es poner al mando a las personas que dirijan el naufragio. Entregados a la cita latina &#8211;\u00a0<em>Primum vivere deinde philosophari<\/em> -, los socialistas han decidido primero vivir y luego filosofar. Tienen primero que reconstruir el partido federaci\u00f3n a federaci\u00f3n de un partido con un ERE en marcha dado el alto n\u00famero de cargos que han perdido su cargo y con ello su puesto de trabajo. Tienen que recoser cada gir\u00f3n que en los territorios ha supuesto un enfrentamiento cainita entre dos bandos alineados a muerte cada uno con su candidato a secretario general. \u00a0O mejor dicho, los vencedores aplicar\u00e1n su concepto de integraci\u00f3n cortando a cuchillo la cabeza de los derrotados que es como se suelen debatir las diferencias personales en el seno de los partidos pol\u00edticos.<\/p>\n<p>Por delante tres a\u00f1os &#8211; hasta las pr\u00f3ximas elecciones municipales y auton\u00f3micas &#8211; para recuperar el cr\u00e9dito perdido en la sociedad espa\u00f1ola, el apoyo dilapidado por no reconocer primero la gravedad de la crisis y despu\u00e9s en un giro copernicano de sus pol\u00edticas, aplicar las recetas m\u00e1s duras y ortodoxas del centro derecho europeo. En ese dif\u00edcil navegar de la patera en las turbulentas y fr\u00edas aguas del estrecho, en alg\u00fan momento tendr\u00e1n que reparar en la necesidad de lanzar una propuesta socialdem\u00f3crata y europe\u00edsta, desde un pensamiento renovado, capaz de afrontar los retos de la globalizaci\u00f3n y el di\u00e1logo con Estados emergentes que claman por su derecho a ser protagonistas en la toma de decisiones del mundo. Alg\u00fan d\u00eda, mejor pronto que tarde, deber\u00edan pensar en salir de las posiciones meramente defensivas del Estado del bienestar, para hacer una ofensiva de conquista de derechos, recuperando el discurso tradicional de la izquierda europea de trabajar por el progreso sin mirar al retrovisor. Deber\u00edan ponerse a la labor de ser alternativa, aunque solo sea porque deber\u00edan recordar que no solo de pan vive el hombre, si es que a\u00fan quieren ser \u00fatiles a la sociedad y no seguir siendo un mero centro de colocaciones plagado de nepotismo.<\/p>\n<p>Adem\u00e1s tendr\u00e1n la responsabilidad de ser el principal partido de la oposici\u00f3n al reci\u00e9n nacido gobierno del Partido Popular. Eso para bien y para mal, es decir, para alcanzar acuerdos en cuestiones de Estado &#8211; que suelen interpretar como sin\u00f3nimo de apa\u00f1o &#8211; y para fiscalizar con contundencia la acci\u00f3n del Ejecutivo de Mariano Rajoy. Y no s\u00e9 la verdad si la patera y sus tripulantes dar\u00e1n a basto a tanta tarea como tienen por delante o caer\u00e1n exhaustos por la borda antes de pisar tierra. De momento hay que reconocer que han optado por la v\u00eda m\u00e1s realista que se les ofrec\u00eda, lo cual dice mucho de su capacidad de supervivencia que avalan los m\u00e1s de 130 a\u00f1os de existencia del partido contra viento y marea, dentro y fuera del mismo. No tienen un l\u00edder indiscutible, ni ilusionante. Rubalcaba es un dirigente para los tiempos que corren, para tratar de evitar un naufragio en medio de una tempestad. Ni nada m\u00e1s, ni nada menos.<\/p>\n<p>Con todo le queda el reto de no ensimismarse en la turbulencia del oleaje, tratando de buscar un horizonte cierto para cuando la tormenta amaine. Porque por mucho que sus problemas internos le ocupen gran parte de su trabajo, fuera seguir\u00e1 habiendo un Estado plurinacional que demanda nuevas f\u00f3rmulas de convivencia con leg\u00edtimas reivindicaciones de pueblos con identidad, realidad econ\u00f3mica y culturas propias. Fuera seguir\u00e1 habiendo una sociedad que anhela soluciones a sus demandas de quienes dicen representarles. Porque como nos cant\u00f3 Serrat,<\/p>\n<p>Detr\u00e1s de los h\u00e9roes y de los titanes,<br \/>\ndetr\u00e1s de las gestas de la humanidad<br \/>\ny de las medallas de los generales.<br \/>\nDetr\u00e1s de la Estatua de la Libertad.<\/p>\n<p>Detr\u00e1s de los himnos y de las banderas.<br \/>\nDetr\u00e1s de la hoguera de la Inquisici\u00f3n.<br \/>\nDetr\u00e1s de las cifras y de los rascacielos.<br \/>\nDetr\u00e1s de los anuncios de ne\u00f3n.<\/p>\n<p>Detr\u00e1s, est\u00e1 la gente<br \/>\ncon sus peque\u00f1os temas,<br \/>\nsus peque\u00f1os problemas<br \/>\ny sus peque\u00f1os amores.<\/p>\n<p><img loading=\"lazy\" decoding=\"async\" src=\"http:\/\/www.cuatro.com\/noticias\/espana\/Alfredo_Perez_Rubalcaba-PSOE-secretario_general-elecciones_primarias_CUAIMA20120204_0010_3.jpg\" alt=\"null\" width=\"456\" height=\"256\" \/><\/p>\n<\/div>\n","protected":false},"excerpt":{"rendered":"<p>Supongo que la tarea que les correspondi\u00f3 a los delegados territoriales del\u00a0Partido Socialistaen su 38\u00ba Congreso no result\u00f3 nada f\u00e1cil. Elegir secretario general como el mal menor cuando todo o pr\u00e1cticamente todo se ha perdido &#8211; en los ayuntamientos, en las Comunidades Aut\u00f3nomas y en el Estado &#8211; es como optar entre morir por eutanasia &hellip; <a href=\"https:\/\/blogs.noticiasdenavarra.com\/conacentohispano\/2012\/02\/06\/el-psoe-se-sube-a-la-patera-para-su-travesia-del-desierto\/\" class=\"more-link\">Sigue leyendo <span class=\"screen-reader-text\">El PSOE se sube a la patera para su traves\u00eda del desierto<\/span><\/a><\/p>\n","protected":false},"author":70,"featured_media":0,"comment_status":"open","ping_status":"open","sticky":false,"template":"","format":"standard","meta":{"footnotes":""},"categories":[4],"tags":[],"class_list":["post-88","post","type-post","status-publish","format-standard","hentry","category-sin-categoria"],"_links":{"self":[{"href":"https:\/\/blogs.noticiasdenavarra.com\/conacentohispano\/wp-json\/wp\/v2\/posts\/88","targetHints":{"allow":["GET"]}}],"collection":[{"href":"https:\/\/blogs.noticiasdenavarra.com\/conacentohispano\/wp-json\/wp\/v2\/posts"}],"about":[{"href":"https:\/\/blogs.noticiasdenavarra.com\/conacentohispano\/wp-json\/wp\/v2\/types\/post"}],"author":[{"embeddable":true,"href":"https:\/\/blogs.noticiasdenavarra.com\/conacentohispano\/wp-json\/wp\/v2\/users\/70"}],"replies":[{"embeddable":true,"href":"https:\/\/blogs.noticiasdenavarra.com\/conacentohispano\/wp-json\/wp\/v2\/comments?post=88"}],"version-history":[{"count":1,"href":"https:\/\/blogs.noticiasdenavarra.com\/conacentohispano\/wp-json\/wp\/v2\/posts\/88\/revisions"}],"predecessor-version":[{"id":89,"href":"https:\/\/blogs.noticiasdenavarra.com\/conacentohispano\/wp-json\/wp\/v2\/posts\/88\/revisions\/89"}],"wp:attachment":[{"href":"https:\/\/blogs.noticiasdenavarra.com\/conacentohispano\/wp-json\/wp\/v2\/media?parent=88"}],"wp:term":[{"taxonomy":"category","embeddable":true,"href":"https:\/\/blogs.noticiasdenavarra.com\/conacentohispano\/wp-json\/wp\/v2\/categories?post=88"},{"taxonomy":"post_tag","embeddable":true,"href":"https:\/\/blogs.noticiasdenavarra.com\/conacentohispano\/wp-json\/wp\/v2\/tags?post=88"}],"curies":[{"name":"wp","href":"https:\/\/api.w.org\/{rel}","templated":true}]}}