{"id":82,"date":"2012-01-28T10:03:28","date_gmt":"2012-01-28T10:03:28","guid":{"rendered":"http:\/\/blogs.noticiasdenavarra.com\/conacentohispano\/?p=82"},"modified":"2012-01-28T10:03:28","modified_gmt":"2012-01-28T10:03:28","slug":"rajoy-y-merkel-how-are-you-angela-very-well-53-millones-de-parados","status":"publish","type":"post","link":"https:\/\/blogs.noticiasdenavarra.com\/conacentohispano\/2012\/01\/28\/rajoy-y-merkel-how-are-you-angela-very-well-53-millones-de-parados\/","title":{"rendered":"Rajoy y Merkel: \u201cHow are you Angela\u2026 Very well\u201d, 5,3 millones de parados"},"content":{"rendered":"<p>Presentarse campechanamente como si se estuviera en casa, en familia, sin saber idiomas tiene el riesgo de quedar uno como los indios siux y su inefable \u201chow\u201d para saludar al S\u00e9ptimo de Caballer\u00eda. Ni que decir tiene que Angela esperaba de Mariano un comedido \u201cPleased to meet you\u201d. Y algo parecido debi\u00f3 sentir<strong> Rajoy<\/strong> antes de saludar a<strong> Merkel<\/strong> a lo que deb\u00edan sentir los pieles rojas cuando se enfrentaban con sus flechas a los soldados yanquis pertrechados con sus rifles de repetici\u00f3n, sobre todo, cuando se te ha olvidado maquillarte con las pinturas de guerra.<\/p>\n<p>As\u00ed es que tras deslizar en los medios de comunicaci\u00f3n afines, en los d\u00edas previos al encuentro, que acudir\u00eda a la cita sol\u00edcito y valiente dispuesto a demandar a la gobernanta de Europa una moratoria de m\u00ednima flexibilidad en el objetivo de d\u00e9ficit para 2012 marcado para Espa\u00f1a \u2013 el 4,4% \u2013 el fr\u00edo invernal berlin\u00e9s debi\u00f3 arrugar su voluntad inquebrantable y todo qued\u00f3 en \u201clo que t\u00fa digas Angela porque uno no puede gastar lo que no tiene\u201d. Y es que ya se sabe que uno no debe pasar revista a las tropas a cuerpecito gentil para lucir palmito a dos grados bajo cero en la h\u00fameda ciudad del Spree.<\/p>\n<p><img loading=\"lazy\" decoding=\"async\" src=\"http:\/\/www.elcomercio.es\/RC\/201201\/26\/Media\/M1-1807805927--647x330.JPG\" alt=\"null\" width=\"388\" height=\"198\" \/><\/p>\n<p>El resumen de la primera reuni\u00f3n entre la Canciller y el nuevo presidente espa\u00f1ol es que nadie se atreve a salirse del gui\u00f3n r\u00edgido del ajuste duro y severo merkeliano, que nadie se atreve a amorcillar siquiera una frase original a los m\u00e1rgenes de los recortes, por m\u00e1s que cada vez sea m\u00e1s evidente que esa pol\u00edtica unidireccional nos est\u00e1 sumiendo en la recesi\u00f3n sl tiempo que supone el desmantelamiento de nuestro Estado del bienestar. Ning\u00fan gobernante tiene el arrojo necesario para plantar cara al desastre y decir basta al emprobrecimiento del concepto p\u00fablico de la pol\u00edtica. Prefieren administrar miseria de la cosa p\u00fablica y convertirse en una suerte de orden mendicante ante los ciudadanos a los que recortan derechos mientras les subem los impuestos (p.ej. primeros meses de acci\u00f3n de gobierno del\u00a0<strong>Partido Popular<\/strong> en\u00a0<strong>Espa\u00f1a<\/strong>).<\/p>\n<p>Ten\u00eda Rajoy, sin embargo, buenas razones para plantarse ante Merkel. Incluso uno de sus dos ministros econ\u00f3micos \u2013 en esa suerte b\u00edgama de dirigir la econom\u00eda que tiene el presidente \u2013 el de Hacienda, Crist\u00f3bal\u00a0<strong>Montoro<\/strong>, hab\u00eda anunciado la imposibilidad de cumplimiento del objetivo de d\u00e9ficit este a\u00f1o y, por ende, pidi\u00f3 arnica o lo que se dice de un poquito de por favor a los que mandan en el euro.\u00a0Ten\u00eda Rajoy nada menos que 5.273.600 poderosas razones, las del n\u00famero de parados espa\u00f1oles para tratar de hacer otra pol\u00edtica. Pero al escuchar el \u201cvery well\u201d de Angela trat\u00f3 de ganarse sus favores susurr\u00e1ndole al o\u00eddo promesas de austeridad, con el sonido de fondo de gaitas por supuesto gallegas.<\/p>\n<p>Caminaron de la mano f\u00edsica y t\u00e1cticamente Angela y Mariano,se juraron fidelidad doctrinal eterna y de nuevo la Canciller hizo un amigo para siempre, d\u00f3cil y sumiso rendido a los encantos de la Dama de Hormig\u00f3n Armado. Funcion\u00f3 la qu\u00edmica \u2013 que para algo ella se licenci\u00f3 en esa ciencia \u2013 y el presidente espa\u00f1ol se volvi\u00f3 a su pa\u00eds dispuesto a poner rostro de circunstancias al d\u00eda siguiente a los dram\u00e1ticos datos de la Encuesta de Poblaci\u00f3n Activa del a\u00f1o 2011. Como si lo del empleo no fuera con \u00e9l volvi\u00f3 a las preocupaciones de moda generadas por la moderna versi\u00f3n de la Inquisici\u00f3n que representan hoy las agencias de rating y, en este caso\u00a0<strong>Ficht<\/strong>, degradara dos pelda\u00f1os la nota de solvencia de Espa\u00f1a.<\/p>\n<p>Confiemos, pues, que esta incipiente amistad llena de desparpajo y aderezada con las habituales brumas ret\u00f3ricas del presidente Rajoy \u2013 de puede que s\u00ed o no \u2013 d\u00e9 los frutos anhelados y para cuando superemos los seis millones de parados no nos echen del euro si en vez de registrar un d\u00e9ficit p\u00fablico del 4,4% nos hemos quedado en un rampl\u00f3n 5%. La pena es que para entonces probablemente el verdadero d\u00e9ficit, el d\u00e9ficit de lo p\u00fablico, lo que es de todos y es para todos, nos habr\u00e1 dejado el cat\u00e1logo de servicios b\u00e1sicos en sanidad \u2013 es decir una salud de m\u00ednimos \u2013 y una educaci\u00f3n sin educadores. Y para entonces tambi\u00e9n, ni siquiera podremos demandar a nuestros gobernantes en segunda instancia porque no tendremos dinero para pagar la tasa del ministro\u00a0<strong>Gallard\u00f3n<\/strong>. O sea, lo dicho Angela, que estamos \u201cvery well\u201d.<\/p>\n<p><img loading=\"lazy\" decoding=\"async\" src=\"http:\/\/www.cincodias.com\/recorte.php\/20120127cdscdieco_1\/XLCOH635\/Ies\/Rajoy-Merkel-pactan-ayudas-europeas-crear-empleo-juvenil.jpg\" alt=\"null\" width=\"381\" height=\"180\" \/><\/p>\n","protected":false},"excerpt":{"rendered":"<p>Presentarse campechanamente como si se estuviera en casa, en familia, sin saber idiomas tiene el riesgo de quedar uno como los indios siux y su inefable \u201chow\u201d para saludar al S\u00e9ptimo de Caballer\u00eda. Ni que decir tiene que Angela esperaba de Mariano un comedido \u201cPleased to meet you\u201d. Y algo parecido debi\u00f3 sentir Rajoy antes &hellip; <a href=\"https:\/\/blogs.noticiasdenavarra.com\/conacentohispano\/2012\/01\/28\/rajoy-y-merkel-how-are-you-angela-very-well-53-millones-de-parados\/\" class=\"more-link\">Sigue leyendo <span class=\"screen-reader-text\">Rajoy y Merkel: \u201cHow are you Angela\u2026 Very well\u201d, 5,3 millones de parados<\/span><\/a><\/p>\n","protected":false},"author":70,"featured_media":0,"comment_status":"open","ping_status":"open","sticky":false,"template":"","format":"standard","meta":{"footnotes":""},"categories":[4],"tags":[475,486,487,411,423,241,426],"class_list":["post-82","post","type-post","status-publish","format-standard","hentry","category-sin-categoria","tag-espana","tag-ficht","tag-gallardon","tag-merkel","tag-montoro","tag-pp","tag-rajoy"],"_links":{"self":[{"href":"https:\/\/blogs.noticiasdenavarra.com\/conacentohispano\/wp-json\/wp\/v2\/posts\/82","targetHints":{"allow":["GET"]}}],"collection":[{"href":"https:\/\/blogs.noticiasdenavarra.com\/conacentohispano\/wp-json\/wp\/v2\/posts"}],"about":[{"href":"https:\/\/blogs.noticiasdenavarra.com\/conacentohispano\/wp-json\/wp\/v2\/types\/post"}],"author":[{"embeddable":true,"href":"https:\/\/blogs.noticiasdenavarra.com\/conacentohispano\/wp-json\/wp\/v2\/users\/70"}],"replies":[{"embeddable":true,"href":"https:\/\/blogs.noticiasdenavarra.com\/conacentohispano\/wp-json\/wp\/v2\/comments?post=82"}],"version-history":[{"count":1,"href":"https:\/\/blogs.noticiasdenavarra.com\/conacentohispano\/wp-json\/wp\/v2\/posts\/82\/revisions"}],"predecessor-version":[{"id":83,"href":"https:\/\/blogs.noticiasdenavarra.com\/conacentohispano\/wp-json\/wp\/v2\/posts\/82\/revisions\/83"}],"wp:attachment":[{"href":"https:\/\/blogs.noticiasdenavarra.com\/conacentohispano\/wp-json\/wp\/v2\/media?parent=82"}],"wp:term":[{"taxonomy":"category","embeddable":true,"href":"https:\/\/blogs.noticiasdenavarra.com\/conacentohispano\/wp-json\/wp\/v2\/categories?post=82"},{"taxonomy":"post_tag","embeddable":true,"href":"https:\/\/blogs.noticiasdenavarra.com\/conacentohispano\/wp-json\/wp\/v2\/tags?post=82"}],"curies":[{"name":"wp","href":"https:\/\/api.w.org\/{rel}","templated":true}]}}