{"id":73,"date":"2012-01-17T17:53:14","date_gmt":"2012-01-17T17:53:14","guid":{"rendered":"http:\/\/blogs.noticiasdenavarra.com\/conacentohispano\/?p=73"},"modified":"2012-01-17T17:53:14","modified_gmt":"2012-01-17T17:53:14","slug":"union-europea-2012-perspectivas-politicas-y-economicas","status":"publish","type":"post","link":"https:\/\/blogs.noticiasdenavarra.com\/conacentohispano\/2012\/01\/17\/union-europea-2012-perspectivas-politicas-y-economicas\/","title":{"rendered":"Uni\u00f3n Europea 2012: perspectivas pol\u00edticas y econ\u00f3micas"},"content":{"rendered":"<p><strong>PERSPECTIVAS POL\u00cdTICAS:<\/strong><\/p>\n<p>El calendario electoral de la\u00a0<strong>Uni\u00f3n Europea<\/strong> el a\u00f1o 2012 vendr\u00e1 marcado por tres comicios:<\/p>\n<ul>\n<li>15 de enero, elecciones presidenciales en\u00a0<strong>Finlandia<\/strong>.<\/li>\n<li>22 de abril, elecciones presidenciales en\u00a0<strong>Francia<\/strong>.<\/li>\n<li>Finales de abril, elecciones legislativas en\u00a0<strong>Grecia<\/strong>.<\/li>\n<\/ul>\n<p>Queda por saber si el gobierno provisional de Mario\u00a0<strong>Monti <\/strong>en\u00a0<strong>Italia<\/strong> alargar\u00e1 su mandato para efectuar las reformas solicitadas desde Bruselas todo el a\u00f1o 2012 o si por el contrario, concluida su misi\u00f3n especial se convocar\u00e1n elecciones legislativas para retomar la normalidad pol\u00edtica en el pa\u00eds transalpino.<\/p>\n<p>Y sobre todas ellas tendr\u00e1 enorme significaci\u00f3n la contienda electoral en\u00a0<strong>Rusia<\/strong>para elegir su presidente el 4 de marzo.<\/p>\n<p><strong>Previsiones electorales:<\/strong><\/p>\n<ul>\n<li><strong>Finlandia: <\/strong>Las elecciones presidenciales del pr\u00f3ximo 15 de enero se producen a menos de un a\u00f1o de las elecciones legislativas que dieron como resultado la conformaci\u00f3n de un gobierno de coalici\u00f3n que tard\u00f3 dos meses en alcanzarse e integrado por seis partidos pol\u00edticos. De ah\u00ed que la elecci\u00f3n del nuevo presidente, que sustituir\u00e1 a la presidente Tarja\u00a0<strong>Halonen<\/strong>se convierta en una aut\u00e9ntica segunda vuelta de los comicios generales. El presidente finland\u00e9s constitucionalmente tiene poderes reforzados para materias de Estado, por lo que no resultan en absoluto unas elecciones testimoniales. Ser\u00e1 tambi\u00e9n importante evaluar la capacidad de movilizaci\u00f3n de la ultraderecha de los Verdaderos Finladeses, cuyo l\u00edder Timo\u00a0<strong>Soini<\/strong> fue la gran sorpresa de las legislativas y ahora se presenta a la presidencia para competir con el principal favorito, el ex presidente del gobierno y l\u00edder del Partido de Coalici\u00f3n Nacional, Sauli\u00a0<strong>Niinisto<\/strong>, con el permiso del socialdem\u00f3crata Paavo\u00a0<strong>V\u00e4yrynen<\/strong>.<\/li>\n<li><strong>Francia: <\/strong>La principal cita electoral de la Uni\u00f3n tendr\u00e1 lugar entre abril y mayo \u2013 lo normal es que sea precisa la segunda vuelta \u2013 para definir el presidente de la Rep\u00fablica. Una batalla que se dirimir\u00e1 casi con total seguridad entre Nicol\u00e1s\u00a0<strong>Sarkozy<\/strong> y Francois\u00a0<strong>Hollande<\/strong>. Los socialistas acaban de llevar a cabo su proceso de primarias, en el que votaron nada menos que 2 millones de personas del que sali\u00e7o ungido Hollande (ex marido de la anterior candidata socialista S\u00e9gol\u00e8ne<strong> Royale<\/strong>). Enfrente un sarkozy cuya imagen se ha desgastado estos a\u00f1os de mandato notablemente pero que en los \u00faltimos meses, fruto de su protagonismo ante la situaci\u00f3n del euro y de la UE ha remontado posiciones en las encuestas. Los sondeos actualmente se\u00f1alan que Hollande obtendr\u00eda un 32% de los votos en primera vuelta por un 25,5% de Sarkozy. La clave una vez m\u00e1s estar\u00e1 en las opciones de hacerse con los votos de otros candidatos de cara a la segunda vuelta. En este sentido, parece claro que Hollande contar\u00eda con el voto de la izquierda y los del centro que pueda obtener Francois Bayrou (las encuestas le dan un 7%). Por contra Sarkozy podr\u00eda contar con los votos de los ultraderechistas del Frente Nacional representados por Marine\u00a0<strong>Le Pen<\/strong> (con un 17% en los sondeos).<\/li>\n<li><strong>Grecia: <\/strong>Sin fecha a\u00fan fijada pero con el escenario de adelanto ya pactado, el pa\u00eds heleno celebrar\u00e1 sus comicios generales a finales de abril o principios de mayo. Todo depende de las negociaciones que el gobierno de Luk\u00e1s\u00a0<strong>Papademos<\/strong> lleva a cabo sobre la quita de la deuda que oblig\u00f3 a dos rescates de las finanzas p\u00fablicas griegas. El ejecutivo de unidad conformado por los tres principales partidos deber\u00e1 concluir su trabajo para lograr la condonaci\u00f3n de la mitad de la deuda en manos de banca privada y grandes fondos de inversi\u00f3n. Los sondeos \u00faltimos dan una clara ventaja al partido de centro derecha de Antonis<strong> Samar\u00e1s<\/strong>, Nueva Democracia, aunque lejana a\u00fan a una mayor\u00eda absoluta por lo que lo m\u00e1s previsible es que Grecia deba acudir a f\u00f3rmulas de coalici\u00f3n o incluso de gobiernos de unidad como el actual.<\/li>\n<p><img loading=\"lazy\" decoding=\"async\" src=\"http:\/\/www.lepoint.fr\/content\/system\/media\/1\/200809\/21514_une-hollande-sarkozy.jpg\" alt=\"null\" width=\"397\" height=\"173\" \/><\/ul>\n<p><strong>PERSPECTIVAS ECON\u00d3MICAS:<\/strong><\/p>\n<p>Seg\u00fan el \u00faltimo informe de previsiones de la Uni\u00f3n Europea hecho p\u00fablico el pasado 10 de noviembre en Bruselas, el\u00a0crecimiento de la UE permanecer\u00e1 pr\u00e1cticamente estancado durante 2012 para empezar a recuperarse lentamente en 2013, \u00a0por lo que se prev\u00e9 que el desempleo se mantenga en los actuales niveles elevados.\u00a0Los principales indicadores apuntan al estancamiento de la recuperaci\u00f3n con posibles riesgos de contracci\u00f3n.\u00a0En consecuencia, se espera que en 2012 el PIB crezca a un ritmo de tan solo un 0,5% en la UE y la eurozona.<\/p>\n<p>La prolongada incertidumbre en los mercados financieros con respecto a la sostenibilidad de las finanzas p\u00fablicas en algunas econom\u00edas de la zona euro y los temores de contagio que afectan a los pa\u00edses de su n\u00facleo duro contribuir\u00e1n a un crecimiento d\u00e9bil. La debilidad de la econom\u00eda mundial, y de las econom\u00edas de algunos de los socios m\u00e1s importantes de la UE, reforzar\u00e1 esta tendencia.\u00a0El pron\u00f3stico asume una recuperaci\u00f3n gradual de la confianza en el segundo semestre de 2012, respaldada por la aplicaci\u00f3n de medidas pol\u00edticas que reconduzcan la crisis de la deuda soberana.<\/p>\n<p>Sus principales conclusiones son:<\/p>\n<ul>\n<li><strong>Estancamiento de los mercados laborales.<\/strong> Es probable que el desempleo se mantenga en su elevado nivel actual del 9,5%, aunque, tambi\u00e9n en este caso, la situaci\u00f3n variar\u00e1 mucho de un pa\u00eds a otro.<\/li>\n<li><strong>Las finanzas p\u00fablicas en v\u00edas de una mejora gradual. <\/strong>Est\u00e1 previsto que en 2012 los d\u00e9ficits se reduzcan hasta situarse justo por debajo del 4% y el 3,5% del PIB en la UE y la eurozona, respectivamente.\u00a0Seg\u00fan las previsiones, la ratio deuda-PIB alcanzar\u00e1 su nivel m\u00e1ximo en la UE en 2012 (en torno al 85%) para estabilizarse en 2013. En la zona euro, sin embargo, la ratio de la deuda seguir\u00e1 aumentando ligeramente y rebasar\u00e1 el 90% del PIB en 2012.<\/li>\n<li><strong>Inflaci\u00f3n por debajo del 2%. <\/strong>El pron\u00f3stico indica un descenso de la inflaci\u00f3n por debajo del 2% en 2012 debido a la reducci\u00f3n de la presi\u00f3n de los precios de la energ\u00eda. Est\u00e1 previsto que la debilidad de la actividad econ\u00f3mica y la moderaci\u00f3n salarial mantengan la inflaci\u00f3n bajo control durante el periodo examinado en las previsiones.<\/li>\n<li><strong>Se mantiene el riesgo de contracci\u00f3n.<\/strong>Son tres los principales riesgos que pesan sobre la econom\u00eda de la UE y la eurozona: la prolongada incertidumbre generada por la deuda soberana, la debilidad del sector financiero y la ralentizaci\u00f3n del comercio mundial. Existe la posibilidad de entrar en una din\u00e1mica negativa: la desaceleraci\u00f3n del crecimiento podr\u00eda afectar a los emisores de deuda p\u00fablica, lo que, a su vez, podr\u00eda deteriorar la situaci\u00f3n del sector financiero, que ser\u00eda incapaz de apoyar el crecimiento.<\/li>\n<\/ul>\n<p>En sentido m\u00e1s positivo las previsiones tambi\u00e9n se\u00f1alan que si por el contrario, el hecho de que la recuperaci\u00f3n de la confianza se produjese antes de lo previsto podr\u00eda potenciar la inversi\u00f3n y el consumo privado. Es m\u00e1s, la mejora del entorno internacional, si se reanudase por ejemplo el crecimiento mundial, podr\u00eda dar un nuevo \u00edmpetu a las exportaciones de la UE. Del mismo modo, la bajada de precios de los productos de consumo contribuir\u00eda a un consumo m\u00e1s din\u00e1mico.<\/p>\n<p><img decoding=\"async\" src=\"http:\/\/www.centinelaeconomico.com\/wp-content\/uploads\/2011\/09\/Banco_Central_Europeo_grande_49.jpg\" alt=\"null\" \/><\/p>\n","protected":false},"excerpt":{"rendered":"<p>PERSPECTIVAS POL\u00cdTICAS: El calendario electoral de la\u00a0Uni\u00f3n Europea el a\u00f1o 2012 vendr\u00e1 marcado por tres comicios: 15 de enero, elecciones presidenciales en\u00a0Finlandia. 22 de abril, elecciones presidenciales en\u00a0Francia. Finales de abril, elecciones legislativas en\u00a0Grecia. Queda por saber si el gobierno provisional de Mario\u00a0Monti en\u00a0Italia alargar\u00e1 su mandato para efectuar las reformas solicitadas desde Bruselas todo &hellip; <a href=\"https:\/\/blogs.noticiasdenavarra.com\/conacentohispano\/2012\/01\/17\/union-europea-2012-perspectivas-politicas-y-economicas\/\" class=\"more-link\">Sigue leyendo <span class=\"screen-reader-text\">Uni\u00f3n Europea 2012: perspectivas pol\u00edticas y econ\u00f3micas<\/span><\/a><\/p>\n","protected":false},"author":70,"featured_media":0,"comment_status":"open","ping_status":"open","sticky":false,"template":"","format":"standard","meta":{"footnotes":""},"categories":[4],"tags":[452,409,453,454,455,456,457,458,459,460,461,462,463,414,464,389,465],"class_list":["post-73","post","type-post","status-publish","format-standard","hentry","category-sin-categoria","tag-finlandia","tag-francia","tag-grecia","tag-halonen","tag-hollande","tag-italia","tag-le-pen","tag-monti","tag-niinisto","tag-papademos","tag-royale","tag-rusia","tag-samaras","tag-sarkozy","tag-soini","tag-ue","tag-vayrynen"],"_links":{"self":[{"href":"https:\/\/blogs.noticiasdenavarra.com\/conacentohispano\/wp-json\/wp\/v2\/posts\/73","targetHints":{"allow":["GET"]}}],"collection":[{"href":"https:\/\/blogs.noticiasdenavarra.com\/conacentohispano\/wp-json\/wp\/v2\/posts"}],"about":[{"href":"https:\/\/blogs.noticiasdenavarra.com\/conacentohispano\/wp-json\/wp\/v2\/types\/post"}],"author":[{"embeddable":true,"href":"https:\/\/blogs.noticiasdenavarra.com\/conacentohispano\/wp-json\/wp\/v2\/users\/70"}],"replies":[{"embeddable":true,"href":"https:\/\/blogs.noticiasdenavarra.com\/conacentohispano\/wp-json\/wp\/v2\/comments?post=73"}],"version-history":[{"count":1,"href":"https:\/\/blogs.noticiasdenavarra.com\/conacentohispano\/wp-json\/wp\/v2\/posts\/73\/revisions"}],"predecessor-version":[{"id":74,"href":"https:\/\/blogs.noticiasdenavarra.com\/conacentohispano\/wp-json\/wp\/v2\/posts\/73\/revisions\/74"}],"wp:attachment":[{"href":"https:\/\/blogs.noticiasdenavarra.com\/conacentohispano\/wp-json\/wp\/v2\/media?parent=73"}],"wp:term":[{"taxonomy":"category","embeddable":true,"href":"https:\/\/blogs.noticiasdenavarra.com\/conacentohispano\/wp-json\/wp\/v2\/categories?post=73"},{"taxonomy":"post_tag","embeddable":true,"href":"https:\/\/blogs.noticiasdenavarra.com\/conacentohispano\/wp-json\/wp\/v2\/tags?post=73"}],"curies":[{"name":"wp","href":"https:\/\/api.w.org\/{rel}","templated":true}]}}