{"id":69,"date":"2012-01-17T17:50:15","date_gmt":"2012-01-17T17:50:15","guid":{"rendered":"http:\/\/blogs.noticiasdenavarra.com\/conacentohispano\/?p=69"},"modified":"2012-01-17T17:50:15","modified_gmt":"2012-01-17T17:50:15","slug":"rajoy-abandona-las-ocurrencias-de-zapatero-y-apuesta-por-ser-previsible-poca-audacia-y-mucho-ex","status":"publish","type":"post","link":"https:\/\/blogs.noticiasdenavarra.com\/conacentohispano\/2012\/01\/17\/rajoy-abandona-las-ocurrencias-de-zapatero-y-apuesta-por-ser-previsible-poca-audacia-y-mucho-ex\/","title":{"rendered":"Rajoy abandona las ocurrencias de Zapatero y apuesta por ser previsible: poca audacia y mucho ex"},"content":{"rendered":"<p>El nuevo presidente del Gobierno espa\u00f1ol, Mariano\u00a0<strong>Rajoy<\/strong>, ha optado por volver a la senda de lo previsible, a riesgo de ser tachado de aburrido por los medios de comunicaci\u00f3n, apuesta por \u201cvalores seguros\u201d, por evitar las ocurrencias de su antecesor Jos\u00e9 Luis\u00a0<strong>Rodr\u00edguez Zapatero <\/strong>y por un equipo a su alrededor de veteranos con conocimiento de la administraci\u00f3n p\u00fablica. Si tuviera que a\u00f1adir alg\u00fan calificativo para el nuevo gobierno dir\u00eda que hay muchos amigos en \u00e9l y amigos del jefe, Dicho esto conviene analizar los primeros gestos del nuevo l\u00edder del Ejecutivo tanto en su debate de investidura, es decir, por lo que de momento nos ha hecho saber en el Parlamento de sus intenciones pol\u00edticas y tambi\u00e9n por la personalidad y carteras ocupadas por los nuevos ministros. De momento es evidente que Rajoy ha logrado sus dos primeros objetivos: que no hayan existido filtraciones, lo que no evita las quinielas, pero \u00e9l ha sido quien ha anunciado los nuevos cargos y, lo que es mucho m\u00e1s importante, el verdadero gestor econ\u00f3mico es \u00e9l, pues no ha nombrado un todopoderoso vicepresidente de Econom\u00eda, sino un ministro de Econom\u00eda y Competitividad y otro de Hacienda, preserv\u00e1ndose \u00e9l como presidente el control de la Comisi\u00f3n delegada de Asuntos Econ\u00f3micos.<\/p>\n<p>Si empezamos por tratar de discernir las medidas que emprender\u00e1 el gobierno del PP debemos de encontrar rastros de intenciones en el discurso pronunciado por Rajoy en su debate de investidura del pasado lunes y martes en el Congreso de los Diputados. Y hablo de una aut\u00e9ntica labor de prospecci\u00f3n porque de las palabras de entonces candidato popular, apenas pudimos extraer alguna consecuencia de sus intenciones. Habl\u00f3 el ya presidente del gobierno de compromisos de austeridad en la l\u00ednea de lo impuesto desde Bruselas seg\u00fan el dictado de la Canciller alemana Angela<strong> Merkel<\/strong>. Luego buenas palabras en un discurso bien estructurado del que no se puede decir nada negativo porque fue un repertorio de sentido com\u00fan sin descubrir las medidas concretas que est\u00e1 obligado a tomar este gobierno.\u00a0Disciplina presupuestaria, reforma financiera y reforma laboral, esas son las tres premisas generales sobre las que manifest\u00f3 que pivotar\u00e1 la acci\u00f3n de gobierno. Cifr\u00f3 las necesidades de recorte en 16.500 millones de euros para poder cumplir los objetivos de d\u00e9ficit impuestos por la Comisi\u00f3n Europea pero no defini\u00f3 a qu\u00e9 partidas de los Presupuestos Generales afectar\u00e1. Por contra, se comprometi\u00f3 a la actualizaci\u00f3n del valor de las pensiones, es decir, a efectuar una subida de las mismas en enero para compensar el incremento de los precios durante el 2011.<\/p>\n<p><img loading=\"lazy\" decoding=\"async\" src=\"http:\/\/www.periodistadigital.com\/imagenes\/2011\/12\/21\/nuevo-gobierno_560x280.jpg\" alt=\"null\" width=\"392\" height=\"196\" \/><\/p>\n<p>Asimismo, anunci\u00f3 que el Gobierno tiene la intenci\u00f3n de redimensionar el sector p\u00fablico elevando a cero la renovaci\u00f3n de puestos de trabajo en la funci\u00f3n p\u00fablica e\u00a0iniciando un proceso de simplificaci\u00f3n y reducci\u00f3n de los gastos de la administraci\u00f3n\u201d, gastos de alquileres, racionalizaci\u00f3n de medios, etc. Dentro de las novedades\u00a0el discurso de Rajoy destaca su voluntad de afrontar una reforma del calendario laboral, con la adecuaci\u00f3n de los festivos en pro de la eficiencia y la competitividad, y la eliminaci\u00f3n de las prejubilaciones, salvo casos excepcionales.\u00a0Rajoy tambi\u00e9n tiene previsto acometer una reforma educativa\u00a0donde se promover\u00e1 un bachillerato de tres a\u00f1os y un biling\u00fcismo espa\u00f1ol-ingl\u00e9s.\u00a0\u201dPromoveremos un bachillerato de tres a\u00f1os, con el objetivo de mejorar la preparaci\u00f3n de los futuros universitarios y elevar el nivel cultural medio de Espa\u00f1a\u201d, dijo Rajoy en la presentaci\u00f3n de las l\u00edneas generales de su programa de Gobierno, que el pr\u00f3ximo viernes tiene previsto celebrar su primer Consejo de Ministros. Pero probablemente lo que m\u00e1s ha llamado la atenci\u00f3n de su primer gran discurso como presidente es su declaraci\u00f3n de intenciones de decir la verdad, en sus propias palabras, \u201cllamar al pan pan y al vino vino\u201d. Se ve que Rajoy a aprendido la lecci\u00f3n de su antecesor, Rodr\u00edguez Zapatero que perdi\u00f3 toda su credibilidad empe\u00f1ado en negar la cruda realidad de la crisis econ\u00f3mica. Prefiere el mandatario conservador generar pocas expectativas, partir de una realidad reconocida muy dura para poner pies en el suelo y poner en valor los logros de mejora si se producen. En resumen, reformas, austeridad pero poca concreci\u00f3n en las dolorosas medidas que deber\u00e1 llevar a cabo para equilibrar las cuentas p\u00fablicas y con ello reducir la presi\u00f3n sobre la deuda del Estado. Tan solo un anuncio sutil pero que encierra toda una pol\u00edtica: el gobierno aprobar\u00e1 una Ley de Servicios B\u00e1sicos de Sanidad o lo que es lo mismo, una reducci\u00f3n de prestaciones que afectar\u00e1 a todas las Comunidades Aut\u00f3nomas competentes en materia sanitaria.<\/p>\n<p>Veinticuatro horas m\u00e1s tarde y rodeado de un mutismo total, Rajoy lograba dar la primicia de los componentes de sus gobierno justo cuando lo ten\u00eda previsto, tras cumplir con el tr\u00e1mite de cumplimentar al Rey. Aunque finalmente las sorpresas hayan sido m\u00ednimas dado que se ha rodeado de un equipo gubernamental de confianza, bregado, con experiencia, muy en la l\u00ednea del propio Rajoy, un registrador de la propiedad \u2013 que fue el opositor m\u00e1s joven en su promoci\u00f3n \u2013 y que lleva 30 a\u00f1os en pol\u00edtica. Un aut\u00e9ntico profesional de la cosa p\u00fablica, que empez\u00f3 en la vida municipal en Pontevedra, que despu\u00e9s se convirti\u00f3 en presidente de la Diputaci\u00f3n y conselleiro de la Xunta de Galicia. De ah\u00ed directo al Congreso de los Diputados y en los gobiernos de Jos\u00e9 Mar\u00eda\u00a0<strong>Aznar<\/strong> ministro de Administraciones P\u00fablicas, Interior y Educaci\u00f3n y vicepresidente primero del Gobierno y ministro portavoz y de presidencia. Todo un recorrido por la pol\u00edtica en todos sus niveles, que culmina ahora con la presidencia de un Ejecutivo con 13 ministros. Alejado de las pr\u00e1cticas zapateristas de paridad, el suyo tiene solo 4 mujeres, pero en puestos claves. La vicepresidenta, Soraya\u00a0<strong>Sa\u00e9nz de Santamaria<\/strong>, la ministra de Fomento, Ana\u00a0<strong>Pastor<\/strong>, la de Trabajo F\u00e1tima\u00a0<strong>B\u00e1\u00f1ez<\/strong> y la de Sanidad, Ana\u00a0<strong>Mato<\/strong>. Pocas pero muy relevantes.<\/p>\n<p>En todo caso, lo m\u00e1s relevante es que Rajoy afronta la crisis cogiendo el tim\u00f3n de la gesti\u00f3n econ\u00f3mica. Nombra dos ministros para tal tarea, Luis\u00a0<strong>de Guindos<\/strong> \u2013 ex presidente para Espa\u00f1a y Portugal de Lehman Brothers ya fue Secretario de Estado de Econom\u00eda \u2013 en la cartera de Econom\u00eda y Competitividad \u2013 curiosa man\u00eda de los presidentes de poner adjetivos a los ministerios tratando de convertir deseos en \u00f3rdenes oficiales \u2013 y Crist\u00f3bal\u00a0<strong>Montoro<\/strong>, que repite al frente del nuevamente desgajado ministerio de Hacienda. Es claro que Rajoy no ha querido depositar toda la responsabilidad en un super ministro econ\u00f3mico, ha preferido diluirlo en dos responsables contrastados, lo justo en brillantez y notoriedad. el uno para hacer pol\u00edtica econ\u00f3mica y el otro para cuadrar las cuentas del Estado v\u00eda ingresos. Por encima de ellos \u00e9l mismo con los poderes presidenciales y con el \u00fanico handicap de tener que templar gaitas entre dos posibles gallos de su gabinete. Junto a ellos un nutrido grupo de viejos roqueros del PP. Alberto\u00a0<strong>Ru\u00edz Gallard\u00f3n<\/strong>, el hasta ahora alcalde de Madrid uno de los pol\u00edticos m\u00e1s votados y valorados del Estado, que se har\u00e1 cargo de la compleja tarea de reformar la anquilosada y politizada administraci\u00f3n de Justicia. Jorge\u00a0<strong>Fern\u00e1ndez D\u00edaz<\/strong>, colaborador de Rajoy desde hace m\u00e1s de 20 a\u00f1os, asume la responsabilidad de Interior, en una situaci\u00f3n de crisis social y econ\u00f3mica que requiere mucho tiento en la utilizaci\u00f3n de las fuerzas de seguridad del Estado y que debe gestionar el proceso de paz abierto tras el anuncio de ETA del abandono de las armas. Miguel<strong>Arias Ca\u00f1ete<\/strong>, otro \u201cpata negra\u201d fundador del partido que tambi\u00e9n repite cartera, al volver a ser \u2013 igual que con Aznar \u2013 ministro de Agricultura, Alimentaci\u00f3n y Medio Ambiente \u2013 curioso que un presidente gallego olvide la Pesca y la Mar -. Ca\u00f1ete se enfrenta a la reforma europea de la Pol\u00edtica Agr\u00edcola Comunitaria de oscuras perspectivas para el campo espa\u00f1ol.<\/p>\n<p>Cap\u00edtulo aparte merece el nombramiento de un aut\u00e9ntico veterano de la pol\u00edtica europea, Jos\u00e9 Mar\u00eda\u00a0<strong>Garc\u00eda Margallo<\/strong> como ministro de Exteriores. Eurodiputado de convicciones europeistas tiene una s\u00f3lida base de conocimiento del acervo comunitario, el principal terreno de juego actual de la pol\u00edtica. Completan el Ejecutivo un personaje muy relevante de gran cercan\u00eda al presidente, el canario Juan Carlos<strong> Soria<\/strong>, ministro de Industria, Energ\u00eda y Turismo, una cartera de enorme trascendencia y dos independientes, Pedro\u00a0<strong>Moren\u00e9s<\/strong>, un especialista del \u00e1mbito militar para Defensa y el soci\u00f3logo Jos\u00e9 Ignacio\u00a0<strong>Wert<\/strong>, nuevo ministro de Educaci\u00f3n, Cultura y Deporte, mano derecha del principal estratega del PP, Pedro<strong>Arriola<\/strong>. En suma, un gobierno sin sobresalientes, pero notable, que por supuesto no sabemos si ser\u00e1 suficiente para salir de la aguda crisis que asola Espa\u00f1a, que no ilusiona pero tampoco cometer\u00e1 errores de bulto. Que tratar\u00e1 de instalarse en la normalidad para generar confianza, en la rutina f\u00e1cil del hombre tranquilo que siempre quiere ser Rajoy. Pero que tal vez puesto a poner pero, huele demasiado a naftalina, a tiempos aznarianos, con mucho ex en sus filas. Seguramente ser\u00e1 porque Rajoy ha nombrado los ministros que hubiera nombrado hace ocho a\u00f1os, cuando los atentados del 11 M le apartaron de Moncloa. Veremos si este regreso al pasado es la receta ideal para un tiempo tan cambiante como el que vivimos.<\/p>\n<p><img loading=\"lazy\" decoding=\"async\" src=\"http:\/\/www.elcomercio.com\/mundo\/Mariano-Rajoy-primer-debate-investidura_ECMIMA20111219_0075_4.jpg\" alt=\"null\" width=\"434\" height=\"308\" \/><\/p>\n","protected":false},"excerpt":{"rendered":"<p>El nuevo presidente del Gobierno espa\u00f1ol, Mariano\u00a0Rajoy, ha optado por volver a la senda de lo previsible, a riesgo de ser tachado de aburrido por los medios de comunicaci\u00f3n, apuesta por \u201cvalores seguros\u201d, por evitar las ocurrencias de su antecesor Jos\u00e9 Luis\u00a0Rodr\u00edguez Zapatero y por un equipo a su alrededor de veteranos con conocimiento de &hellip; <a href=\"https:\/\/blogs.noticiasdenavarra.com\/conacentohispano\/2012\/01\/17\/rajoy-abandona-las-ocurrencias-de-zapatero-y-apuesta-por-ser-previsible-poca-audacia-y-mucho-ex\/\" class=\"more-link\">Sigue leyendo <span class=\"screen-reader-text\">Rajoy abandona las ocurrencias de Zapatero y apuesta por ser previsible: poca audacia y mucho ex<\/span><\/a><\/p>\n","protected":false},"author":70,"featured_media":0,"comment_status":"open","ping_status":"open","sticky":false,"template":"","format":"standard","meta":{"footnotes":""},"categories":[4],"tags":[415,416,417,418,419,420,421,422,411,423,424,425,426,427,428,429,430,431],"class_list":["post-69","post","type-post","status-publish","format-standard","hentry","category-sin-categoria","tag-arias-canete","tag-arriola","tag-aznar","tag-banez","tag-de-guindos","tag-fernandez-diaz","tag-garcia-margallo","tag-mato","tag-merkel","tag-montoro","tag-morenes","tag-pastor","tag-rajoy","tag-rodriguez-zapatero","tag-ruiz-gallardon","tag-saenz-de-santamaria","tag-soria","tag-wert"],"_links":{"self":[{"href":"https:\/\/blogs.noticiasdenavarra.com\/conacentohispano\/wp-json\/wp\/v2\/posts\/69","targetHints":{"allow":["GET"]}}],"collection":[{"href":"https:\/\/blogs.noticiasdenavarra.com\/conacentohispano\/wp-json\/wp\/v2\/posts"}],"about":[{"href":"https:\/\/blogs.noticiasdenavarra.com\/conacentohispano\/wp-json\/wp\/v2\/types\/post"}],"author":[{"embeddable":true,"href":"https:\/\/blogs.noticiasdenavarra.com\/conacentohispano\/wp-json\/wp\/v2\/users\/70"}],"replies":[{"embeddable":true,"href":"https:\/\/blogs.noticiasdenavarra.com\/conacentohispano\/wp-json\/wp\/v2\/comments?post=69"}],"version-history":[{"count":1,"href":"https:\/\/blogs.noticiasdenavarra.com\/conacentohispano\/wp-json\/wp\/v2\/posts\/69\/revisions"}],"predecessor-version":[{"id":70,"href":"https:\/\/blogs.noticiasdenavarra.com\/conacentohispano\/wp-json\/wp\/v2\/posts\/69\/revisions\/70"}],"wp:attachment":[{"href":"https:\/\/blogs.noticiasdenavarra.com\/conacentohispano\/wp-json\/wp\/v2\/media?parent=69"}],"wp:term":[{"taxonomy":"category","embeddable":true,"href":"https:\/\/blogs.noticiasdenavarra.com\/conacentohispano\/wp-json\/wp\/v2\/categories?post=69"},{"taxonomy":"post_tag","embeddable":true,"href":"https:\/\/blogs.noticiasdenavarra.com\/conacentohispano\/wp-json\/wp\/v2\/tags?post=69"}],"curies":[{"name":"wp","href":"https:\/\/api.w.org\/{rel}","templated":true}]}}