{"id":445,"date":"2015-02-11T19:15:42","date_gmt":"2015-02-11T19:15:42","guid":{"rendered":"http:\/\/blogs.noticiasdenavarra.com\/conacentohispano\/?p=445"},"modified":"2015-02-11T19:15:42","modified_gmt":"2015-02-11T19:15:42","slug":"europa-escenario-de-una-guerra-fria-y-de-otra-caliente","status":"publish","type":"post","link":"https:\/\/blogs.noticiasdenavarra.com\/conacentohispano\/2015\/02\/11\/europa-escenario-de-una-guerra-fria-y-de-otra-caliente\/","title":{"rendered":"Europa escenario de una guerra fr\u00eda y de otra caliente"},"content":{"rendered":"<p>La vieja Europa vuelve a ser escenario de un conflicto armado y se repite la percepci\u00f3n de riesgo o amenaza de globalizaci\u00f3n del mismo. <strong>Ucrania<\/strong> sirve de mesa de operaciones de una perversa partida de ajedrez con los intereses de las grandes potencias mundiales en juego. Y una vez m\u00e1s, miles de seres humanos inocentes mueren v\u00edctimas de la guerra y millones se ven obligados a desplazarse de sus hogares abandonando todo lo que era suyo para refugiarse de la crueldad de sus cong\u00e9neres. En medio de un nuevo fracaso de la convivencia pac\u00edfica humana, la Uni\u00f3n Europea trata de demostrarse a si misma y a sus miembros, que es capaz de hacer pol\u00edtica con personalidad propia ante el discurso de guerra fr\u00eda impuesto por <strong>Rusia\u00a0<\/strong>y<strong> EE.UU<\/strong>. M\u00e1s que nunca la <strong>UE<\/strong> debe hacer valer su pol\u00edtica de seguridad para preservar su paz.<\/p>\n<p>Como todo conflicto el de Ucrania tiene unos antecedentes, unos responsables causales y unos intereses enfrentados. Los antecedentes, m\u00e1s que centenarios, est\u00e1n repletos de reivindicaciones hist\u00f3ricas que si bien nos ayudan a explicar la actual situaci\u00f3n, son perfectamente irrelevantes a la hora de justificar cualquier acci\u00f3n armada. De ah\u00ed, que pese a que pueda culparse a la Uni\u00f3n Europea del apoyo a las fuerzas que forzaron la dimisi\u00f3n del Gobierno pro-ruso de Viktor\u00a0<strong>Yanukovich<\/strong> en 2014, nada puede legitimar la invasi\u00f3n de <strong>Crimea<\/strong> por parte del Ej\u00e9rcito ruso, ni la acci\u00f3n descarada de Mosc\u00fa dando cobertura a las milicias pro-rusas que combaten en el Este de Ucrania. Como de la misma forma resulta impropia la puesta en marcha de los mecanismos de injerencia internacional en la zona, como es el caso de la presi\u00f3n ejercida por la Administraci\u00f3n norteamericana y los movimientos de tropas llevados a cabo por la <strong>OTAN<\/strong>.<\/p>\n<p><img loading=\"lazy\" decoding=\"async\" src=\"http:\/\/radio.uchile.cl\/wp-content\/uploads\/2014\/02\/Vladimir-Putin-y-Barack-Obama-620x330.jpg\" alt=\"null\" width=\"434\" height=\"231\" \/><\/p>\n<p>La UE se est\u00e1 mostrando en esta nueva prueba de fuerza de su capacidad pol\u00edtica exterior como acostumbra. La nueva Alta Representante, la italiana Federica\u00a0<strong>Mogherini<\/strong>, se afana diligentemente en ocupar la rendija de atenci\u00f3n medi\u00e1tica que se le presta, con mejores formas que con las que lo hac\u00eda su antecesora Lady\u00a0<strong>Ashton<\/strong>. Pero el escenario lo han protagonizado el bloque franco-germano, con una actividad fren\u00e9tica de la Canciller <strong>Merkel<\/strong> y su acompa\u00f1ante de lujo el presidente <strong>Hollande<\/strong>. Mientras, el premier brit\u00e1nico, David <strong>Cameron<\/strong>, sin salirse un mil\u00edmetro de la posici\u00f3n atlantista hist\u00f3rica del Foreign Office, se ha posicionado del lado de las tesis de acoso y derribo a Putin defendidas por EE.UU. Por su parte, los Estados B\u00e1lticos y <strong>Polonia<\/strong>, con el nuevo presidente del Consejo Europeo al frente, el polaco Donald <strong>Tusk<\/strong>, como valedor principal, han acudido cual coro de pla\u00f1ideras a pedir el amparo de la UE y la OTAN ante la amenaza que siempre han percibido de los anhelos expansionistas rusos. Y para colmo del esperpento, una\u00a0<strong>Grecia<\/strong> sumida en la tragicomedia de su rescate y con el patrocinio de su nuevo Gobierno de izquierda radical, ha llegado a hacer sus pinitos planteando, aunque solo en primera instancia, el veto a las sanciones econ\u00f3micas impuestas a Rusia por la UE.<\/p>\n<p>Del otro lado del fr\u00edo, <strong>Putin<\/strong> representa su propia obra de engrandecimiento del orgullo patrio ruso. Tan grandilocuente como poco cre\u00edble, se ha enrollado en la bandera y en la defensa de los derechos de los ciudadanos que se sienten rusos en Ucrania. Resulta pat\u00e9tica tanta preocupaci\u00f3n por los rusos extramuros cuando a los que habitan sus territorios discrimina en libertades por no pensar como \u00e9l, por criticarle, por pertenecer a una etnia que reivindica su independencia o incluso por su aberrante homofobia. No est\u00e1, sin embargo, el bravuc\u00f3n presidente ruso para muchas bromas, con un pa\u00eds que dif\u00edcilmente sortea el invierno con los productos de primera necesidad en galopante inflaci\u00f3n y las arcas del Estado en cash empobrecidas por la ca\u00edda en picado de los precios del petr\u00f3leo.<\/p>\n<p>Enfrente, EE.UU. se encuentra c\u00f3moda en esta segunda versi\u00f3n de la guerra fr\u00eda con el gigante ruso. Su econom\u00eda mejora sustancialmente por primera vez en las \u00faltimas dos d\u00e9cadas, energ\u00e9ticamente su dependencia del petr\u00f3leo se ha reducido mucho y sus guerras contra el terrorismo internacional, ya no solo le ocupan a \u00e9l, sino al resto del mundo. Otra cosa es la situaci\u00f3n pol\u00edtica. <strong>Obama<\/strong> que ya solo sue\u00f1a con ser recordado en la historia como el presidente que no meti\u00f3 a su pa\u00eds en una guerra y el que cambi\u00f3 la pol\u00edtica social en beneficio de los m\u00e1s necesitados, pero siente la tremenda presi\u00f3n de su propio partido, en horas muy bajas y de los republicanos que ante Putin no est\u00e1n dispuestos a una sola veleidad. Todo ello, en la antesala de los primeros escarceos en ambos partidos de las candidaturas a la Casa Blanca del pr\u00f3ximo mandato presidencial.<\/p>\n<p>Y como siempre, en medio est\u00e1 la gente, esa pobre gente de rostro helado por el fr\u00edo del terror a no tener un ma\u00f1ana cierto. Esas mujeres, hombres, ni\u00f1os y ancianos que deambulan como zombis por un pa\u00eds arruinado. Ni Europa, ni Rusia pueden permitirse por m\u00e1s tiempo este juego de tronos orquestado en Ucrania. M\u00e1s de que de armas toca hablar de reconstrucci\u00f3n, de cooperaci\u00f3n para hacer de Ucrania un lugar seguro y pr\u00f3spero donde rusos y europeos puedan desarrollar proyectos comunes. La pol\u00edtica es el arte de hacer posible lo que en un momento determinado se nos antoja imposible. Es la Uni\u00f3n la que est\u00e1 obligada a saber hacer pol\u00edtica y alejar el fantasma de la guerra al Este de Europa. Una estela de terror de la que deber\u00edamos tomar conciencia todos los europeos. Vivimos en medio de una guerra fr\u00eda y nuestros hermanos ucranianos sufren una guerra caliente, pero si no somos capaces de reconducir la situaci\u00f3n, una vez m\u00e1s Europa podr\u00eda verse abocada al abismo de un conflicto general. El fracaso de la diplomacia hoy puede convertirse en la antesala de la tragedia de ma\u00f1ana.<\/p>\n<p><img loading=\"lazy\" decoding=\"async\" src=\"http:\/\/2.bp.blogspot.com\/-kHo8byKL0mk\/U7mCo3jAVoI\/AAAAAAAAJnw\/7SYi7YowakU\/s1600\/ni%C3%B1os.jpg\" alt=\"null\" width=\"430\" height=\"285\" \/><\/p>\n","protected":false},"excerpt":{"rendered":"<p>La vieja Europa vuelve a ser escenario de un conflicto armado y se repite la percepci\u00f3n de riesgo o amenaza de globalizaci\u00f3n del mismo. Ucrania sirve de mesa de operaciones de una perversa partida de ajedrez con los intereses de las grandes potencias mundiales en juego. Y una vez m\u00e1s, miles de seres humanos inocentes &hellip; <a href=\"https:\/\/blogs.noticiasdenavarra.com\/conacentohispano\/2015\/02\/11\/europa-escenario-de-una-guerra-fria-y-de-otra-caliente\/\" class=\"more-link\">Sigue leyendo <span class=\"screen-reader-text\">Europa escenario de una guerra fr\u00eda y de otra caliente<\/span><\/a><\/p>\n","protected":false},"author":70,"featured_media":0,"comment_status":"open","ping_status":"open","sticky":false,"template":"","format":"standard","meta":{"footnotes":""},"categories":[4],"tags":[1805,408,2236,398,453,455,411,2679,609,2953,536,2239,462,2227,389,2243],"class_list":["post-445","post","type-post","status-publish","format-standard","hentry","category-sin-categoria","tag-ashton","tag-cameron","tag-crimea","tag-ee-uu","tag-grecia","tag-hollande","tag-merkel","tag-mogherini","tag-obama","tag-otan","tag-polonia","tag-putin","tag-rusia","tag-ucrania","tag-ue","tag-yanukovich"],"_links":{"self":[{"href":"https:\/\/blogs.noticiasdenavarra.com\/conacentohispano\/wp-json\/wp\/v2\/posts\/445","targetHints":{"allow":["GET"]}}],"collection":[{"href":"https:\/\/blogs.noticiasdenavarra.com\/conacentohispano\/wp-json\/wp\/v2\/posts"}],"about":[{"href":"https:\/\/blogs.noticiasdenavarra.com\/conacentohispano\/wp-json\/wp\/v2\/types\/post"}],"author":[{"embeddable":true,"href":"https:\/\/blogs.noticiasdenavarra.com\/conacentohispano\/wp-json\/wp\/v2\/users\/70"}],"replies":[{"embeddable":true,"href":"https:\/\/blogs.noticiasdenavarra.com\/conacentohispano\/wp-json\/wp\/v2\/comments?post=445"}],"version-history":[{"count":1,"href":"https:\/\/blogs.noticiasdenavarra.com\/conacentohispano\/wp-json\/wp\/v2\/posts\/445\/revisions"}],"predecessor-version":[{"id":446,"href":"https:\/\/blogs.noticiasdenavarra.com\/conacentohispano\/wp-json\/wp\/v2\/posts\/445\/revisions\/446"}],"wp:attachment":[{"href":"https:\/\/blogs.noticiasdenavarra.com\/conacentohispano\/wp-json\/wp\/v2\/media?parent=445"}],"wp:term":[{"taxonomy":"category","embeddable":true,"href":"https:\/\/blogs.noticiasdenavarra.com\/conacentohispano\/wp-json\/wp\/v2\/categories?post=445"},{"taxonomy":"post_tag","embeddable":true,"href":"https:\/\/blogs.noticiasdenavarra.com\/conacentohispano\/wp-json\/wp\/v2\/tags?post=445"}],"curies":[{"name":"wp","href":"https:\/\/api.w.org\/{rel}","templated":true}]}}