{"id":409,"date":"2014-08-26T14:41:52","date_gmt":"2014-08-26T14:41:52","guid":{"rendered":"http:\/\/blogs.noticiasdenavarra.com\/conacentohispano\/?p=409"},"modified":"2014-08-26T14:41:52","modified_gmt":"2014-08-26T14:41:52","slug":"rajoy-y-merkel-en-santiago-para-bendecir-el-largo-camino-de-la-austeridad","status":"publish","type":"post","link":"https:\/\/blogs.noticiasdenavarra.com\/conacentohispano\/2014\/08\/26\/rajoy-y-merkel-en-santiago-para-bendecir-el-largo-camino-de-la-austeridad\/","title":{"rendered":"Rajoy y Merkel en Santiago para bendecir el largo camino de la austeridad"},"content":{"rendered":"<p style=\"font-weight: normal\">La maestra y su mejor alumno o la directora de orquesta y su mejor int\u00e9rprete. Ll\u00e1menlos como quieran, pero lo que nadie puede ya poner en duda es para la<strong>Alemania<\/strong>\u00a0cartesiana regida por la nueva dama de hierro del continente,<strong>\u00a0Espa\u00f1a<\/strong>\u00a0se ha convertido en el mejor campo de pruebas de sus pol\u00edticas de ajuste y austeridad. En menos de tres a\u00f1os, los espa\u00f1oles por arte de magia de las reformas y recortes llevadas a cabo por el gobierno de Mariano\u00a0<strong>Rajoy<\/strong>, de ser esos europeos del Sur derrochadores y vagos, hemos pasado a ser el mejor rostro milagroso de la recuperaci\u00f3n impulsada por las pol\u00edticas dictadas por \u00c1ngela<strong>Merkel<\/strong>. Si como dijera\u00a0<strong>Enrique de Navarra<\/strong>,<em>\u00a0\u201cPar\u00eds bien vale una misa\u201d<\/em>, al aceptar el catolicismo y con ello el trono de\u00a0<strong>Francia<\/strong>, algo as\u00ed debi\u00f3 pensar la canciller germana al ser invitada por el presidente espa\u00f1ol a recorrer parte del Camino de Santiago y abrazar al ap\u00f3stol en la tierra natal del dirigente espa\u00f1ol. En el fondo, todos est\u00e1n necesitados de fotos y la cercan\u00eda celestial a ninguno le viene mal, si tenemos en cuenta que la econom\u00eda alemana se contrajo un 0,2% en el segundo trimestre de este a\u00f1o y que en Espa\u00f1a sigue habiendo oficialmente cerca de cuatro millones y medio de parados. Otra cosa es que los dos mandatarios en clara armon\u00eda quisieran ver, en su cena en la r\u00faa del Villar compostelana, la botella de albari\u00f1o m\u00e1s medio llena que medio vac\u00eda.<\/p>\n<p style=\"font-weight: normal\">Pero m\u00e1s all\u00e1 de la propaganda o de las im\u00e1genes veraniegas de los l\u00edderes reconfortados por su autocomplacencia, parece sensato analizar d\u00f3nde podemos situar la salida efectiva de la crisis y en qu\u00e9 lugar del paisaje despu\u00e9s de la batalla nos deja a los ciudadanos las pol\u00edticas llevadas a cabo por la Uni\u00f3n Europea en estos a\u00f1os. Si queremos leer adecuadamente las cifras macroecon\u00f3micas parece evidente que austeridad es sin\u00f3nimo de desigualdad. Poner a cero nuestro d\u00e9ficit y abaratar el endeudamiento ha provocado una contracci\u00f3n severa de la actividad y esa falta de crecimiento se ha ense\u00f1ado en las rentas m\u00e1s bajas, no solo en forma de menores ingresos, sino tambi\u00e9n en la reducci\u00f3n de los servicios p\u00fablicos de los que ven\u00edan disfrutando anta\u00f1o. Europa, les guste o no a la pareja de hecho en que se han convertido Merkel y Rajoy, est\u00e1 estancada, con un crecimiento rid\u00edculo, con alt\u00edsimas cuotas de desempleo, especialmente juvenil y agravando cada d\u00eda los problemas sociales de las clases m\u00e1s necesitadas de su sociedad. Ni somos capaces de mejorar la competitividad de nuestras empresas en una econom\u00eda global, ni el Estado del Bienestar es sostenible con este modelo productivo obsoleto. Seguimos regidos por viejas recetas dogm\u00e1ticas y ortodoxas incapaces de interpretar la nueva realidad de los mercados y de dar respuesta a los retos que un mundo que vive bajo la oleada de una tercera revoluci\u00f3n tecnol\u00f3gica nos impone.<\/p>\n<p style=\"font-weight: normal\"><img decoding=\"async\" src=\"http:\/\/imagenes.publico.es\/resources\/archivos\/2014\/8\/25\/1408961327504apostol-detdn.jpg\" alt=\"null\" \/><\/p>\n<p style=\"font-weight: normal\">Tan determinista es la pol\u00edtica impuesta desde Berl\u00edn v\u00eda Bruselas, que el mismo d\u00eda que Merkel y Rajoy cantaban las bondades de sus medidas en Santiago,<strong>Hollande<\/strong>\u00a0obligaba a dimitir a todo le Gobierno\u00a0<strong>Valls<\/strong>, para darle una vuelta de tuerca en lealtad incondicional a sus ministros para poder emprender un nuevo trecho del camino de los recortes presupuestarios en Francia. El presidente socialista galo abandona ya toda veleidad innovadora y como ya le sucediera a<strong>Rodr\u00edguez Zapatero<\/strong>\u00a0pone rumbo hacia la austeridad sin dudas. Un proceso reformista que a buen seguro encontrar\u00e1 una fuerte oposici\u00f3n sindical expresada en la calle y en conflicto laboral. En teor\u00eda, al socialismo europeo tras esta definitiva traici\u00f3n francesa solo le queda la gran esperanza blanca que deber\u00eda suponer el primer ministro italiano Matteo\u00a0<strong>Renzi<\/strong>. Pero su realidad es a\u00fan m\u00e1s bien pobre, con una exigua mayor\u00eda parlamentaria y una econom\u00eda italiana en recesi\u00f3n, los mercados le ofrecen escasa tregua para poner en pr\u00e1ctica pol\u00edticas sociales. El camino de la austeridad, por tanto, parece gozar de buena salud y de amplio recorrido, por mucho que los resultados de tanto sacrificio sean tan min\u00fasculos como inestables. Pero la realidad es que los mercados solo premian a los que hacen lo que a sus rendimientos especulativos m\u00e1s conviene, sobre todo, mientras el\u00a0<strong>Banco Central Europeo<\/strong>\u00a0ha convertido la financiaci\u00f3n de la deuda p\u00fablica en un suculento negocio seguro para la banca privada y fondos de inversi\u00f3n.<\/p>\n<p style=\"font-weight: normal\">As\u00ed las cosas el coste pol\u00edtico de la crisis con quien se est\u00e1 cebando es con las opciones de izquierdas, incapaces de articular una alternativa coherente que pueda establecer nuevas reglas del juego en la econom\u00eda europea. Ello propicia la divisi\u00f3n en los grandes partidos socialdemocr\u00e1tas o la fuga masiva de voto en torno a ellos. Y al albur de este proceso surgen nuevas formaciones radicalizadas en su discurso antisistema que, sin embargo, m\u00e1s all\u00e1 de ruptura de lo existente, a\u00fan no han pasado de hacer o\u00edr sus voces populistas sin definir un programa de cambio concreto. As\u00ed surgi\u00f3 en Italia el\u00a0<strong>Movimiento 5 estrellas<\/strong>\u00a0de Beppe\u00a0<strong>Grillo<\/strong>\u00a0o en Espa\u00f1a lo ha hecho\u00a0<strong>Podemos<\/strong>\u00a0con su l\u00edder medi\u00e1tico, Pablo<strong>\u00a0Iglesias<\/strong>. Todos ellos inmersos en una especie de centrifugadora que se come lo que entra en ella, primero las formaciones filocomunistas o Verdes, pero que amenaza con hacer lo mismo con todo aquel que por falta de novedad haga perder la esperanza o fe en un \u201cverdadero\u201d cambio. Una realidad que lo \u00fanico que constata es la falta de unidad desde opciones progresistas para alcanzar el cambio de modelo. Bronca por la izquierda que beneficia a mayor\u00edas de derechas o la conformaci\u00f3n de grandes coaliciones bipartidistas al estilo de la que gobierna en Alemania.<\/p>\n<p style=\"font-weight: normal\">Al fin y al cabo todas estas batallitas pol\u00edticas tendr\u00edan escasa trascendencia si la sociedad de los pa\u00edses europeos fuera capaz de cambiar de rutinas y procedimientos. Pero lo cierto es que el envejecimiento intelectual de nuestro continente est\u00e1 impregnado en el adn de la mayor\u00eda de los ciudadanos, acomodados en una vida sin metas ni objetivos, acostumbrados a ver pasar los d\u00edas complacientemente con la mayor\u00eda de las necesidades b\u00e1sicas cubiertas y la seguridad razonable garantizada. No en vano seguimos siendo el espacio del mundo que sigue gozando de mayores cuotas de bienestar se mida como se mida. Tras m\u00e1s de cinco d\u00e9cadas de paz y prosperidad, el principal temor es que se nos olvide que tambi\u00e9n se pasa hambre y que la violencia tambi\u00e9n puede formar parte de nuestro paisaje. Si no afrontamos las revoluciones pendientes es porque no tienen incentivo suficiente, seguir sobreviviendo pese a que todo se deteriore a nuestro alrededor es mejor propuesta que un cambio que por desconocido puede ser peor. De eso se valen las f\u00f3rmulas conservadoras que con un ligero retoque de imagen y de mensajes, defiende lo de siempre mientras lo de siempre siga funcionando aunque sea m\u00ednimamente y cada vez para menos personas.<\/p>\n<p style=\"font-weight: normal\">Supongo que todo esto lo sabe bien el presidente espa\u00f1ol Mariano Rajoy, un socr\u00e1tico por excelencia, que sabe que nada sabe y que maneja el tancredismo relativista con primor. No se meta usted en l\u00edos y d\u00e9jese llevar, arrim\u00e1ndose al gran \u00e1rbol que da cobijo. A la vera de Merkel coloca sus piezas.\u00a0<strong>De Guindos<\/strong>\u00a0al<strong>Eurogrupo<\/strong>\u00a0aunque no se sepa ni en qu\u00e9 plazo, ni con qu\u00e9 contenido real.\u00a0<strong>Ca\u00f1ete<\/strong>ser\u00e1 comisario\u2026 o no, pero Espa\u00f1a estar\u00e1 representado en la<strong>\u00a0Comisi\u00f3n<\/strong>. Su particular juego de tronos le funciona y en pocos meses ha pasado de ser el miembro mudo del Consejo Europeo, a el gregario de lujo de la todopoderosa canciller. Hace tiempo que estos movimientos pol\u00edticos tienen poco efecto entre nosotros los comunes mortales, pero se supone que en los medios de comunicaci\u00f3n, esa prensa que cada d\u00eda tiene menos credibilidad, esto de ejercer el poder entre los poderosos sigue ocupando titulares. El \u00fanico problema que pueden tener estos gobernantes cortados por el viejo patr\u00f3n ser\u00eda que sus gobernados hubieran tomado de conciencia de que nadie les va a solucionar sus problemas y se pusieran por libre a la faena. Seguramente entonces lo real superar\u00eda a lo oficial como un d\u00eda en Versalles los cortesanos se sorprendieron una ma\u00f1ana comiendo sus cruasanes cuando la turba del populacho les cort\u00f3 sus perfumados cuellos. Todo depende de hasta donde nos lleve el camino\u2026<\/p>\n<p style=\"font-weight: normal\"><img loading=\"lazy\" decoding=\"async\" src=\"http:\/\/image.excite.es\/lomas\/news\/manuel-valls-hollande-foto-gobierno-francia-dimision-default.jpg\" alt=\"null\" width=\"434\" height=\"224\" \/><\/p>\n","protected":false},"excerpt":{"rendered":"<p>La maestra y su mejor alumno o la directora de orquesta y su mejor int\u00e9rprete. Ll\u00e1menlos como quieran, pero lo que nadie puede ya poner en duda es para laAlemania\u00a0cartesiana regida por la nueva dama de hierro del continente,\u00a0Espa\u00f1a\u00a0se ha convertido en el mejor campo de pruebas de sus pol\u00edticas de ajuste y austeridad. En &hellip; <a href=\"https:\/\/blogs.noticiasdenavarra.com\/conacentohispano\/2014\/08\/26\/rajoy-y-merkel-en-santiago-para-bendecir-el-largo-camino-de-la-austeridad\/\" class=\"more-link\">Sigue leyendo <span class=\"screen-reader-text\">Rajoy y Merkel en Santiago para bendecir el largo camino de la austeridad<\/span><\/a><\/p>\n","protected":false},"author":70,"featured_media":0,"comment_status":"open","ping_status":"open","sticky":false,"template":"","format":"standard","meta":{"footnotes":""},"categories":[4],"tags":[407,377,2660,546,419,2661,475,509,409,1816,455,1772,411,1817,2262,426,2263,2662,265],"class_list":["post-409","post","type-post","status-publish","format-standard","hentry","category-sin-categoria","tag-alemania","tag-bce","tag-canete","tag-comision","tag-de-guindos","tag-enrique-de-navarra","tag-espana","tag-eurogrupo","tag-francia","tag-grillo","tag-hollande","tag-iglesias","tag-merkel","tag-movimiento-5-estrellas","tag-podemos","tag-rajoy","tag-renzi","tag-valls","tag-zapatero"],"_links":{"self":[{"href":"https:\/\/blogs.noticiasdenavarra.com\/conacentohispano\/wp-json\/wp\/v2\/posts\/409","targetHints":{"allow":["GET"]}}],"collection":[{"href":"https:\/\/blogs.noticiasdenavarra.com\/conacentohispano\/wp-json\/wp\/v2\/posts"}],"about":[{"href":"https:\/\/blogs.noticiasdenavarra.com\/conacentohispano\/wp-json\/wp\/v2\/types\/post"}],"author":[{"embeddable":true,"href":"https:\/\/blogs.noticiasdenavarra.com\/conacentohispano\/wp-json\/wp\/v2\/users\/70"}],"replies":[{"embeddable":true,"href":"https:\/\/blogs.noticiasdenavarra.com\/conacentohispano\/wp-json\/wp\/v2\/comments?post=409"}],"version-history":[{"count":1,"href":"https:\/\/blogs.noticiasdenavarra.com\/conacentohispano\/wp-json\/wp\/v2\/posts\/409\/revisions"}],"predecessor-version":[{"id":410,"href":"https:\/\/blogs.noticiasdenavarra.com\/conacentohispano\/wp-json\/wp\/v2\/posts\/409\/revisions\/410"}],"wp:attachment":[{"href":"https:\/\/blogs.noticiasdenavarra.com\/conacentohispano\/wp-json\/wp\/v2\/media?parent=409"}],"wp:term":[{"taxonomy":"category","embeddable":true,"href":"https:\/\/blogs.noticiasdenavarra.com\/conacentohispano\/wp-json\/wp\/v2\/categories?post=409"},{"taxonomy":"post_tag","embeddable":true,"href":"https:\/\/blogs.noticiasdenavarra.com\/conacentohispano\/wp-json\/wp\/v2\/tags?post=409"}],"curies":[{"name":"wp","href":"https:\/\/api.w.org\/{rel}","templated":true}]}}