{"id":386,"date":"2014-05-09T14:04:11","date_gmt":"2014-05-09T14:04:11","guid":{"rendered":"http:\/\/blogs.noticiasdenavarra.com\/conacentohispano\/?p=386"},"modified":"2014-05-09T14:04:11","modified_gmt":"2014-05-09T14:04:11","slug":"candidatos-a-presidir-europa-junker-schulz-y-verhofstadt-tres-hombres-y-un-destino","status":"publish","type":"post","link":"https:\/\/blogs.noticiasdenavarra.com\/conacentohispano\/2014\/05\/09\/candidatos-a-presidir-europa-junker-schulz-y-verhofstadt-tres-hombres-y-un-destino\/","title":{"rendered":"Candidatos a presidir Europa: Junker, Schulz y Verhofstadt, tres hombres y un destino"},"content":{"rendered":"<p style=\"font-weight: normal\">Si nos atenemos a los sondeos, a l\u00f3gica composici\u00f3n ideol\u00f3gica de los distintos pa\u00edses y la correlaci\u00f3n de pactos entre las distintas fuerzas pol\u00edticas, tres son los l\u00edderes que pueden ejercer el liderazgo de las principales instituciones europeas a ra\u00edz de las elecciones del pr\u00f3ximo 25 de mayo: Jean- Claude\u00a0<strong>Junker<\/strong>, Martin<strong>Schulz<\/strong>\u00a0y Guy\u00a0<strong>Verhofstadt<\/strong>. Los tres son los candidatos a presidente de la Comisi\u00f3n Europea por el<strong>\u00a0Partido Popular Europeo (PPE)<\/strong>, por la<strong>Alianza\u00a0Progresista de Socialistas y Dem\u00f3cratas (S&amp;D)\u00a0<\/strong>y de la\u00a0<strong>Alianza de los Dem\u00f3cratas y Liberales por Europa (ALDE).\u00a0<\/strong>Yo ya anticipo que creo que esta troika de veteranos y bregados pol\u00edticos europeos de una u otra forma van a ocupar los principales cargos de la UE. Mi particular quiniela es la siguiente: dado que Verhofstadt ya ha declarado p\u00fablicamente su apoyo a Schulz, veo a \u00e9ste de presidente de la Comisi\u00f3n, a cambio de que aqu\u00e9l lo sea del Parlamento, por lo que a Junker le quedar\u00e1 la opci\u00f3n de presidir el Consejo en sustituci\u00f3n de<strong>\u00a0Van Rompuy<\/strong>. No cabe duda que las consecuencias pr\u00e1cticas del Tratado de Lisboa van a afectarnos a partir del 26 de mayo, cuando los nuevos eurodiputados propongan al Consejo y \u00e9ste lo ratifique al pr\u00f3ximo presidente de la Comisi\u00f3n. Me atrevo a decir que estamos en los inicios de una nueva forma de hacer Europa. Es imposible que no afecte a su funcionamiento \u2013 yo creo que para bien \u2013 que el presidente no lo designen los jefes de Gobierno de los Estados miembros. Eso va a conferir un car\u00e1cter y una nueva personalidad a la Comisi\u00f3n, como va a poner en valor la capacidad legislativa del Parlamento y, sobre todo, va a atemperar el poder del Consejo.<\/p>\n<p style=\"font-weight: normal\">Siendo esto as\u00ed y teniendo en cuenta, pues, la relevancia de estas elecciones, conviene acercarse a la biograf\u00eda e ideas de los principales candidatos.<\/p>\n<p style=\"font-weight: normal\"><img loading=\"lazy\" decoding=\"async\" src=\"http:\/\/media.lavozdegalicia.es\/scale.php?i=\/default\/2014\/03\/07\/00121394208902953939324\/Foto\/reu_20140307_153044154.jpg&amp;w=795px\" alt=\"null\" width=\"429\" height=\"242\" \/><\/p>\n<p style=\"font-weight: normal\"><strong>Jean-Claude Junker:\u00a0<\/strong>Uno de los principales mu\u00f1idores de la integraci\u00f3n europea desde el flanco intergubernamental en el \u00faltimo cuarto de siglo pertenece, parad\u00f3jicamente, a uno de los pa\u00edses m\u00e1s peque\u00f1os y con menos peso espec\u00edfico en las instituciones de la UE: Jean-Claude Juncker, quien fuera durante casi 19 a\u00f1os, entre enero de 1995 y diciembre de 2013, primer ministro del Gran Ducado de\u00a0<strong>Luxemburgo<\/strong>, am\u00e9n de ministro de Finanzas de 1989 a 2009.\u00a0El m\u00e1s duradero jefe de Gobierno europeo gan\u00f3 tres elecciones generales consecutivas y encabez\u00f3 cuatro gabinetes de coalici\u00f3n antes de verse obligado a dimitir en julio de 2013 como consecuencia de un esc\u00e1ndalo con responsabilidades pol\u00edticas, el caso del espionaje de los servicios de inteligencia del Estado. Su partido, el Popular Social Cristiano (CSV), volvi\u00f3 a ser el m\u00e1s votado en los comicios anticipados de octubre, pero esta vez ya no consigui\u00f3 asociarse ni con los socialistas ni con los liberales, quienes se entendieron por su cuenta.\u00a0Ecu\u00e1nime y matizado, agudo y socarr\u00f3n, sutilmente carism\u00e1tico, Juncker destac\u00f3 con un estilo propio en el abigarrado concierto europeo, donde ciment\u00f3 su prestigio como ingeniero de la Uni\u00f3n Econ\u00f3mica y Monetaria y el Pacto de Estabilidad y Crecimiento, as\u00ed como, durante ocho convulsos a\u00f1os, presidente del Eurogrupo, la reuni\u00f3n de ministros de Finanzas del euro. El experimentado gobernante fue adem\u00e1s dos veces presidente de turno del Consejo Europeo, se sent\u00f3 en un centenar de cumbres europeas y fue un h\u00e1bil interlocutor y negociador en infinidad de procesos, entre ellos los que alumbraron cinco grandes tratados europeos.\u00a0Durante el incendio que prendi\u00f3 en las deudas soberanas de la Eurozona, el dirigente luxemburgu\u00e9s prolong\u00f3 su notoriedad como el encargado de organizar el rosario de rescates, con resultados harto discutibles, de los pa\u00edses asfixiados por la prima de riesgo y de dise\u00f1ar los fondos financieros para estabilizar un euro en peligro mortal. Quien ven\u00eda de entenderse con el jefe franco-alem\u00e1n de\u00a0<strong>Chirac<\/strong>\u00a0y\u00a0<strong>Schr\u00f6der<\/strong>, y de coquetear con la corriente federalista, no termin\u00f3 de sintonizar con la poderosa canciller\u00a0<strong>Merkel<\/strong>, la cual rechaz\u00f3 sin contemplaciones su propuesta de los eurobonos (\u201cuna respuesta fuerte y sist\u00e9mica a la crisis\u201d, \u201cun mensaje claro a los mercados\u201d, dijo al presentarla en 2010), acogida en cambio con inter\u00e9s por una mayor\u00eda de l\u00edderes europeos.\u00a0Aunque comprometido con la consolidaci\u00f3n fiscal de la Eurozona, Juncker, habitualmente sin pelos en la lengua a la hora de criticar, guard\u00f3 cierta distancia de las posturas m\u00e1s ortodoxas o r\u00edgidas dentro del llamado\u00a0<em>grupo de Frankfurt<\/em>, se aproxim\u00f3 a los que ped\u00edan compaginar la austeridad y el est\u00edmulo del crecimiento, y alert\u00f3 contra la brecha creciente entre el\u00a0<em>n\u00facleo duro<\/em>\u00a0de la Europa del Norte y las econom\u00edas intervenidas de la Europa del Sur. En 2009 se postul\u00f3 sin \u00e9xito para presidente del Consejo Europeo y en 2014 ha aceptado ser el candidato del Partido Popular Europeo (PPE) al puesto de presidente de la Comisi\u00f3n Europea.<\/p>\n<p style=\"font-weight: normal\"><img decoding=\"async\" src=\"http:\/\/www.eldigitaldeasturias.com\/noticias\/wp-content\/uploads\/2014\/05\/6223640w-360x221.jpg\" alt=\"null\" \/><\/p>\n<p style=\"font-weight: normal\"><strong>Martin Schulz:\u00a0<\/strong>El diputado socialdem\u00f3crata alem\u00e1n Martin Schulz preside desde comienzos de 2012 el Parlamento Europeo. Entonces result\u00f3 elegido en el marco del pacto de legislatura adoptado en 2009 por su grupo, que lider\u00f3 durante ocho a\u00f1os, la Alianza Progresista de Socialistas y Dem\u00f3cratas (S&amp;D, segunda fuerza del hemiciclo y expresi\u00f3n del Partido de los Socialistas Europeos, PSE), y los conservadores del Partido Popular Europeo (PPE). Su mandato de dos a\u00f1os y medio expira tras las elecciones de mayo de 2014, a las que ahora se presenta como candidato del PSE a presidente de la Comisi\u00f3n Europea y con una prioridad m\u00e1xima: la creaci\u00f3n de empleo. Antiguo librero de profesi\u00f3n y sin formaci\u00f3n universitaria, Schulz ha sido en la \u00faltima d\u00e9cada uno de los miembros m\u00e1s conocidos de la Euroc\u00e1mara, donde se sienta desde 1994, por su verbo directo, su estilo vehemente y sus firmes convicciones. Ha procurado hacer valer la opini\u00f3n del Parlamento, la \u00fanica instituci\u00f3n de la UE elegida directamente por los ciudadanos pero tradicionalmente marginada de las grandes discusiones pol\u00edticas, en las decisiones emanadas de las cumbres del Consejo y el Eurogrupo, es decir, los gobernantes nacionales. Una pretensi\u00f3n que est\u00e1 en consonancia con la ampliaci\u00f3n de poderes que el Tratado de Lisboa otorga al Parlamento.\u00a0Ac\u00e9rrimo defensor del euro, Schulz ha advertido que la UE puede \u201cfracasar\u201d si no complementa su uni\u00f3n econ\u00f3mica y monetaria con una uni\u00f3n pol\u00edtica, y sostiene la necesidad de acompa\u00f1ar las recetas de austeridad para reducir el d\u00e9ficit con pol\u00edticas espec\u00edficas para el crecimiento y el empleo. Ha criticado los recortes sociales en los escenarios de recesi\u00f3n o estancamiento y defendi\u00f3 la emisi\u00f3n de eurobonos para combatir la crisis de las deudas soberanas de la Eurozona. Con todo, en 2012 respald\u00f3 el Pacto Fiscal dise\u00f1ado por su paisana y cuestionada adversaria pol\u00edtica, la canciller democristiana Angela Merkel. El auge de los populismos, las \u201cfuerzas centr\u00edfugas\u201d y las tendencias a la \u201crenacionalizaci\u00f3n\u201d, junto con la falta de un \u201cpacto social\u201d y el peso creciente del componente intergubernamental son, a su entender, los principales peligros que acechan a la UE.<\/p>\n<p style=\"font-weight: normal\"><img loading=\"lazy\" decoding=\"async\" src=\"http:\/\/static.euronews.com\/articles\/255158\/606x340_255158.jpg?1391295362\" alt=\"null\" width=\"424\" height=\"238\" \/><\/p>\n<p style=\"font-weight: normal\"><strong>Guy Verhofstadt:\u00a0<\/strong>El primer ministro de\u00a0<strong>B\u00e9lgica<\/strong>\u00a0entre 1999 y 2008 fue Guy Verhofstadt, l\u00edder en diversos per\u00edodos de uno de los principales partidos pol\u00edticos de la Comunidad Flamenca, el liberaldem\u00f3crata Open-VLD, antes llamado VLD y PVV. En origen un joven neoliberal admirador del thatcherismo, Verhofstadt evolucion\u00f3 a un liberalismo con acentos m\u00e1s sociales y progresistas, al tiempo que afianz\u00f3 un doble compromiso con el federalismo: el que mantiene unido a su pa\u00eds, B\u00e9lgica, Estado que ensamblan con creciente dificultad los flamencos neerland\u00f3fonos al norte, los valones franc\u00f3fonos al sur y la isla biling\u00fce de Bruselas en medio; y el que podr\u00eda pautar la construcci\u00f3n europea, hoy por hoy dominada por el poder intergubernamental.\u00a0Como ganador por escaso margen de las elecciones generales de 1999 y 2003, Verhofstadt, primer jefe de Gobierno no cristianodem\u00f3crata o socialista desde antes de la Segunda Guerra Mundial, encabez\u00f3 dos gabinetes nacionales de amplia coalici\u00f3n, con socialistas, liberales\/reformistas y verdes de las dos comunidades, que agotaron sendas legislaturas.\u00a0En 2009 Verhofstadt sali\u00f3 elegido miembro del Parlamento Europeo y se convirti\u00f3 en el l\u00edder del Grupo de la Alianza de los Dem\u00f3cratas y Liberales por Europa (ADLE). Consecuente con su europe\u00edsmo de signo federalista, durante la crisis de las deudas soberanas de la Eurozona defendi\u00f3 la emisi\u00f3n de eurobonos y critic\u00f3 el conservadurismo financiero de la canciller alemana Angela Merkel. En 2014, con motivo de las elecciones Europeas y una d\u00e9cada despu\u00e9s de su primera candidatura, entonces frustrada por el veto anglo-italiano, es aspirante a presidir la Comisi\u00f3n Europea en nombre de la ADLE. Sus propuestas se centran en la creaci\u00f3n de empleo, la reducci\u00f3n de la burocracia, y la eficiencia y la transparencia de las instituciones europeas, a la vez que pone en guardia contra el avance del euroescepticismo y se confiesa \u201cobsesionado\u201d con la p\u00e9rdida de influencia de Europa en el mundo.<\/p>\n<p style=\"font-weight: normal\">De ellos y de sus decisiones va a depender en gran medida el futuro cercano de la Uni\u00f3n Europea. Todos ellos conocen bien los intrincados caminos de la construcci\u00f3n de la UE, Junker muy cercano a los jefes de Gobierno y buen maniobrero con ellos, Schulz de notable perfil pol\u00edtico-ideol\u00f3gico, capaz de dar un impulso a los principales proyectos europeos y Verhofstadt h\u00e1bil parlamentario hacedor de mayor\u00eda a m\u00faltiples bandas a base de negociaciones interminables. No hay duda de que se lo saben. Queda por saber si son capaces de creerse Europa m\u00e1s all\u00e1 de sus cargos y devolver al proyecto europeo el impulso que ha perdido en la \u00faltima d\u00e9cada.<\/p>\n","protected":false},"excerpt":{"rendered":"<p>Si nos atenemos a los sondeos, a l\u00f3gica composici\u00f3n ideol\u00f3gica de los distintos pa\u00edses y la correlaci\u00f3n de pactos entre las distintas fuerzas pol\u00edticas, tres son los l\u00edderes que pueden ejercer el liderazgo de las principales instituciones europeas a ra\u00edz de las elecciones del pr\u00f3ximo 25 de mayo: Jean- Claude\u00a0Junker, MartinSchulz\u00a0y Guy\u00a0Verhofstadt. Los tres son &hellip; <a href=\"https:\/\/blogs.noticiasdenavarra.com\/conacentohispano\/2014\/05\/09\/candidatos-a-presidir-europa-junker-schulz-y-verhofstadt-tres-hombres-y-un-destino\/\" class=\"more-link\">Sigue leyendo <span class=\"screen-reader-text\">Candidatos a presidir Europa: Junker, Schulz y Verhofstadt, tres hombres y un destino<\/span><\/a><\/p>\n","protected":false},"author":70,"featured_media":0,"comment_status":"open","ping_status":"open","sticky":false,"template":"","format":"standard","meta":{"footnotes":""},"categories":[4],"tags":[2207,528,2255,2210,476,411,412,2256,568,2213,584,2215],"class_list":["post-386","post","type-post","status-publish","format-standard","hentry","category-sin-categoria","tag-alde","tag-belgica","tag-chirac","tag-junker","tag-luxemburgo","tag-merkel","tag-ppe","tag-sd","tag-schroder","tag-schulz","tag-van-rompuy","tag-verhofstadt"],"_links":{"self":[{"href":"https:\/\/blogs.noticiasdenavarra.com\/conacentohispano\/wp-json\/wp\/v2\/posts\/386","targetHints":{"allow":["GET"]}}],"collection":[{"href":"https:\/\/blogs.noticiasdenavarra.com\/conacentohispano\/wp-json\/wp\/v2\/posts"}],"about":[{"href":"https:\/\/blogs.noticiasdenavarra.com\/conacentohispano\/wp-json\/wp\/v2\/types\/post"}],"author":[{"embeddable":true,"href":"https:\/\/blogs.noticiasdenavarra.com\/conacentohispano\/wp-json\/wp\/v2\/users\/70"}],"replies":[{"embeddable":true,"href":"https:\/\/blogs.noticiasdenavarra.com\/conacentohispano\/wp-json\/wp\/v2\/comments?post=386"}],"version-history":[{"count":1,"href":"https:\/\/blogs.noticiasdenavarra.com\/conacentohispano\/wp-json\/wp\/v2\/posts\/386\/revisions"}],"predecessor-version":[{"id":387,"href":"https:\/\/blogs.noticiasdenavarra.com\/conacentohispano\/wp-json\/wp\/v2\/posts\/386\/revisions\/387"}],"wp:attachment":[{"href":"https:\/\/blogs.noticiasdenavarra.com\/conacentohispano\/wp-json\/wp\/v2\/media?parent=386"}],"wp:term":[{"taxonomy":"category","embeddable":true,"href":"https:\/\/blogs.noticiasdenavarra.com\/conacentohispano\/wp-json\/wp\/v2\/categories?post=386"},{"taxonomy":"post_tag","embeddable":true,"href":"https:\/\/blogs.noticiasdenavarra.com\/conacentohispano\/wp-json\/wp\/v2\/tags?post=386"}],"curies":[{"name":"wp","href":"https:\/\/api.w.org\/{rel}","templated":true}]}}