{"id":383,"date":"2014-04-22T07:03:34","date_gmt":"2014-04-22T07:03:34","guid":{"rendered":"http:\/\/blogs.noticiasdenavarra.com\/conacentohispano\/?p=383"},"modified":"2014-04-22T07:03:34","modified_gmt":"2014-04-22T07:03:34","slug":"vivimos-nuevos-tiempos-de-realpolitik","status":"publish","type":"post","link":"https:\/\/blogs.noticiasdenavarra.com\/conacentohispano\/2014\/04\/22\/vivimos-nuevos-tiempos-de-realpolitik\/","title":{"rendered":"Vivimos nuevos tiempos de \u201cRealpolitik\u201d"},"content":{"rendered":"<p>Si la pol\u00edtica consiste en el arte de lo posible, parece evidente que en el arranque de este a\u00f1o 2014, ha derivado el axioma hacia el posibilismo m\u00e1s descarnado, hacia su peor forma de pragmatismo. La\u00a0<strong>\u201cRealpolitik\u201d<\/strong>, esa pol\u00edtica de la realidad basada\u00a0en intereses pr\u00e1cticos y concretos, sin atender a la teor\u00eda\u00a0o la \u00e9tica\u00a0como elementos \u201cformadores de pol\u00edticas\u201d se impone sin ambages. Esa diplomacia que\u00a0aboga por el avance en los intereses de un pa\u00eds de acuerdo a las circunstancias de su entorno y que no repara en los medios empleados para alcanzar el fin deseado, impera en las negociaciones para solventar los conflictos. En cada situaci\u00f3n de crisis que surge se percibe la urgencia de anteponer las soluciones basadas en el utilitarismo que las que buscan el di\u00e1logo que propende hacia la justicia. Los equilibrios de fuerzas en el nuevo orden mundial impuesto por la globalizaci\u00f3n parecen abocarnos a esa suerte de pol\u00edtica realista, que en otras \u00e9pocas nos precipit\u00f3 a grandes desastres y contiendas. Ejemplos como los que vivimos estos d\u00edas en\u00a0<strong>Ucrania<\/strong>\u00a0o en\u00a0<strong>Siria<\/strong>, demuestran como las potencias juegan al ajedrez diplom\u00e1tico de control de posiciones, olvidando el fondo de los problemas y buscando asegurar posiciones t\u00e1cticas que no les compliquen en exceso la vida cotidiana. As\u00ed se est\u00e1n comportando\u00a0<strong>EE.UU.\u00a0<\/strong>y la\u00a0<strong>Uni\u00f3n Europea<\/strong>, ante las posiciones claramente agresivas de la Rusia de Putin.<\/p>\n<p>Curiosamente los or\u00edgenes de la \u201cRealpolitik\u201d buscaban lo contrario de lo que finalmente sucedi\u00f3. El canciller alem\u00e1n Otto von\u00a0<strong>Bismarck<\/strong>\u00a0acu\u00f1\u00f3 el t\u00e9rmino al cumplir la petici\u00f3n del pr\u00edncipe Klemens von\u00a0<strong>Metternich<\/strong>\u00a0de encontrar un m\u00e9todo para equilibrar el poder entre los imperios europeos. El equilibrio de poderes deb\u00eda\u00a0significaba la paz, y los practicantes de la\u00a0<em>realpolitik<\/em>\u00a0intentaban evitar la carrera armament\u00edstica. Sin embargo, durante los primeros a\u00f1os del siglo XX,\u00a0la\u00a0<em>realpolitik<\/em>\u00a0fue abandonada por no ser capaz de aportar soluciones efectivas a los problemas de fondo de las sociedades europeas y en su lugar se practic\u00f3 la doctrina \u201cWeltpolitik\u201d\u00a0y la carrera armament\u00edstica recobr\u00f3 su br\u00edo y aboc\u00f3, juntamente con otras circunstancias, a la Primera Guerra Mundial que hoy celebra su centenario. Uno de los precursores m\u00e1s famosos fue Nicol\u00e1s\u00a0<strong>Maquiavelo<\/strong>, conocido por su obra \u201cEl Pr\u00edncipe\u201d.\u00a0Maquiavelo sosten\u00eda que la \u00fanica preocupaci\u00f3n de un\u00a0<em>pr\u00edncipe<\/em>\u00a0(o gobernante) deber\u00eda ser la de buscar y retener el poder para as\u00ed conseguir el beneficio de su Estado, proclamando que las consideraciones \u00e9ticas o religiosas eran in\u00fatiles para este fin. Sosten\u00eda adem\u00e1s Maquiavelo que el bienestar del Estado\u00a0depend\u00eda de que el gobernante aprendiera a\u00a0<em>utilizar el mal para lograr el bien<\/em>, asumiendo que el \u201cpr\u00edncipe\u201d deb\u00eda realizar los enga\u00f1os e intrigas que fuesen necesarias para no caer en los enga\u00f1os e intrigas de sus rivales. Sus ideas fueron m\u00e1s tarde expandidas y practicadas por el Cardenal\u00a0<strong>Richelieu<\/strong>\u00a0en su \u201craison d\u2019etat\u00a0durante la Guerra de los Treinta A\u00f1os.<\/p>\n<p><img decoding=\"async\" alt=\"null\" src=\"http:\/\/3.bp.blogspot.com\/_yqz83dkgobc\/SRIezjmM1OI\/AAAAAAAABjk\/tX00KSKa9TI\/s400\/lenbach_fuerst_otto_von_bismarck.jpg\" \/><\/p>\n<p>En alem\u00e1n, el t\u00e9rmino\u00a0<em>realpolitik<\/em>\u00a0es m\u00e1s frecuentemente utilizado para distinguir las pol\u00edticas modestas (realistas) de las pol\u00edticas exageradas. Un ejemplo hist\u00f3rico es el hecho que el Reino de \u00a0Prusia\u00a0no hubiera anexado territorio austroh\u00fangaro\u00a0despu\u00e9s de ganar la Guerra de las Siete Semanas\u00a0en 1866, siendo \u00e9ste un resultado del seguimiento de la\u00a0<em>realpolitik<\/em>\u00a0por el canciller Bismarck\u00a0con el fin \u00faltimo de lograr la reunificaci\u00f3n alemana bajo mandato prusiano. Aqu\u00ed, Prusia no buscaba la cl\u00e1sica expansi\u00f3n territorial sino debilitar fatalmente a\u00a0<strong>Austria<\/strong>, la \u00fanica potencia que pod\u00eda perjudicar sus planes. No resulta nada complicado realizar similitudes de lo vivido en las dos \u00faltimas d\u00e9cadas en el continente europeo, tras la reunificaci\u00f3n alemana primero con la desaparici\u00f3n de la\u00a0<strong>Uni\u00f3n Sovi\u00e9tica<\/strong>\u00a0y las guerras vividas en los<strong>Balcanes<\/strong>\u00a0que supusieron tambi\u00e9n la desmembraci\u00f3n del Estado Yugoslavo. Europa ha vuelto a convertirse en un escenario del tactismo, donde se ejercitan juegos de posiciones para salvaguardar intereses particulares. Ucrania es hoy el territorio de las escaramuzas, sin tener en cuenta los anhelos de los pueblos y de sus ciudadanos, las potencias se re\u00fanen en Ginebra para reajustar sus posiciones, armar y desarmar a la poblaci\u00f3n a la espera del siguiente movimiento del contrario. Los prorrusos ceden por unos meses, mientras los proeuropeos se retiran de sus posiciones simb\u00f3licas en la plaza de Maidan. La \u201cRealpolitik\u201d en su perverso juego de tronos.<\/p>\n<p>El origen del problema de esta nociva forma de hacer pol\u00edtica de Estados se encuentra en la falta de exigencia democr\u00e1tica que persiste en la comunidad internacional. La imposibilidad de la aplicaci\u00f3n de una justicia universal que sea capaz de sentar a los gobernantes responsables de cr\u00edmenes contra la humanidad acaba por imponer la pol\u00edtica del todo vale y la ley del m\u00e1s fuerte. Perder los principios vuelve a sumir a Europa en intereses particulares y en la defensa de posiciones aislacionistas.\u00a0<strong>Rusia<\/strong>\u00a0y, sobre todo, su desp\u00f3tico presidente, Vladimir<strong>Putin<\/strong>, es perfectamente consciente de las crisis de valores en la que se haya sumida la Uni\u00f3n Europea y la batalla t\u00e1ctica emprendida por libre por la canciller alemana, \u00c1ngela\u00a0<strong>Merkel<\/strong>. No hay casualidades en su posicionamiento violento ante la crisis de Ucrania, como la hubo a la hora de parar los pies en la comunidad internacional a EE.UU. ante una posible intervenci\u00f3n militar en Siria a la vista de los terribles cr\u00edmenes de Estado llevados a cabo por su mandatario Bashar\u00a0<strong>al-Asad<\/strong>. Rusia huele debilidad estrat\u00e9gica en las posiciones que defiende una UE sumisa a los intereses germ\u00e1nicos y un presidente\u00a0<strong>Obama<\/strong>\u00a0ensimismado en sus problemas interiores. Los sue\u00f1os de Putin de reconstrucci\u00f3n imperial de la Rusia de los soviets inspiran una diplomacia con mano de hierro, perfectamente interpretada por su ministro de Exteriores, Sergei\u00a0<strong>Lavrov<\/strong>. Y todo acompa\u00f1ado por un emporio comunicativo al m\u00e1s puro estilo norteamericano, entorno al Russia Today, el medio oficialista que difunde las virtudes rusas en el mundo y ataca certeramente las contradicciones occidentales.<\/p>\n<p>Pero la nueva \u201cRealpolitik\u201d no entiende ya de territorios o escenarios concretos, es sobre todo, una forma de actuar, un desprecio expl\u00edcito por la \u00e9tica en pol\u00edtica. Y sirva como otro ejemplo de la mala praxis que impera en las decisiones de nuestros gobernantes la actitud con que displicentemente han observado la continuidad del r\u00e9gimen argelino del presidente\u00a0<strong>Buteflika<\/strong>. Tras los fracasos sonados de las llamadas \u201cprimaveras \u00e1rabes\u201d, auspiciadas por los gobiernos occidentales a bombo y platillo medi\u00e1tico y conclusos en revoluciones islamistas de corte radical, \u00a0la UE ha observado con acomodo de realismo pol\u00edtico el nuevo triunfo de un jerarca en silla de ruedas, tan envejecido en sus formas como en sus ideas, pero que controla con firmeza el ej\u00e9rcito y sus mandos militares y que ante todo, garantiza los suministros de gas a \u201ccoste razonable\u201d a Europa a trav\u00e9s de\u00a0<strong>Espa\u00f1a<\/strong>. \u00a0Qu\u00e9 pronto nos hemos olvidado de los anhelos democr\u00e1ticos del pueblo argelino cuando a ra\u00edz de la crisis ucraniana lo que est\u00e1 en juego son las importaciones de energ\u00eda a nuestro continente drogodependiente en esta materia b\u00e1sica. Est\u00e1 claro que nuestras conciencias acomodadas delante de un televisor soportan mal el dolor ajeno retransmitido en directo, pero es mucho m\u00e1s sensible a a una buena calefacci\u00f3n cuando el fr\u00edo invierno europeo se instala. Es lo que tiene ser rico y no querer dejar de serlo, que todo lo dem\u00e1s pasa a un plano secundario.<\/p>\n<p>Pudiera parecer que criticar la pragm\u00e1tica pol\u00edtica va contra el inter\u00e9s general de las naciones y los ciudadanos para las que se aplica, pero lo que quiero advertir son las consecuencias de obrar de forma tan cortoplacista y dejando a un lado las verdaderas razones que generan los problemas y los conflictos. Esa suerte de trilerismo pol\u00edtico solo conduce a poner parches que en verdad generan mayor insatisfacci\u00f3n rn los entornos afectados. Olvidar a los agentes implicados en los conflictos y obviarles a la hora de negociar soluciones ha sido durante siglos el proceder de los gobernantes en nuestra vieja Europa y la consecuencia \u00faltima de tal conducta no ha sido otra que una terrible sucesi\u00f3n de guerras fraticidas y campos de batallas sembrados de cad\u00e1veres. Resulta absurdo que a mayor te\u00f3rico grado de madurez del proyecto europeo se est\u00e9 imponiendo la \u201cRealpolitik\u201d de sus Estados miembros. Se supone que avanzar en los grados de consenso pol\u00edtico comunitario deber\u00eda propiciar pol\u00edticas hacia el exterior basadas en los principios de Estado social y de derecho que hemos impuesto como dogma en el interior. Y, sin embargo, lo que nos imponemos como norma en la Uni\u00f3n resulta intrascendente cuando se trata de establecer las relaciones con terceros. Frenar las desatadas ansias expansionistas de un dictador como Putin, parar el genocidio al qu\u00e9 est\u00e1 sometiendo a su pueblo Al-Asad o mandar a la jubilaci\u00f3n pol\u00edtica a un oligarca como Buteflika, son deberes que la UE deber\u00eda imponerse de la misma magnitud que la Uni\u00f3n Bancaria. De otro modo, ni seremos cre\u00edbles en el mundo, ni serviremos como interlocutores fiables y, mucho m\u00e1s importante, los ciudadanos europeos dejaremos de creer en nosotros mismos.<\/p>\n<p><img loading=\"lazy\" decoding=\"async\" alt=\"null\" src=\"http:\/\/i2.cdn.turner.com\/cnn\/dam\/assets\/130606170427-04-putin-horizontal-gallery.jpg\" width=\"448\" height=\"252\" \/><\/p>\n<p>&nbsp;<\/p>\n","protected":false},"excerpt":{"rendered":"<p>Si la pol\u00edtica consiste en el arte de lo posible, parece evidente que en el arranque de este a\u00f1o 2014, ha derivado el axioma hacia el posibilismo m\u00e1s descarnado, hacia su peor forma de pragmatismo. La\u00a0\u201cRealpolitik\u201d, esa pol\u00edtica de la realidad basada\u00a0en intereses pr\u00e1cticos y concretos, sin atender a la teor\u00eda\u00a0o la \u00e9tica\u00a0como elementos \u201cformadores &hellip; <a href=\"https:\/\/blogs.noticiasdenavarra.com\/conacentohispano\/2014\/04\/22\/vivimos-nuevos-tiempos-de-realpolitik\/\" class=\"more-link\">Sigue leyendo <span class=\"screen-reader-text\">Vivimos nuevos tiempos de \u201cRealpolitik\u201d<\/span><\/a><\/p>\n","protected":false},"author":70,"featured_media":0,"comment_status":"open","ping_status":"open","sticky":false,"template":"","format":"standard","meta":{"footnotes":""},"categories":[4],"tags":[2235,471,1847,2249,2250,398,475,2251,411,2252,2239,2253,462,2241,2227,389,2254],"class_list":["post-383","post","type-post","status-publish","format-standard","hentry","category-sin-categoria","tag-al-asad","tag-austria","tag-balcanes","tag-bismarck","tag-buteflika","tag-ee-uu","tag-espana","tag-maquiavelo","tag-merkel","tag-metternich","tag-putin","tag-realpolitik","tag-rusia","tag-siria","tag-ucrania","tag-ue","tag-union-sovietica"],"_links":{"self":[{"href":"https:\/\/blogs.noticiasdenavarra.com\/conacentohispano\/wp-json\/wp\/v2\/posts\/383","targetHints":{"allow":["GET"]}}],"collection":[{"href":"https:\/\/blogs.noticiasdenavarra.com\/conacentohispano\/wp-json\/wp\/v2\/posts"}],"about":[{"href":"https:\/\/blogs.noticiasdenavarra.com\/conacentohispano\/wp-json\/wp\/v2\/types\/post"}],"author":[{"embeddable":true,"href":"https:\/\/blogs.noticiasdenavarra.com\/conacentohispano\/wp-json\/wp\/v2\/users\/70"}],"replies":[{"embeddable":true,"href":"https:\/\/blogs.noticiasdenavarra.com\/conacentohispano\/wp-json\/wp\/v2\/comments?post=383"}],"version-history":[{"count":1,"href":"https:\/\/blogs.noticiasdenavarra.com\/conacentohispano\/wp-json\/wp\/v2\/posts\/383\/revisions"}],"predecessor-version":[{"id":384,"href":"https:\/\/blogs.noticiasdenavarra.com\/conacentohispano\/wp-json\/wp\/v2\/posts\/383\/revisions\/384"}],"wp:attachment":[{"href":"https:\/\/blogs.noticiasdenavarra.com\/conacentohispano\/wp-json\/wp\/v2\/media?parent=383"}],"wp:term":[{"taxonomy":"category","embeddable":true,"href":"https:\/\/blogs.noticiasdenavarra.com\/conacentohispano\/wp-json\/wp\/v2\/categories?post=383"},{"taxonomy":"post_tag","embeddable":true,"href":"https:\/\/blogs.noticiasdenavarra.com\/conacentohispano\/wp-json\/wp\/v2\/tags?post=383"}],"curies":[{"name":"wp","href":"https:\/\/api.w.org\/{rel}","templated":true}]}}