{"id":362,"date":"2014-01-28T12:53:09","date_gmt":"2014-01-28T12:53:09","guid":{"rendered":"http:\/\/blogs.noticiasdenavarra.com\/conacentohispano\/?p=362"},"modified":"2014-01-28T12:53:09","modified_gmt":"2014-01-28T12:53:09","slug":"de-como-crear-empleo-o-de-una-politica-industrial-europea-innovadora","status":"publish","type":"post","link":"https:\/\/blogs.noticiasdenavarra.com\/conacentohispano\/2014\/01\/28\/de-como-crear-empleo-o-de-una-politica-industrial-europea-innovadora\/","title":{"rendered":"De c\u00f3mo crear empleo o de una pol\u00edtica industrial europea innovadora"},"content":{"rendered":"<p>Corre Europa el riesgo cierto de generar crecimiento econ\u00f3mico sin crear empleo, o lo que es lo mismo, puede que la riqueza produzcamos en la UE sirva para abrir la brecha de las desigualdades sociales. Si no somos capaces de atacar los problemas estructurales que afectan a la producci\u00f3n de puestos de trabajo, nos encontraremos en el tiempo con una creciente fuga de cerebros y un empobrecimiento de las clases medias de nuestros pa\u00edses. De ah\u00ed que convenga centrar el an\u00e1lisis en los caladeros de creaci\u00f3n de empleo que hemos de fomentar y cuidar adecuadamente. No es poca al respecto la bibliograf\u00eda que la\u00a0<strong>Comisi\u00f3n Europea<\/strong>\u00a0viene utilizando para entender el comportamiento de los distintos mercados laborales mirados de arriba a abajo y de norte a sur y de sector en sector. De todo ello podemos extraer conclusiones claras, pero de nada servir\u00e1n si los gobiernos nacionales, regionales o locales, empresas grandes, medianas y peque\u00f1as y, sobre todo, cada uno de los ciudadanos europeos, no tomamos conciencia de los pasos que cada uno de nosotros debemos dar para cambiar el modelo de producci\u00f3n que tenemos en la actualidad y que nos lleva a producir m\u00e1s de 26 millones de parados en la UE.<\/p>\n<p>Habr\u00e1 que empezar por decir que lo primero que deber\u00edamos es ponernos de acuerdo en la cifra cierta de desempleados y en la forma en que los contabilizamos. Y puede parecer un tema menor, pero gran parte de la capacidad de competitividad y de la sostenibilidad de nuestro sistema de protecci\u00f3n social, dependen de que acabemos con el fraude laboral, que deviene en fraude fiscal y merma nuestras arcas p\u00fablicas. Creo sinceramente que no es serio computar como parados a aquellos que contestan una encuesta contando en la sociedad de la informaci\u00f3n en la que vivimos con m\u00e9todos tecnol\u00f3gicamente fiables para detectar la realidad de aquellas personas que realmente se encuentran en situaci\u00f3n de buscar un empleo. Solo quien desea trabajar puede considerarse que vive la tragedia de estar parado y solo en esa circunstancia debemos invertir en resolver su problema de forma inmediata. Pero hecha esta previa que considero imprescindible, de lo que se trata es de definir sectores generadores de empleo y din\u00e1micas que los fomentan.<\/p>\n<p>Si acudimos a la clasificaci\u00f3n cl\u00e1sica de los sectores productivos, es evidente que podemos llegar a un consenso claro, el primario tiene muy agotadas sus capacidades de incorporar masa laboral a sus producciones. Agricultura, ganader\u00eda y pesca en la Uni\u00f3n Europea son sectores a preservar por su alto valor identitario y de poblaci\u00f3n rural, as\u00ed como por la transferencia que de conocimiento podamos hacer a pa\u00edses emergentes grandes productores agr\u00edcolas pero con tecnolog\u00eda menos avanzada. Sin embargo, no podemos esperar del campo la aut\u00e9ntica revoluci\u00f3n en forma de puestos de trabajo que requerimos los europeos. El terciario como su nombre indica est\u00e1 para dotar de servicios y dif\u00edcilmente podr\u00e1 hacerlo con una volumen de parados como el que actualmente registramos. Los servicios son directamente proporcionales al resto de los sectores y crecen o decrecen con estos. De ah\u00ed que el enfoque principal deba llevarse a cabo en el secundario, en la industria, que realmente ha sido y seguir\u00e1 siendo el motor de transformaci\u00f3n de la sociedad en al que vivimos. Realmente el problema de nuestras sociedades avanzadas que viven sin duda una tercera revoluci\u00f3n industrial, la de Internet, es que esta nueva fase de producci\u00f3n globalizada a escala mundial, no ha incorporado la mano de obra que las dos anteriores. Es mucho menos intensiva en empleo, o lo que es lo mismo, la innovaci\u00f3n aparenta\u00a0expulsar trabajadores de sus procesos.<\/p>\n<p><img decoding=\"async\" alt=\"null\" src=\"http:\/\/www.innobasque.com\/uploads\/images\/INNOBERRI\/OCTUBRE\/bomb.gif\" \/><\/p>\n<p>Pero si miramos con m\u00e1s detenimiento los datos, la luz que nos aportan habla de que aquellos pa\u00edses que m\u00e1s invierten en innovaci\u00f3n son los que m\u00e1s crecen y los que menos desempleo tienen. Una nueva estrategia europea para acelerar el desarrollo de nuevos productos y servicios y preparar el terreno para m\u00e1s crecimiento y empleo es, pues, imprescindible y no podemos decir que la\u00a0<strong>UE<\/strong>\u00a0no est\u00e9 haciendo los deberes, m\u00e1s all\u00e1 de que la difusi\u00f3n de los programas innovadores est\u00e9 siendo d\u00e9bil. La \u201cUni\u00f3n por la innovaci\u00f3n\u201d, es una iniciativa emblem\u00e1tica de<strong>\u00a0Europa 2020<\/strong>\u00a0y\u00a0tiene por objeto estimular y acelerar la innovaci\u00f3n en Europa, eliminando al mismo tiempo los obst\u00e1culos que impiden que las buenas ideas lleguen al mercado. Este planteamiento incluye la creaci\u00f3n de \u201casociaciones para la innovaci\u00f3n\u201d entre los sectores p\u00fablico y privado que agilicen la llegada de la innovaci\u00f3n al mercado. Con ello se pretende aumentar los fondos destinados a la I+D, mejorar la coordinaci\u00f3n de las inversiones y mantener una normativa actualizada y acorde con las necesidades actuales de la econom\u00eda. Entre los \u00e1mbitos prioritarios en los que la Comisi\u00f3n quiere forjar m\u00e1s alianzas p\u00fablico-privadas se encuentran el cambio clim\u00e1tico, la eficiencia energ\u00e9tica, los estilos de vida saludables, las ciudades inteligentes y la movilidad, el consumo eficiente de agua, las materias primas y la agricultura sostenible. El primer partenariado, que se puso en marcha en 2011, se dedic\u00f3 a impulsar el desarrollo de nuevos productos y servicios que favorezcan el envejecimiento activo y saludable.<\/p>\n<p>Dada la importancia que la investigaci\u00f3n y el desarrollo tienen para la innovaci\u00f3n, la medida pretende tambi\u00e9n reducir las diferencias que separan a Europa de\u00a0<strong>Estados Unidos<\/strong>\u00a0y<strong>\u00a0Jap\u00f3n<\/strong>\u00a0aumentando la inversi\u00f3n en I+D hasta un 3% del PIB. De acuerdo con un reciente estudio, la consecuci\u00f3n de ese objetivo podr\u00eda crear 3,7 millones de puestos de trabajo e incrementar el PIB anual en hasta 795 000 millones de euros. Para ello, se necesitar\u00e1 un mill\u00f3n de investigadores m\u00e1s. La \u201cUni\u00f3n por la innovaci\u00f3n\u201d tambi\u00e9n tratar\u00e1 de mejorar el acceso a la financiaci\u00f3n y a los trabajadores cualificados, reducir la burocracia y lograr que disminuya el coste de patentar nuevas ideas. Las medidas propuestas incluyen, asimismo, indicadores para medir la cuota de empresas de r\u00e1pido crecimiento en la econom\u00eda y un sistema de puntuaci\u00f3n de las universidades. Tambi\u00e9n forma parte de este paquete una serie de propuestas para aumentar las inversiones transfronterizas de capital riesgo.<\/p>\n<p>En suma, si Europa no es capaz de innovar m\u00e1s no ser\u00e1 capaz de liderar los mercados industriales mundiales y con ello la exportaci\u00f3n de bienes de alto valor a\u00f1adido. Y si no vendemos al mundo nuestro conocimiento en forma de procesos industriales nuestras empresas no podr\u00e1n competir con los pa\u00edses emergentes cuyo principal valor actual es un menor coste de mano de obra. No hace falta que os diga lo que suceder\u00e1 si la industria europea pierde esta carrera y menos a\u00fan lo que ser\u00e1 de sus trabajadores si eso ocurre. Paro y m\u00e1s paro. Por eso resulta clave el cambio de mentalidad de todos y ser conscientes que debemos invertir con may\u00fasculas en investigaci\u00f3n e innovaci\u00f3n. O logramos ser excelentes o la vieja Europa se convertir\u00e1 en un escenario de enormes brechas sociales. Que el paisaje sea uno u otro depende a\u00fan de todos nosotros.<\/p>\n<p><img loading=\"lazy\" decoding=\"async\" alt=\"null\" src=\"http:\/\/blogthinkbig.com\/wp-content\/uploads\/2013\/04\/Campus_Madrid-620x413.jpg\" width=\"446\" height=\"297\" \/><\/p>\n","protected":false},"excerpt":{"rendered":"<p>Corre Europa el riesgo cierto de generar crecimiento econ\u00f3mico sin crear empleo, o lo que es lo mismo, puede que la riqueza produzcamos en la UE sirva para abrir la brecha de las desigualdades sociales. Si no somos capaces de atacar los problemas estructurales que afectan a la producci\u00f3n de puestos de trabajo, nos encontraremos &hellip; <a href=\"https:\/\/blogs.noticiasdenavarra.com\/conacentohispano\/2014\/01\/28\/de-como-crear-empleo-o-de-una-politica-industrial-europea-innovadora\/\" class=\"more-link\">Sigue leyendo <span class=\"screen-reader-text\">De c\u00f3mo crear empleo o de una pol\u00edtica industrial europea innovadora<\/span><\/a><\/p>\n","protected":false},"author":70,"featured_media":0,"comment_status":"open","ping_status":"open","sticky":false,"template":"","format":"standard","meta":{"footnotes":""},"categories":[4],"tags":[494,398,2228,1749,389],"class_list":["post-362","post","type-post","status-publish","format-standard","hentry","category-sin-categoria","tag-comision-europea","tag-ee-uu","tag-europa-2020","tag-japon","tag-ue"],"_links":{"self":[{"href":"https:\/\/blogs.noticiasdenavarra.com\/conacentohispano\/wp-json\/wp\/v2\/posts\/362","targetHints":{"allow":["GET"]}}],"collection":[{"href":"https:\/\/blogs.noticiasdenavarra.com\/conacentohispano\/wp-json\/wp\/v2\/posts"}],"about":[{"href":"https:\/\/blogs.noticiasdenavarra.com\/conacentohispano\/wp-json\/wp\/v2\/types\/post"}],"author":[{"embeddable":true,"href":"https:\/\/blogs.noticiasdenavarra.com\/conacentohispano\/wp-json\/wp\/v2\/users\/70"}],"replies":[{"embeddable":true,"href":"https:\/\/blogs.noticiasdenavarra.com\/conacentohispano\/wp-json\/wp\/v2\/comments?post=362"}],"version-history":[{"count":2,"href":"https:\/\/blogs.noticiasdenavarra.com\/conacentohispano\/wp-json\/wp\/v2\/posts\/362\/revisions"}],"predecessor-version":[{"id":364,"href":"https:\/\/blogs.noticiasdenavarra.com\/conacentohispano\/wp-json\/wp\/v2\/posts\/362\/revisions\/364"}],"wp:attachment":[{"href":"https:\/\/blogs.noticiasdenavarra.com\/conacentohispano\/wp-json\/wp\/v2\/media?parent=362"}],"wp:term":[{"taxonomy":"category","embeddable":true,"href":"https:\/\/blogs.noticiasdenavarra.com\/conacentohispano\/wp-json\/wp\/v2\/categories?post=362"},{"taxonomy":"post_tag","embeddable":true,"href":"https:\/\/blogs.noticiasdenavarra.com\/conacentohispano\/wp-json\/wp\/v2\/tags?post=362"}],"curies":[{"name":"wp","href":"https:\/\/api.w.org\/{rel}","templated":true}]}}