{"id":36,"date":"2011-10-21T11:27:57","date_gmt":"2011-10-21T11:27:57","guid":{"rendered":"http:\/\/blogs.noticiasdenavarra.com\/conacentohispano\/?p=36"},"modified":"2011-10-21T11:27:57","modified_gmt":"2011-10-21T11:27:57","slug":"fin-de-eta-el-exito-de-la-sociedad-vasca-y-de-la-democracia-es-la-hora-de-la-politica","status":"publish","type":"post","link":"https:\/\/blogs.noticiasdenavarra.com\/conacentohispano\/2011\/10\/21\/fin-de-eta-el-exito-de-la-sociedad-vasca-y-de-la-democracia-es-la-hora-de-la-politica\/","title":{"rendered":"Fin de ETA: el \u00e9xito de la sociedad vasca y de la Democracia\u2026 es la hora de la Pol\u00edtica"},"content":{"rendered":"<p><strong><a href=\"http:\/\/blogs.noticiasdenavarra.com\/conacentohispano\/files\/2011\/10\/EFE_20111020_191513_PA2289X.jpg\"><img loading=\"lazy\" decoding=\"async\" class=\"alignleft size-medium wp-image-37\" title=\"TERRORISMO ETA\" src=\"http:\/\/blogs.noticiasdenavarra.com\/conacentohispano\/files\/2011\/10\/EFE_20111020_191513_PA2289X-300x172.jpg\" alt=\"\" width=\"300\" height=\"172\" srcset=\"https:\/\/blogs.noticiasdenavarra.com\/conacentohispano\/files\/2011\/10\/EFE_20111020_191513_PA2289X-300x172.jpg 300w, https:\/\/blogs.noticiasdenavarra.com\/conacentohispano\/files\/2011\/10\/EFE_20111020_191513_PA2289X.jpg 750w\" sizes=\"auto, (max-width: 300px) 100vw, 300px\" \/><\/a>ETA <\/strong>ha anunciado el cese definitivo de su actividad armada o lo que es lo mismo, pone fin a m\u00e1s de 50 a\u00f1os de violencia terrorista. Cierto es que ser\u00eda absurdo equiparar la historia de sus acciones durante la dictadura del General <strong>Franco<\/strong>, con las desarrolladas por sus comandos a partir de las primeras elecciones democr\u00e1ticas de 1977 y la posterior aprobaci\u00f3n en refer\u00e9ndum de la Constituci\u00f3n en 1978. Pese a que las v\u00edctimas de los etarras merecen el mismo respeto como seres humanos en una y otra situaci\u00f3n, las circunstancias pol\u00edticas de una dictadura o de una democracia no son equiparables. Pr\u00e1cticamente 35 a\u00f1os de asesinatos sin querer escuchar la voz de los ciudadanos que han clamado una y otra vez por su desaparici\u00f3n que concluye con una aut\u00e9ntica pesadilla sufrida especialmente por la sociedad vasca. Ella es la principal vencedora de esta paz, se la ha ganado a pulso a base de sufrimiento y de coherencia en la defensa de las libertades en sus pueblos, en sus calles. Ha sido el pueblo vasco el que no solo le dio la espalda a ETA sino que se ha enfrentado a su violencia ciega. Primero perdi\u00f3 el apoyo social y despu\u00e9s se fue granjeando su rechazo pr\u00e1cticamente absoluto. Sus banderines de enganche fueron desapareciendo y el apoyo de sus bases pol\u00edticas se fue debilitando hasta volverse finalmente contra ellos mismos.<\/p>\n<p>Es evidente que si el gran vencedor de esta ansiada paz es <strong>Euskadi<\/strong>, la \u00fanica derrotada es ETA. Su actividad salvo dolor no ha producido un s\u00f3lo r\u00e9dito a sus objetivos. Deja tras de s\u00ed a 829 muertos y cerca de 700 activistas presos. Derrotados operativamente gracias a la colaboraci\u00f3n policial de los \u00faltimos a\u00f1os entre <strong>Francia <\/strong>y <strong>Espa\u00f1a<\/strong>. Y derrotados pol\u00edticamente porque sus bases negociadoras no han avanzado ni un mil\u00edmetro en estas d\u00e9cadas, sino todo lo contrario, han supuesto un obst\u00e1culo continuo para el avance de las leg\u00edtimas reivindicaciones del nacionalismo vasco democr\u00e1tico. Tanto es as\u00ed que su anuncio pese a la alegr\u00eda que ha producido en la sociedad vasca y en la espa\u00f1ola, es una noticia descontada, dado que en los \u00faltimos a\u00f1os salvo comunicados que demostraban su extrema debilidad apenas ha tenido protagonismo en la vida ciudadana. Un simple dato avala esta afirmaci\u00f3n: ETA en todas las encuestas de opini\u00f3n del CIS de los \u00faltimos veinte a\u00f1os era el principal problema para los espa\u00f1oles. Este a\u00f1o 2011 ha pasado a ser el cuarto problema a enorme distancia de los tres primeros que se centran en la grave situaci\u00f3n econ\u00f3mica que atraviesa Espa\u00f1a. En una palabra, ETA ha dejado de importarle a la gente.<\/p>\n<p>Poco m\u00e1s an\u00e1lisis a pasado merece la noticia del final de ETA. Pero, sin embargo, hoy se abre un periodo clave a futuro donde la Pol\u00edtica \u2013 con may\u00fasculas \u2013 deber\u00eda ocupar el espacio principal. Pensar que aqu\u00ed se ha acabado todo es simplemente rid\u00edculo. M\u00e1s bien hemos de tener la actitud de que todo empieza ahora porque ante todo es el momento de la reconciliaci\u00f3n. Una sociedad que ha sufrido cuatro d\u00e9cadas de esquizofrenia violenta necesita inteligencia pol\u00edtica para cerrar heridas. Empezando por las familias v\u00edctimas del proceso, por supuesto, primero de aquellos que han perdido a sus seres queridos y despu\u00e9s, ineludiblemente las de los presos que a\u00fan sufren el castigo de hijos o hermanos. Solicitar el perd\u00f3n de las v\u00edctimas y acercar o reinsertar a los presos, son trabajos b\u00e1sicos e iniciales para consolidar la paz. Si una de las claves que ha hecho posible la victoria sobre ETA ha sido minimizar al m\u00e1ximo que los grupos pol\u00edticos buscaran rentabilidad de la utilizaci\u00f3n electoral del terrorismo, es trascendental que ahora evitemos la dial\u00e9ctica de vencedores y vencidos. Ya no se trata de derrotar a nadie, se trata de favorecer la convivencia y de enterrar en el olvido la din\u00e1mica del dolor. Algo que requiere generosidad mutua y discrecci\u00f3n en los di\u00e1logos y decisiones pol\u00edticas.<\/p>\n<p>El principal problema que puede encontrar el proceso de reconciliaci\u00f3n tiene que ver con el choque de percepciones y opiniones que sobre el final de ETA se tiene en Euskadi y en el Estado espa\u00f1ol. Mientras que la sociedad vasca en su gran mayor\u00eda ser\u00e1 partidaria, una vez acabada la actividad terrorista, de resolver el tema de los presos en plazos razonablemente cortos, la sociedad espa\u00f1ola que se considera vencedora tambi\u00e9n en una abrumadora mayor\u00eda es partidaria de que los terroristas encarcelados cumplan sus penas \u00edntegramente. Este choque de trenes entre dos planteamientos tan opuestos podr\u00eda politizarse por los extremos, tanto por la izquierda abertzale como por la derecha m\u00e1s extrema del Partido Popular. <strong>PP <\/strong>que dadas las encuestas que se manejan ante las elecciones generales del pr\u00f3ximo 20 N ser\u00e1 el partido sobre el que recaer\u00e1 la responsabilidad de gestionar pol\u00edticamente el escenario post-ETA. Su l\u00edder Mariano <strong>Rajoy <\/strong>tendr\u00e1 que echar mano de toda su maestr\u00eda negociadora y de sus capacidades de generar moderaci\u00f3n para desviar la atenci\u00f3n del debate pol\u00edtico del proceso de reconciliaci\u00f3n. Puede resultar muy positivo que el <strong>PSOE <\/strong>que ha hecho posible desde su acci\u00f3n de gobierno este cese definitivo del terrorismo de ETA, deje paso al PP, cuyas posiciones han sido siempre las m\u00e1s duras en la lucha antiterrorista, para que se implique en la consecuci\u00f3n efectiva de la paz social.<\/p>\n<p>Pero la desaparici\u00f3n de ETA tambi\u00e9n modifica sustancialmente el panorama pol\u00edtico vasco y el conjunto de reivindicaciones pol\u00edticas de sus formaciones. Este reposicionamiento afecta de manera especial a los partidos abertzales \u2013 nacionalistas vascos -, en primer lugar al <strong>PNV <\/strong>\u2013 Partido Nacionalista Vasco \u2013 cuya hoja de ruta puede verse afectada por la presi\u00f3n que ejerza la Izquierda Abertzale en sus pretensiones independentistas. Ambas formaciones optan a liderar a la sociedad vasca tras la desaparici\u00f3n de ETA, con un objetivo final id\u00e9ntico, la soberan\u00eda e idenpendencia de los Estados espa\u00f1ol y franc\u00e9s de Euskal Herr\u00eda, pero con modelos de sociedad muy dispares. El primer test menor de este pulso tendr\u00e1 lugar el 20 N, pero el gran enfrentamiento tendr\u00e1 lugar el a\u00f1o 2013 en las pr\u00f3ximas elecciones auton\u00f3micas vascas \u2013 de no producirse adelanto -. Al otro lado, entre las formaciones espa\u00f1olistas, el PSE que actualmente ocupa la lehendakaritza del gobierno vasco, problamente sea la fuerza pol\u00edtica inicialmente m\u00e1s descolocada en el nuevo escenario. Est\u00e1 muy debilitado por el desgaste del Ejecutivo Zapatero y la acci\u00f3n de gobierno del lehendakari <strong>L\u00f3pez <\/strong>tambi\u00e9n se halla en horas muy bajas de popularidad. Por contra el Partido Popular vasco se perfila como el principal defensor de las posiciones espa\u00f1olas en Euskadi aspirando a frenar una mayor\u00eda absoluta de fuerzas nacionalistas y probablemente a la par obligado a tender puentes de entendimiento con el PNV, tanto en Madrid como en Vitoria.<\/p>\n<p>Queda mucho por hacer para que todos podamos vivir pasando p\u00e1gina y olvidando la pesadilla terrorista. Pero lo m\u00e1s importante que ten\u00eda que ocurrir, ha ocurrido: ETA ha dejado de matar. Ahora todo es posible en una sociedad libre y en paz, dependemos solo de la buena voluntad y de la inteligencia de todos. El camino a emprender por los vascos ya solo depende de su decisi\u00f3n, tienen derecho a decidir su futuro y deben poder ejercerlo en paz y libertad. Cualquier decisi\u00f3n democr\u00e1tica que tomen a partir de ahora los vascos ya no tiene en el terrorismo un obst\u00e1culo que justifique frenazos a la voluntad popular. Euskadi deber\u00e1 ser a partir de ahora lo vasca, espa\u00f1ola o francesa que quieran sus ciudadanos. Ha llegado el momento de hacer pol\u00edtica y, por tanto, de que todo el mundo pueda ejercer sus derechos pol\u00edticos sin exclusiones legales. En este nuevo tiempo no tienen sentido las ilegalizaciones, el pueblo vasco debe tener libertad para escoger sus opciones. Pero todo esto ser\u00e1 ma\u00f1ana, hoy solo nos queda decir Zorionak Euskadi, felicidades Euskadi.<\/p>\n","protected":false},"excerpt":{"rendered":"<p>ETA ha anunciado el cese definitivo de su actividad armada o lo que es lo mismo, pone fin a m\u00e1s de 50 a\u00f1os de violencia terrorista. Cierto es que ser\u00eda absurdo equiparar la historia de sus acciones durante la dictadura del General Franco, con las desarrolladas por sus comandos a partir de las primeras elecciones &hellip; <a href=\"https:\/\/blogs.noticiasdenavarra.com\/conacentohispano\/2011\/10\/21\/fin-de-eta-el-exito-de-la-sociedad-vasca-y-de-la-democracia-es-la-hora-de-la-politica\/\" class=\"more-link\">Sigue leyendo <span class=\"screen-reader-text\">Fin de ETA: el \u00e9xito de la sociedad vasca y de la Democracia\u2026 es la hora de la Pol\u00edtica<\/span><\/a><\/p>\n","protected":false},"author":70,"featured_media":0,"comment_status":"open","ping_status":"open","sticky":false,"template":"","format":"standard","meta":{"footnotes":""},"categories":[4],"tags":[],"class_list":["post-36","post","type-post","status-publish","format-standard","hentry","category-sin-categoria"],"_links":{"self":[{"href":"https:\/\/blogs.noticiasdenavarra.com\/conacentohispano\/wp-json\/wp\/v2\/posts\/36","targetHints":{"allow":["GET"]}}],"collection":[{"href":"https:\/\/blogs.noticiasdenavarra.com\/conacentohispano\/wp-json\/wp\/v2\/posts"}],"about":[{"href":"https:\/\/blogs.noticiasdenavarra.com\/conacentohispano\/wp-json\/wp\/v2\/types\/post"}],"author":[{"embeddable":true,"href":"https:\/\/blogs.noticiasdenavarra.com\/conacentohispano\/wp-json\/wp\/v2\/users\/70"}],"replies":[{"embeddable":true,"href":"https:\/\/blogs.noticiasdenavarra.com\/conacentohispano\/wp-json\/wp\/v2\/comments?post=36"}],"version-history":[{"count":1,"href":"https:\/\/blogs.noticiasdenavarra.com\/conacentohispano\/wp-json\/wp\/v2\/posts\/36\/revisions"}],"predecessor-version":[{"id":38,"href":"https:\/\/blogs.noticiasdenavarra.com\/conacentohispano\/wp-json\/wp\/v2\/posts\/36\/revisions\/38"}],"wp:attachment":[{"href":"https:\/\/blogs.noticiasdenavarra.com\/conacentohispano\/wp-json\/wp\/v2\/media?parent=36"}],"wp:term":[{"taxonomy":"category","embeddable":true,"href":"https:\/\/blogs.noticiasdenavarra.com\/conacentohispano\/wp-json\/wp\/v2\/categories?post=36"},{"taxonomy":"post_tag","embeddable":true,"href":"https:\/\/blogs.noticiasdenavarra.com\/conacentohispano\/wp-json\/wp\/v2\/tags?post=36"}],"curies":[{"name":"wp","href":"https:\/\/api.w.org\/{rel}","templated":true}]}}