{"id":340,"date":"2013-10-27T18:27:32","date_gmt":"2013-10-27T18:27:32","guid":{"rendered":"http:\/\/blogs.noticiasdenavarra.com\/conacentohispano\/?p=340"},"modified":"2013-10-27T18:27:32","modified_gmt":"2013-10-27T18:27:32","slug":"europa-dice-adios-a-la-recesion-pero-no-sabe-dar-la-bienvenida-a-la-recuperacion","status":"publish","type":"post","link":"https:\/\/blogs.noticiasdenavarra.com\/conacentohispano\/2013\/10\/27\/europa-dice-adios-a-la-recesion-pero-no-sabe-dar-la-bienvenida-a-la-recuperacion\/","title":{"rendered":"Europa dice adi\u00f3s a la recesi\u00f3n pero no sabe dar la bienvenida a la recuperaci\u00f3n"},"content":{"rendered":"<p>El\u00a0<strong>Consejo Europeo<\/strong>\u00a0de oto\u00f1o ha visualizado una especie de\u00a0<em>stand by<\/em>\u00a0en la pol\u00edtica comunitaria. Por una lado ha servido para oficializar la salida de la recesi\u00f3n de la zona euro, a la vez que los jefes de gobierno de los 28 daban claras muestras de ser hoy por hoy incapaces de poner en marcha un plan de recuperaci\u00f3n que introduzca a la\u00a0<strong>UE<\/strong>\u00a0de nuevo en la senda del crecimiento econ\u00f3mico sostenido. Tal vez por ello han dedicado su doble jornada en Bruselas a cuchichear sobre los chismorreos que el espionaje desleal de\u00a0<strong>EE.UU.<\/strong>\u00a0para con su aliados puede contener.\u00a0<strong>Merkel<\/strong>, la \u00fanica l\u00edder europea que ha superado la revalida de las urnas de la crisis en las recientes elecciones alemanas, se ha encargado de interpretar el papel de la indignada oficial. Dado que no tenemos nada que ofrecer a nuestros ciudadanos, aunque todos somos conscientes de la existencia de la \u201cinteligencia cloaquera\u201d de los Estados, nos hacemos los ofendidos para pasar p\u00e1gina hasta que se nos ocurra algo que hacer con los millones de parados que Europa acumula. En todo caso, ha quedado evidenciado que el calendario 2014 marca par\u00f3n en la construcci\u00f3n europea. Primero porque todo est\u00e1 pendiente del nuevo examen a las entidades bancarias para saber si el sistema financiero europeo est\u00e1 definitivamente sano y, en segundo lugar, porque las elecciones europeas del pr\u00f3ximo mayo se acercan con un mar de inc\u00f3gnitas a su alrededor.<\/p>\n<p>En la antesala del Consejo Europeo nos encontramos con las voces y los sus ecos de diversos entusiastas de la supuesta recuperaci\u00f3n econ\u00f3mica. Emilio<strong>Bot\u00edn<\/strong>, presidente del Banco Santander hablaba desde Nueva York del \u201cmomento fant\u00e1stico que vive\u00a0<strong>Espa\u00f1a<\/strong>, porque todo el mundo tiene inter\u00e9s de invertir en Espa\u00f1a y llega dinero de todas partes\u201d. Es evidente que el banquero ve la realidad desde su particular prisma de rico muy rico, de forma muy similar a cuando en 2009 ante los primeros s\u00edntomas de la crisis, la defini\u00f3 como \u201cun catarro pasajero como el pasan los ni\u00f1os\u201d. Lo que para Bot\u00edn es inversi\u00f3n, para muchos otros no es m\u00e1s que especulaci\u00f3n y buitreo sobre activos a precio de saldos. Es una cuesti\u00f3n de apreciaci\u00f3n de la realidad o lo que es lo mismo de como le va el baile a cada uno. A unos pocos esta crisis les ha servido para enriquecerse m\u00e1s aun de lo que lo estaban antes de producirse y a muchos para empobrecerse, ensanch\u00e1ndose la brecha de desigualdad. Conviene recordar que el propio Bot\u00edn hace escasos cinco a\u00f1os se vio afectado por la bancarrota de\u00a0<strong>Lehman Brothers<\/strong>,\u00a0hasta septiembre de 2008 el cuarto mayor banco de inversi\u00f3n de Estados Unidos, y el fraude de m\u00e1s de 50.000 millones de d\u00f3lares de Bernard<strong>Madoff<\/strong>\u00a0han sido \u201cdos de los m\u00e1ximos exponentes\u201d de la crisis financiera, seg\u00fan la<strong>CNMV<\/strong>. La quiebra de Lehman Brothers tuvo un \u201cimportante\u201d alcance en Espa\u00f1a, al afectar a m\u00e1s de 11.000 clientes por un importe total de 1.148 millones de euros. La Comisi\u00f3n Nacional del Mercado de Valores (CNMV) ha revelado los datos ofrecidos por 20 entidades de cr\u00e9dito sobre el impacto de la quiebra del gigante financiero estadounidense. El 75% del importe total fue comercializado por cinco entidades y se refer\u00eda a 314 emisiones. Los inversores afectados presentaron 733 reclamaciones entre septiembre y diciembre de 2008. Adem\u00e1s, el hundimiento del banco de inversi\u00f3n afect\u00f3 a 459 instituciones de inversi\u00f3n colectiva (IIC) que ten\u00edan inversiones por 300 millones de euros en deuda y acciones de la entidad, un 0,13% del patrimonio gestionado. El hundimiento del banco se sum\u00f3 a la estafa de Madoff en los resultados del\u00a0<strong>Santander<\/strong>. El agujero\u00a0de m\u00e1s de 400 millones de euros provocado en\u00a0<strong>Banif<\/strong>, la filial bancaria para grandes patrimonios del Santander, hizo que la entidad saliese al rescate ofreciendo a sus clientes acciones preferentes. No hace falta a\u00f1adir la suerte que han corrido muchos de los inversores de estas tipo de veh\u00edculos financieros.<\/p>\n<p><img loading=\"lazy\" decoding=\"async\" alt=\"null\" src=\"http:\/\/www.inmigracionclandestina.eu\/wp-content\/uploads\/2013\/10\/JAI.-Reuni%C3%B3n-Octubre-2013.jpg\" width=\"447\" height=\"299\" \/><\/p>\n<p>Pero a la par que nuestro principal banquero y el propio Banco de Espa\u00f1a confirmaban que dej\u00e1bamos atr\u00e1s la recesi\u00f3n macroecon\u00f3mica,\u00a0<strong>C\u00e1ritas<\/strong>\u00a0se encargaba de aportar la otra cara de la realidad. Su informe del Observatorio de la Realidad Social pegado al terreno nos dejaba las siguientes conclusiones: 1.-\u00a0Nuestro modelo econ\u00f3mico se caracteriza por el\u00a0<strong>comportamiento \u201ccontrac\u00edclico\u201d de la desigualdad<\/strong>\u00a0en la renta, que aumenta en etapas de recesi\u00f3n, pero que no reduce las diferencias cuando se registra expansi\u00f3n econ\u00f3mica.\u00a02.\u00a0En los \u00faltimos a\u00f1os se ha producido un\u00a0<strong>descenso de la renta media<\/strong>, lo que supone un proceso de empobrecimiento de nuestra sociedad, que afecta especialmente a las personas y familias m\u00e1s vulnerables.\u00a03.\u00a0La<strong>pobreza severa<\/strong>\u00a0(con menos de 307 \u20ac al mes)\u00a0<strong>alcanza ya a 3 millones de personas<\/strong>, el doble de los que estaban en esta situaci\u00f3n antes de la crisis.\u00a04.<strong>Asistimos al aumento de la\u00a0<em>cronicidad<\/em><\/strong>, constatado en el incremento de los parados de larga duraci\u00f3n, especialmente el grupo de mayores de 50 a\u00f1os, y en el hecho de que una de cada tres personas atendidas en C\u00e1ritas lleva m\u00e1s de tres a\u00f1os demandando ayuda. Esta situaci\u00f3n afecta tambi\u00e9n a las relaciones sociales y al horizonte vital de las personas.\u00a05.\u00a0<strong>Se incrementa la desigualdad en Espa\u00f1a, con el valor m\u00e1s elevado de toda Europa<\/strong>: el 20% de la poblaci\u00f3n m\u00e1s rica concentra 7,5 m\u00e1s riqueza que el 20% m\u00e1s pobre.\u00a06.\u00a0Est\u00e1 tendencia corre el riesgo de verse incrementada por el\u00a0<strong>elevado nivel de desempleo<\/strong>; la\u00a0<strong>p\u00e9rdida de capacidad adquisitiva de la poblaci\u00f3n<\/strong>\u00a0(descenso de la renta media desde 2007 en torno a un 4% y aumento de los precios en torno al 10%); y el\u00a0<strong>debilitamiento de las pol\u00edticas sociales<\/strong>\u00a0y el\u00a0<strong>recorte progresivo de derechos<\/strong>.\u00a07.\u00a0<strong>Existen necesidades b\u00e1sicas<\/strong>\u00a0(alimentaci\u00f3n, gastos relativos a la vivienda, ropa y calzado\u2026)\u00a0<strong>que no est\u00e1n cubiertas\u00a0<\/strong>desde nuestro modelo de bienestar.\u00a08.Aquellas personas cuya situaci\u00f3n les impide cubrir por sus propios medios estas necesidades, se ven obligadas a\u00a0<strong>acudir a la familia o a entidades sociales\u00a0<\/strong>de car\u00e1cter privado en busca de ayuda.\u00a09.\u00a0Asistimos al riesgo de<strong>desbordamiento de la funci\u00f3n protectora de la red familiar<\/strong>, que sigue siendo la primera estrategia de supervivencia para hacer frente al impacto de la crisis.\u00a010.\u00a0<strong>La desprotecci\u00f3n social de las personas y familias m\u00e1s vulnerables est\u00e1 agravada<\/strong>\u00a0al restringirse las condiciones de acceso a derechos como la sanidad, la educaci\u00f3n, los servicios sociales y la dependencia.\u00a011.\u00a0Diversos\u00a0<strong>cambios en las pol\u00edticas sociales tienen consecuencias negativas directas<\/strong>\u00a0sobre las personas m\u00e1s vulnerables, como el cambio en el sistema de prestaciones sanitarias y grado de cobertura, la modificaci\u00f3n de los requerimientos administrativos para el acceso a las prestaciones, o la dif\u00edcil adaptaci\u00f3n de los servicios sociales a las nuevas realidades que ofrece la coyuntura de crisis.\u00a012.\u00a0Aunque los primeros efectos de la crisis econ\u00f3mica se amortiguaron por las prestaciones por desempleo y el apoyo de las familias, el agotamiento de las ayudas econ\u00f3micas, la prolongaci\u00f3n de las situaciones de desempleo, las pol\u00edticas de ajuste y sus recortes, unido a las dificultades en las familias, han creado un caldo de cultivo para la\u00a0<strong>irrupci\u00f3n de una segunda oleada de empobrecimiento y exclusi\u00f3n social con efectos m\u00e1s intensos<\/strong>.\u00a013.Desde que se inici\u00f3 la crisis,\u00a0<strong>C\u00e1ritas ha triplicado tanto el n\u00famero de personas atendidas<\/strong>, hasta alcanzar la cifra de 1.300.914 personas en el a\u00f1o 2012,\u00a0<strong>como el volumen de recursos destinados a ayudas econ\u00f3micas directas a las familias<\/strong>, que fueron de 44 millones de euros el a\u00f1o pasado.14.\u00a0Respecto al\u00a0<strong>perfil de las personas acompa\u00f1adas en C\u00e1ritas<\/strong>, las<strong>mujeres<\/strong>\u00a0siguen siendo el rostro m\u00e1s visible de las situaciones de pobreza y exclusi\u00f3n. Se registra, adem\u00e1s, un elevado n\u00famero de desempleados, que han pasado de ser \u201crecientes\u201d \u2013al inicio de la crisis\u2013 a ser de larga duraci\u00f3n en este momento de consolidaci\u00f3n de la estructura, as\u00ed como los casos de parejas j\u00f3venes (de entre 20 y 40 a\u00f1os de edad) con hijos, la mujeres solas con familiares a su cargo, las personas donde la intensidad laboral del hogar es muy baja y los ciudadanos extracomunitarios.<\/p>\n<p>Ante una realidad tan tremenda y descarnada la UE se ha dado un respiro en su incansable trabajo en pro de la estabilidad de los que m\u00e1s tienen. Agotada en su ingente tarea de asegurar el sistema que nos ha metido en esta injusta crisis, una vez que ha garantizado los beneficios de la banca, ha decidido tomarse un descanso antes de ponerse a pensar en el problema diario de millones de familias que no tiene dinero para llegar a final de mes. Son los mismos gobernantes que se enfrentan asustados al vaticinio de las elecciones europeas, cuyos sondeos predicen un incremento desorbitado de las opciones antieuropistas, encabezados por partidos de ultraderecha, xen\u00f3fobos, antisistemas y fuertemente localistas. La ruptura del bipartidismo europeo que rige el continente desde el final de la II Guerra Mundial podr\u00eda producirse en menos de 8 meses y lo puede hacer en los comicios de m\u00e1s trascendencia desde el Tratado de Roma. La euroc\u00e1mara que elegiremos en mayo ser\u00e1 la responsable directa a su vez de nombrar al presidente de la Comisi\u00f3n Europea y a todo el colegio de comisarios. Curiosa paradoja de la democracia que puede conceder a las minor\u00edas de bloqueo el privilegio de decidir el futuro de la Uni\u00f3n. Sin un plan espec\u00edfico y urgente de reactivaci\u00f3n de la actividad econ\u00f3mica y de fomento del empleo desde presupuestos p\u00fablicos, resultar\u00e1 muy dif\u00edcil convencer a los europeos de que lo que hemos logrado entorno a la UE es algo m\u00e1s que lo que fue la Europa de los mercaderes y hoy lo es de los banqueros. Y en ese escenario nadie puede negarle a los ciudadanos su sagrado derecho de elegir la seguridad del voto en aquellos que dicen defender sus intereses particulares con m\u00e1s firmeza y cercan\u00eda. El proyecto europeo no puede seguir sosteni\u00e9ndose en el v\u00e9rtigo de los riesgos de ruptura del pasado y en la utop\u00eda ilusoria de los padres de Europa. Debe recuperar su capacidad pragm\u00e1tica de conceder bienestar a las personas por integrarse en un proyecto colectivo. Ha de ser capaz de demostrar que sumando ganamos todos y tiene que empezar por ayudar a los que m\u00e1s lo est\u00e1n necesitando dentro y en los l\u00edmites de sus fronteras. Tragedias como las de\u00a0<strong>Lampedusa<\/strong>\u00a0e informes como el de C\u00e1ritas son torpedos en la l\u00ednea de flotaci\u00f3n de la Uni\u00f3n Europea.<\/p>\n<p><img loading=\"lazy\" decoding=\"async\" alt=\"null\" src=\"http:\/\/www.lostiempos.com\/diario\/actualidad\/internacional\/20131006\/media_recortes\/2013\/10\/05\/499246_gd.jpg\" width=\"459\" height=\"306\" \/><\/p>\n","protected":false},"excerpt":{"rendered":"<p>El\u00a0Consejo Europeo\u00a0de oto\u00f1o ha visualizado una especie de\u00a0stand by\u00a0en la pol\u00edtica comunitaria. Por una lado ha servido para oficializar la salida de la recesi\u00f3n de la zona euro, a la vez que los jefes de gobierno de los 28 daban claras muestras de ser hoy por hoy incapaces de poner en marcha un plan de &hellip; <a href=\"https:\/\/blogs.noticiasdenavarra.com\/conacentohispano\/2013\/10\/27\/europa-dice-adios-a-la-recesion-pero-no-sabe-dar-la-bienvenida-a-la-recuperacion\/\" class=\"more-link\">Sigue leyendo <span class=\"screen-reader-text\">Europa dice adi\u00f3s a la recesi\u00f3n pero no sabe dar la bienvenida a la recuperaci\u00f3n<\/span><\/a><\/p>\n","protected":false},"author":70,"featured_media":0,"comment_status":"open","ping_status":"open","sticky":false,"template":"","format":"standard","meta":{"footnotes":""},"categories":[4],"tags":[1892,1893,1894,1895,547,398,475,1896,518,1897,411,1898,389],"class_list":["post-340","post","type-post","status-publish","format-standard","hentry","category-sin-categoria","tag-banif","tag-botin","tag-caritas","tag-cnmv","tag-consejo-europeo","tag-ee-uu","tag-espana","tag-lampedusa","tag-lehman-brothers","tag-madoff","tag-merkel","tag-santander","tag-ue"],"_links":{"self":[{"href":"https:\/\/blogs.noticiasdenavarra.com\/conacentohispano\/wp-json\/wp\/v2\/posts\/340","targetHints":{"allow":["GET"]}}],"collection":[{"href":"https:\/\/blogs.noticiasdenavarra.com\/conacentohispano\/wp-json\/wp\/v2\/posts"}],"about":[{"href":"https:\/\/blogs.noticiasdenavarra.com\/conacentohispano\/wp-json\/wp\/v2\/types\/post"}],"author":[{"embeddable":true,"href":"https:\/\/blogs.noticiasdenavarra.com\/conacentohispano\/wp-json\/wp\/v2\/users\/70"}],"replies":[{"embeddable":true,"href":"https:\/\/blogs.noticiasdenavarra.com\/conacentohispano\/wp-json\/wp\/v2\/comments?post=340"}],"version-history":[{"count":2,"href":"https:\/\/blogs.noticiasdenavarra.com\/conacentohispano\/wp-json\/wp\/v2\/posts\/340\/revisions"}],"predecessor-version":[{"id":342,"href":"https:\/\/blogs.noticiasdenavarra.com\/conacentohispano\/wp-json\/wp\/v2\/posts\/340\/revisions\/342"}],"wp:attachment":[{"href":"https:\/\/blogs.noticiasdenavarra.com\/conacentohispano\/wp-json\/wp\/v2\/media?parent=340"}],"wp:term":[{"taxonomy":"category","embeddable":true,"href":"https:\/\/blogs.noticiasdenavarra.com\/conacentohispano\/wp-json\/wp\/v2\/categories?post=340"},{"taxonomy":"post_tag","embeddable":true,"href":"https:\/\/blogs.noticiasdenavarra.com\/conacentohispano\/wp-json\/wp\/v2\/tags?post=340"}],"curies":[{"name":"wp","href":"https:\/\/api.w.org\/{rel}","templated":true}]}}